{"id":1016,"date":"2025-08-22T16:15:00","date_gmt":"2025-08-22T14:15:00","guid":{"rendered":"https:\/\/lesexplorateurscatalans.fr\/?p=1016"},"modified":"2025-08-22T17:08:39","modified_gmt":"2025-08-22T15:08:39","slug":"dans-les-entrailles-de-la-montagne-la-visite-des-caves-de-roquefort-papillon","status":"publish","type":"post","link":"https:\/\/lesexplorateurscatalans.fr\/index.php\/2025\/08\/22\/dans-les-entrailles-de-la-montagne-la-visite-des-caves-de-roquefort-papillon\/","title":{"rendered":"Dans les entrailles de la montagne : la visite des caves de Roquefort Papillon"},"content":{"rendered":"\n<p>Arriver \u00e0 Roquefort-sur-Soulzon, c\u2019est p\u00e9n\u00e9trer dans un village o\u00f9 tout respire le fromage. Les fa\u00e7ades anciennes rappellent l\u2019histoire de ce terroir unique, les boutiques regorgent de sp\u00e9cialit\u00e9s locales, et la silhouette imposante du Combalou domine le paysage. C\u2019est dans les profondeurs de cette montagne que se cachent les caves de la maison <strong>Papillon<\/strong>, un v\u00e9ritable sanctuaire du Roquefort.<\/p>\n\n\n\n<h3 class=\"wp-block-heading\">Un univers souterrain hors du temps<\/h3>\n\n\n\n<p>Derri\u00e8re une lourde porte, la temp\u00e9rature chute brusquement : douze degr\u00e9s constants, \u00e9t\u00e9 comme hiver. L\u2019air circule gr\u00e2ce aux \u201cfleurines\u201d, ces fissures naturelles dans la roche qui assurent un \u00e9quilibre parfait d\u2019humidit\u00e9 et de fra\u00eecheur. Ce souffle invisible de la montagne cr\u00e9e un microclimat propice \u00e0 l\u2019affinage du Roquefort, inchang\u00e9 depuis des si\u00e8cles.<\/p>\n\n\n\n<h3 class=\"wp-block-heading\">Le spectacle silencieux de l\u2019affinage<\/h3>\n\n\n\n<p>Dans la p\u00e9nombre des galeries, des milliers de fromages reposent sur des planches de bois. Leur cro\u00fbte s\u2019assombrit doucement tandis qu\u2019au c\u0153ur de la p\u00e2te, le <strong>Penicillium Roqueforti<\/strong> d\u00e9ploie ses veines bleut\u00e9es. Cette moisissure noble, d\u00e9couverte dans ces caves m\u00eames, transforme peu \u00e0 peu le fromage en une \u0153uvre vivante, r\u00e9sultat d\u2019un \u00e9quilibre subtil entre nature et savoir-faire humain.<\/p>\n\n\n\n<h3 class=\"wp-block-heading\">H\u00e9ritage et savoir-faire<\/h3>\n\n\n\n<p>Depuis sa fondation en 1906, la maison Papillon cultive une exigence immuable. Le lait provient exclusivement des brebis de race Lacaune, \u00e9lev\u00e9es sur les plateaux environnants. Chaque meule est sal\u00e9e, perc\u00e9e, soign\u00e9e \u00e0 la main, comme autrefois. Ici, le temps ne se mesure pas en heures mais en mois, au rythme lent de l\u2019affinage. Les gestes r\u00e9p\u00e9t\u00e9s de g\u00e9n\u00e9ration en g\u00e9n\u00e9ration incarnent un savoir-faire qui d\u00e9fie la modernit\u00e9.<\/p>\n\n\n\n<h3 class=\"wp-block-heading\">La d\u00e9gustation, point d\u2019orgue de la visite<\/h3>\n\n\n\n<p>Apr\u00e8s l\u2019obscurit\u00e9 des caves vient la lumi\u00e8re d\u2019une salle conviviale, o\u00f9 les papilles prennent le relais des yeux. Diff\u00e9rentes vari\u00e9t\u00e9s de Roquefort Papillon se d\u00e9voilent : le plus jeune, doux et cr\u00e9meux, s\u00e9duit par ses notes lact\u00e9es ; le plus affirm\u00e9 d\u00e9voile une puissance saline et aromatique ; le plus cors\u00e9, affin\u00e9 plus longuement, impose sa personnalit\u00e9 avec une intensit\u00e9 m\u00e9morable. Associ\u00e9 \u00e0 un vin blanc moelleux, le contraste r\u00e9v\u00e8le toute la richesse de ce fromage d\u2019exception.<\/p>\n\n\n\n<h3 class=\"wp-block-heading\">Une immersion dans le patrimoine vivant<\/h3>\n\n\n\n<p>La visite des caves Papillon n\u2019est pas seulement une d\u00e9couverte gastronomique, mais une plong\u00e9e dans l\u2019\u00e2me d\u2019un territoire. Entre l\u2019histoire g\u00e9ologique du Combalou, le travail passionn\u00e9 des affineurs et l\u2019\u00e9motion de la d\u00e9gustation, l\u2019exp\u00e9rience reste grav\u00e9e dans la m\u00e9moire.<br>Le Roquefort n\u2019est pas seulement un fromage : c\u2019est une culture, une fiert\u00e9, et un h\u00e9ritage que l\u2019on savoure \u00e0 chaque bouch\u00e9e.<\/p>\n\n\n\n<p>Plus d&rsquo;info : <a href=\"https:\/\/www.roquefort-papillon.com\/visite-des-caves-roquefort-papillon\/\" target=\"_blank\" rel=\"noreferrer noopener\">Visiter les caves Papillons <\/a><\/p>\n\n\n\n\n\n<hr class=\"wp-block-separator has-alpha-channel-opacity\"\/>\n\n\n\n<figure class=\"wp-block-gallery has-nested-images columns-default is-cropped wp-block-gallery-1 is-layout-flex wp-block-gallery-is-layout-flex\">\n<figure class=\"wp-block-image size-large\"><img loading=\"lazy\" decoding=\"async\" width=\"768\" height=\"1024\" data-id=\"1021\" src=\"https:\/\/lesexplorateurscatalans.fr\/wp-content\/uploads\/2025\/08\/IMG_7489-768x1024.jpeg\" alt=\"\" class=\"wp-image-1021\" srcset=\"https:\/\/lesexplorateurscatalans.fr\/wp-content\/uploads\/2025\/08\/IMG_7489-768x1024.jpeg 768w, https:\/\/lesexplorateurscatalans.fr\/wp-content\/uploads\/2025\/08\/IMG_7489-225x300.jpeg 225w, https:\/\/lesexplorateurscatalans.fr\/wp-content\/uploads\/2025\/08\/IMG_7489-1152x1536.jpeg 1152w, https:\/\/lesexplorateurscatalans.fr\/wp-content\/uploads\/2025\/08\/IMG_7489-315x420.jpeg 315w, https:\/\/lesexplorateurscatalans.fr\/wp-content\/uploads\/2025\/08\/IMG_7489-696x928.jpeg 696w, https:\/\/lesexplorateurscatalans.fr\/wp-content\/uploads\/2025\/08\/IMG_7489-1068x1424.jpeg 1068w, https:\/\/lesexplorateurscatalans.fr\/wp-content\/uploads\/2025\/08\/IMG_7489.jpeg 1536w\" sizes=\"auto, (max-width: 768px) 100vw, 768px\" \/><\/figure>\n\n\n\n<figure class=\"wp-block-image size-large\"><img loading=\"lazy\" decoding=\"async\" width=\"768\" height=\"1024\" data-id=\"1022\" src=\"https:\/\/lesexplorateurscatalans.fr\/wp-content\/uploads\/2025\/08\/IMG_7490-768x1024.jpeg\" alt=\"\" class=\"wp-image-1022\" srcset=\"https:\/\/lesexplorateurscatalans.fr\/wp-content\/uploads\/2025\/08\/IMG_7490-768x1024.jpeg 768w, https:\/\/lesexplorateurscatalans.fr\/wp-content\/uploads\/2025\/08\/IMG_7490-225x300.jpeg 225w, https:\/\/lesexplorateurscatalans.fr\/wp-content\/uploads\/2025\/08\/IMG_7490-1152x1536.jpeg 1152w, https:\/\/lesexplorateurscatalans.fr\/wp-content\/uploads\/2025\/08\/IMG_7490-315x420.jpeg 315w, https:\/\/lesexplorateurscatalans.fr\/wp-content\/uploads\/2025\/08\/IMG_7490-696x928.jpeg 696w, https:\/\/lesexplorateurscatalans.fr\/wp-content\/uploads\/2025\/08\/IMG_7490-1068x1424.jpeg 1068w, https:\/\/lesexplorateurscatalans.fr\/wp-content\/uploads\/2025\/08\/IMG_7490.jpeg 1536w\" sizes=\"auto, (max-width: 768px) 100vw, 768px\" \/><\/figure>\n\n\n\n<figure class=\"wp-block-image size-large\"><img loading=\"lazy\" decoding=\"async\" width=\"1024\" height=\"768\" data-id=\"1020\" src=\"https:\/\/lesexplorateurscatalans.fr\/wp-content\/uploads\/2025\/08\/IMG_7492-1024x768.jpeg\" alt=\"\" class=\"wp-image-1020\" srcset=\"https:\/\/lesexplorateurscatalans.fr\/wp-content\/uploads\/2025\/08\/IMG_7492-1024x768.jpeg 1024w, https:\/\/lesexplorateurscatalans.fr\/wp-content\/uploads\/2025\/08\/IMG_7492-300x225.jpeg 300w, https:\/\/lesexplorateurscatalans.fr\/wp-content\/uploads\/2025\/08\/IMG_7492-768x576.jpeg 768w, https:\/\/lesexplorateurscatalans.fr\/wp-content\/uploads\/2025\/08\/IMG_7492-1536x1152.jpeg 1536w, https:\/\/lesexplorateurscatalans.fr\/wp-content\/uploads\/2025\/08\/IMG_7492-560x420.jpeg 560w, https:\/\/lesexplorateurscatalans.fr\/wp-content\/uploads\/2025\/08\/IMG_7492-80x60.jpeg 80w, https:\/\/lesexplorateurscatalans.fr\/wp-content\/uploads\/2025\/08\/IMG_7492-696x522.jpeg 696w, https:\/\/lesexplorateurscatalans.fr\/wp-content\/uploads\/2025\/08\/IMG_7492-1068x801.jpeg 1068w, https:\/\/lesexplorateurscatalans.fr\/wp-content\/uploads\/2025\/08\/IMG_7492-1920x1440.jpeg 1920w, https:\/\/lesexplorateurscatalans.fr\/wp-content\/uploads\/2025\/08\/IMG_7492-265x198.jpeg 265w, https:\/\/lesexplorateurscatalans.fr\/wp-content\/uploads\/2025\/08\/IMG_7492.jpeg 2048w\" sizes=\"auto, (max-width: 1024px) 100vw, 1024px\" \/><\/figure>\n\n\n\n<figure class=\"wp-block-image size-large\"><img loading=\"lazy\" decoding=\"async\" width=\"1024\" height=\"768\" data-id=\"1019\" src=\"https:\/\/lesexplorateurscatalans.fr\/wp-content\/uploads\/2025\/08\/IMG_7494-1024x768.jpeg\" alt=\"\" class=\"wp-image-1019\" srcset=\"https:\/\/lesexplorateurscatalans.fr\/wp-content\/uploads\/2025\/08\/IMG_7494-1024x768.jpeg 1024w, https:\/\/lesexplorateurscatalans.fr\/wp-content\/uploads\/2025\/08\/IMG_7494-300x225.jpeg 300w, https:\/\/lesexplorateurscatalans.fr\/wp-content\/uploads\/2025\/08\/IMG_7494-768x576.jpeg 768w, https:\/\/lesexplorateurscatalans.fr\/wp-content\/uploads\/2025\/08\/IMG_7494-1536x1152.jpeg 1536w, https:\/\/lesexplorateurscatalans.fr\/wp-content\/uploads\/2025\/08\/IMG_7494-560x420.jpeg 560w, https:\/\/lesexplorateurscatalans.fr\/wp-content\/uploads\/2025\/08\/IMG_7494-80x60.jpeg 80w, https:\/\/lesexplorateurscatalans.fr\/wp-content\/uploads\/2025\/08\/IMG_7494-696x522.jpeg 696w, https:\/\/lesexplorateurscatalans.fr\/wp-content\/uploads\/2025\/08\/IMG_7494-1068x801.jpeg 1068w, https:\/\/lesexplorateurscatalans.fr\/wp-content\/uploads\/2025\/08\/IMG_7494-1920x1440.jpeg 1920w, https:\/\/lesexplorateurscatalans.fr\/wp-content\/uploads\/2025\/08\/IMG_7494-265x198.jpeg 265w, https:\/\/lesexplorateurscatalans.fr\/wp-content\/uploads\/2025\/08\/IMG_7494.jpeg 2048w\" sizes=\"auto, (max-width: 1024px) 100vw, 1024px\" \/><\/figure>\n\n\n\n<figure class=\"wp-block-image size-large\"><img loading=\"lazy\" decoding=\"async\" width=\"1024\" height=\"768\" data-id=\"1018\" src=\"https:\/\/lesexplorateurscatalans.fr\/wp-content\/uploads\/2025\/08\/IMG_7495-1024x768.jpeg\" alt=\"\" class=\"wp-image-1018\" srcset=\"https:\/\/lesexplorateurscatalans.fr\/wp-content\/uploads\/2025\/08\/IMG_7495-1024x768.jpeg 1024w, https:\/\/lesexplorateurscatalans.fr\/wp-content\/uploads\/2025\/08\/IMG_7495-300x225.jpeg 300w, https:\/\/lesexplorateurscatalans.fr\/wp-content\/uploads\/2025\/08\/IMG_7495-768x576.jpeg 768w, https:\/\/lesexplorateurscatalans.fr\/wp-content\/uploads\/2025\/08\/IMG_7495-1536x1152.jpeg 1536w, https:\/\/lesexplorateurscatalans.fr\/wp-content\/uploads\/2025\/08\/IMG_7495-560x420.jpeg 560w, https:\/\/lesexplorateurscatalans.fr\/wp-content\/uploads\/2025\/08\/IMG_7495-80x60.jpeg 80w, https:\/\/lesexplorateurscatalans.fr\/wp-content\/uploads\/2025\/08\/IMG_7495-696x522.jpeg 696w, https:\/\/lesexplorateurscatalans.fr\/wp-content\/uploads\/2025\/08\/IMG_7495-1068x801.jpeg 1068w, https:\/\/lesexplorateurscatalans.fr\/wp-content\/uploads\/2025\/08\/IMG_7495-1920x1440.jpeg 1920w, https:\/\/lesexplorateurscatalans.fr\/wp-content\/uploads\/2025\/08\/IMG_7495-265x198.jpeg 265w, https:\/\/lesexplorateurscatalans.fr\/wp-content\/uploads\/2025\/08\/IMG_7495.jpeg 2048w\" sizes=\"auto, (max-width: 1024px) 100vw, 1024px\" \/><\/figure>\n\n\n\n<figure class=\"wp-block-image size-large\"><img loading=\"lazy\" decoding=\"async\" width=\"1024\" height=\"768\" data-id=\"1017\" src=\"https:\/\/lesexplorateurscatalans.fr\/wp-content\/uploads\/2025\/08\/IMG_7496-1024x768.jpeg\" alt=\"\" class=\"wp-image-1017\" srcset=\"https:\/\/lesexplorateurscatalans.fr\/wp-content\/uploads\/2025\/08\/IMG_7496-1024x768.jpeg 1024w, https:\/\/lesexplorateurscatalans.fr\/wp-content\/uploads\/2025\/08\/IMG_7496-300x225.jpeg 300w, https:\/\/lesexplorateurscatalans.fr\/wp-content\/uploads\/2025\/08\/IMG_7496-768x576.jpeg 768w, https:\/\/lesexplorateurscatalans.fr\/wp-content\/uploads\/2025\/08\/IMG_7496-1536x1152.jpeg 1536w, https:\/\/lesexplorateurscatalans.fr\/wp-content\/uploads\/2025\/08\/IMG_7496-560x420.jpeg 560w, https:\/\/lesexplorateurscatalans.fr\/wp-content\/uploads\/2025\/08\/IMG_7496-80x60.jpeg 80w, https:\/\/lesexplorateurscatalans.fr\/wp-content\/uploads\/2025\/08\/IMG_7496-696x522.jpeg 696w, https:\/\/lesexplorateurscatalans.fr\/wp-content\/uploads\/2025\/08\/IMG_7496-1068x801.jpeg 1068w, https:\/\/lesexplorateurscatalans.fr\/wp-content\/uploads\/2025\/08\/IMG_7496-1920x1440.jpeg 1920w, https:\/\/lesexplorateurscatalans.fr\/wp-content\/uploads\/2025\/08\/IMG_7496-265x198.jpeg 265w, https:\/\/lesexplorateurscatalans.fr\/wp-content\/uploads\/2025\/08\/IMG_7496.jpeg 2048w\" sizes=\"auto, (max-width: 1024px) 100vw, 1024px\" \/><\/figure>\n\n\n\n<figure class=\"wp-block-image size-large\"><img loading=\"lazy\" decoding=\"async\" width=\"1024\" height=\"768\" data-id=\"1023\" src=\"https:\/\/lesexplorateurscatalans.fr\/wp-content\/uploads\/2025\/08\/IMG_7498-1024x768.jpeg\" alt=\"\" class=\"wp-image-1023\" srcset=\"https:\/\/lesexplorateurscatalans.fr\/wp-content\/uploads\/2025\/08\/IMG_7498-1024x768.jpeg 1024w, https:\/\/lesexplorateurscatalans.fr\/wp-content\/uploads\/2025\/08\/IMG_7498-300x225.jpeg 300w, https:\/\/lesexplorateurscatalans.fr\/wp-content\/uploads\/2025\/08\/IMG_7498-768x576.jpeg 768w, https:\/\/lesexplorateurscatalans.fr\/wp-content\/uploads\/2025\/08\/IMG_7498-1536x1152.jpeg 1536w, https:\/\/lesexplorateurscatalans.fr\/wp-content\/uploads\/2025\/08\/IMG_7498-560x420.jpeg 560w, https:\/\/lesexplorateurscatalans.fr\/wp-content\/uploads\/2025\/08\/IMG_7498-80x60.jpeg 80w, https:\/\/lesexplorateurscatalans.fr\/wp-content\/uploads\/2025\/08\/IMG_7498-696x522.jpeg 696w, https:\/\/lesexplorateurscatalans.fr\/wp-content\/uploads\/2025\/08\/IMG_7498-1068x801.jpeg 1068w, https:\/\/lesexplorateurscatalans.fr\/wp-content\/uploads\/2025\/08\/IMG_7498-1920x1440.jpeg 1920w, https:\/\/lesexplorateurscatalans.fr\/wp-content\/uploads\/2025\/08\/IMG_7498-265x198.jpeg 265w, https:\/\/lesexplorateurscatalans.fr\/wp-content\/uploads\/2025\/08\/IMG_7498.jpeg 2048w\" sizes=\"auto, (max-width: 1024px) 100vw, 1024px\" \/><\/figure>\n\n\n\n<figure class=\"wp-block-image size-large\"><img loading=\"lazy\" decoding=\"async\" width=\"768\" height=\"1024\" data-id=\"1024\" src=\"https:\/\/lesexplorateurscatalans.fr\/wp-content\/uploads\/2025\/08\/IMG_7499-768x1024.jpeg\" alt=\"\" class=\"wp-image-1024\" srcset=\"https:\/\/lesexplorateurscatalans.fr\/wp-content\/uploads\/2025\/08\/IMG_7499-768x1024.jpeg 768w, https:\/\/lesexplorateurscatalans.fr\/wp-content\/uploads\/2025\/08\/IMG_7499-225x300.jpeg 225w, https:\/\/lesexplorateurscatalans.fr\/wp-content\/uploads\/2025\/08\/IMG_7499-1152x1536.jpeg 1152w, https:\/\/lesexplorateurscatalans.fr\/wp-content\/uploads\/2025\/08\/IMG_7499-315x420.jpeg 315w, https:\/\/lesexplorateurscatalans.fr\/wp-content\/uploads\/2025\/08\/IMG_7499-696x928.jpeg 696w, https:\/\/lesexplorateurscatalans.fr\/wp-content\/uploads\/2025\/08\/IMG_7499-1068x1424.jpeg 1068w, https:\/\/lesexplorateurscatalans.fr\/wp-content\/uploads\/2025\/08\/IMG_7499.jpeg 1536w\" sizes=\"auto, (max-width: 768px) 100vw, 768px\" \/><\/figure>\n\n\n\n<figure class=\"wp-block-image size-large\"><img loading=\"lazy\" decoding=\"async\" width=\"1024\" height=\"768\" data-id=\"1025\" src=\"https:\/\/lesexplorateurscatalans.fr\/wp-content\/uploads\/2025\/08\/IMG_7500-1024x768.jpeg\" alt=\"\" class=\"wp-image-1025\" srcset=\"https:\/\/lesexplorateurscatalans.fr\/wp-content\/uploads\/2025\/08\/IMG_7500-1024x768.jpeg 1024w, https:\/\/lesexplorateurscatalans.fr\/wp-content\/uploads\/2025\/08\/IMG_7500-300x225.jpeg 300w, https:\/\/lesexplorateurscatalans.fr\/wp-content\/uploads\/2025\/08\/IMG_7500-768x576.jpeg 768w, https:\/\/lesexplorateurscatalans.fr\/wp-content\/uploads\/2025\/08\/IMG_7500-1536x1152.jpeg 1536w, https:\/\/lesexplorateurscatalans.fr\/wp-content\/uploads\/2025\/08\/IMG_7500-560x420.jpeg 560w, https:\/\/lesexplorateurscatalans.fr\/wp-content\/uploads\/2025\/08\/IMG_7500-80x60.jpeg 80w, https:\/\/lesexplorateurscatalans.fr\/wp-content\/uploads\/2025\/08\/IMG_7500-696x522.jpeg 696w, https:\/\/lesexplorateurscatalans.fr\/wp-content\/uploads\/2025\/08\/IMG_7500-1068x801.jpeg 1068w, https:\/\/lesexplorateurscatalans.fr\/wp-content\/uploads\/2025\/08\/IMG_7500-1920x1440.jpeg 1920w, https:\/\/lesexplorateurscatalans.fr\/wp-content\/uploads\/2025\/08\/IMG_7500-265x198.jpeg 265w, https:\/\/lesexplorateurscatalans.fr\/wp-content\/uploads\/2025\/08\/IMG_7500.jpeg 2048w\" sizes=\"auto, (max-width: 1024px) 100vw, 1024px\" \/><\/figure>\n\n\n\n<figure class=\"wp-block-image size-large\"><img loading=\"lazy\" decoding=\"async\" width=\"1024\" height=\"768\" data-id=\"1026\" src=\"https:\/\/lesexplorateurscatalans.fr\/wp-content\/uploads\/2025\/08\/IMG_7501-1024x768.jpeg\" alt=\"\" class=\"wp-image-1026\" srcset=\"https:\/\/lesexplorateurscatalans.fr\/wp-content\/uploads\/2025\/08\/IMG_7501-1024x768.jpeg 1024w, https:\/\/lesexplorateurscatalans.fr\/wp-content\/uploads\/2025\/08\/IMG_7501-300x225.jpeg 300w, https:\/\/lesexplorateurscatalans.fr\/wp-content\/uploads\/2025\/08\/IMG_7501-768x576.jpeg 768w, https:\/\/lesexplorateurscatalans.fr\/wp-content\/uploads\/2025\/08\/IMG_7501-1536x1152.jpeg 1536w, https:\/\/lesexplorateurscatalans.fr\/wp-content\/uploads\/2025\/08\/IMG_7501-560x420.jpeg 560w, https:\/\/lesexplorateurscatalans.fr\/wp-content\/uploads\/2025\/08\/IMG_7501-80x60.jpeg 80w, https:\/\/lesexplorateurscatalans.fr\/wp-content\/uploads\/2025\/08\/IMG_7501-696x522.jpeg 696w, https:\/\/lesexplorateurscatalans.fr\/wp-content\/uploads\/2025\/08\/IMG_7501-1068x801.jpeg 1068w, https:\/\/lesexplorateurscatalans.fr\/wp-content\/uploads\/2025\/08\/IMG_7501-1920x1440.jpeg 1920w, https:\/\/lesexplorateurscatalans.fr\/wp-content\/uploads\/2025\/08\/IMG_7501-265x198.jpeg 265w, https:\/\/lesexplorateurscatalans.fr\/wp-content\/uploads\/2025\/08\/IMG_7501.jpeg 2048w\" sizes=\"auto, (max-width: 1024px) 100vw, 1024px\" \/><\/figure>\n\n\n\n<figure class=\"wp-block-image size-large\"><img loading=\"lazy\" decoding=\"async\" width=\"1024\" height=\"768\" data-id=\"1028\" src=\"https:\/\/lesexplorateurscatalans.fr\/wp-content\/uploads\/2025\/08\/IMG_7502-1024x768.jpeg\" alt=\"\" class=\"wp-image-1028\" srcset=\"https:\/\/lesexplorateurscatalans.fr\/wp-content\/uploads\/2025\/08\/IMG_7502-1024x768.jpeg 1024w, https:\/\/lesexplorateurscatalans.fr\/wp-content\/uploads\/2025\/08\/IMG_7502-300x225.jpeg 300w, https:\/\/lesexplorateurscatalans.fr\/wp-content\/uploads\/2025\/08\/IMG_7502-768x576.jpeg 768w, https:\/\/lesexplorateurscatalans.fr\/wp-content\/uploads\/2025\/08\/IMG_7502-1536x1152.jpeg 1536w, https:\/\/lesexplorateurscatalans.fr\/wp-content\/uploads\/2025\/08\/IMG_7502-560x420.jpeg 560w, https:\/\/lesexplorateurscatalans.fr\/wp-content\/uploads\/2025\/08\/IMG_7502-80x60.jpeg 80w, https:\/\/lesexplorateurscatalans.fr\/wp-content\/uploads\/2025\/08\/IMG_7502-696x522.jpeg 696w, https:\/\/lesexplorateurscatalans.fr\/wp-content\/uploads\/2025\/08\/IMG_7502-1068x801.jpeg 1068w, https:\/\/lesexplorateurscatalans.fr\/wp-content\/uploads\/2025\/08\/IMG_7502-1920x1440.jpeg 1920w, https:\/\/lesexplorateurscatalans.fr\/wp-content\/uploads\/2025\/08\/IMG_7502-265x198.jpeg 265w, https:\/\/lesexplorateurscatalans.fr\/wp-content\/uploads\/2025\/08\/IMG_7502.jpeg 2048w\" sizes=\"auto, (max-width: 1024px) 100vw, 1024px\" \/><\/figure>\n\n\n\n<figure class=\"wp-block-image size-large\"><img loading=\"lazy\" decoding=\"async\" width=\"1024\" height=\"768\" data-id=\"1027\" src=\"https:\/\/lesexplorateurscatalans.fr\/wp-content\/uploads\/2025\/08\/IMG_7510-1024x768.jpeg\" alt=\"\" class=\"wp-image-1027\" srcset=\"https:\/\/lesexplorateurscatalans.fr\/wp-content\/uploads\/2025\/08\/IMG_7510-1024x768.jpeg 1024w, https:\/\/lesexplorateurscatalans.fr\/wp-content\/uploads\/2025\/08\/IMG_7510-300x225.jpeg 300w, https:\/\/lesexplorateurscatalans.fr\/wp-content\/uploads\/2025\/08\/IMG_7510-768x576.jpeg 768w, https:\/\/lesexplorateurscatalans.fr\/wp-content\/uploads\/2025\/08\/IMG_7510-1536x1152.jpeg 1536w, https:\/\/lesexplorateurscatalans.fr\/wp-content\/uploads\/2025\/08\/IMG_7510-560x420.jpeg 560w, https:\/\/lesexplorateurscatalans.fr\/wp-content\/uploads\/2025\/08\/IMG_7510-80x60.jpeg 80w, https:\/\/lesexplorateurscatalans.fr\/wp-content\/uploads\/2025\/08\/IMG_7510-696x522.jpeg 696w, https:\/\/lesexplorateurscatalans.fr\/wp-content\/uploads\/2025\/08\/IMG_7510-1068x801.jpeg 1068w, https:\/\/lesexplorateurscatalans.fr\/wp-content\/uploads\/2025\/08\/IMG_7510-1920x1440.jpeg 1920w, https:\/\/lesexplorateurscatalans.fr\/wp-content\/uploads\/2025\/08\/IMG_7510-265x198.jpeg 265w, https:\/\/lesexplorateurscatalans.fr\/wp-content\/uploads\/2025\/08\/IMG_7510.jpeg 2048w\" sizes=\"auto, (max-width: 1024px) 100vw, 1024px\" \/><\/figure>\n<\/figure>\n","protected":false},"excerpt":{"rendered":"<p>Arriver \u00e0 Roquefort-sur-Soulzon, c\u2019est p\u00e9n\u00e9trer dans un village o\u00f9 tout respire le fromage. Les fa\u00e7ades anciennes rappellent l\u2019histoire de ce terroir unique, les boutiques regorgent de sp\u00e9cialit\u00e9s locales, et la silhouette imposante du Combalou domine le paysage. C\u2019est dans les profondeurs de cette montagne que se cachent les caves de la maison Papillon, un v\u00e9ritable [&hellip;]<\/p>\n","protected":false},"author":1,"featured_media":1027,"comment_status":"open","ping_status":"open","sticky":false,"template":"","format":"standard","meta":{"tdm_status":"","tdm_grid_status":"","footnotes":""},"categories":[21,16],"tags":[212,220,221,208,224,207,215,210,214,217,54,213,58,57,223,216,211,209,225,219,65,218,222,226],"class_list":{"0":"post-1016","1":"post","2":"type-post","3":"status-publish","4":"format-standard","5":"has-post-thumbnail","7":"category-carnet-de-voyage","8":"category-randonnees","9":"tag-affinage","10":"tag-aveyron","11":"tag-brebis-lacaune","12":"tag-caves-de-roquefort","13":"tag-caves-naturelles","14":"tag-combalou","15":"tag-degustation","16":"tag-fleurines","17":"tag-fromage","18":"tag-fromage-bleu","19":"tag-gastronomie","20":"tag-maison-papillon","21":"tag-occitanie","22":"tag-patrimoine","23":"tag-penicillium-roqueforti","24":"tag-roquefort-aop","25":"tag-roquefort-papillon","26":"tag-roquefort-sur-soulzon","27":"tag-route-des-fromages","28":"tag-terroir","29":"tag-tourisme","30":"tag-tourisme-gourmand","31":"tag-visite-guidee","32":"tag-week-end-en-aveyron"},"yoast_head":"<!-- This site is optimized with the Yoast SEO plugin v26.5 - https:\/\/yoast.com\/wordpress\/plugins\/seo\/ -->\n<title>Dans les entrailles de la montagne : la visite des caves de Roquefort Papillon - Les Explorateurs Catalans<\/title>\n<meta name=\"description\" content=\"D\u00e9couvrez les caves de Roquefort Papillon \u00e0 Roquefort-sur-Soulzon : une visite unique entre histoire, savoir-faire ancestral et d\u00e9gustation du c\u00e9l\u00e8bre fromage AOP.\" \/>\n<meta name=\"robots\" content=\"index, follow, max-snippet:-1, max-image-preview:large, max-video-preview:-1\" \/>\n<link rel=\"canonical\" href=\"https:\/\/lesexplorateurscatalans.fr\/index.php\/2025\/08\/22\/dans-les-entrailles-de-la-montagne-la-visite-des-caves-de-roquefort-papillon\/\" \/>\n<meta property=\"og:locale\" content=\"fr_FR\" \/>\n<meta property=\"og:type\" content=\"article\" \/>\n<meta property=\"og:title\" content=\"Dans les entrailles de la montagne : la visite des caves de Roquefort Papillon - Les Explorateurs Catalans\" \/>\n<meta property=\"og:description\" content=\"D\u00e9couvrez les caves de Roquefort Papillon \u00e0 Roquefort-sur-Soulzon : une visite unique entre histoire, savoir-faire ancestral et d\u00e9gustation du c\u00e9l\u00e8bre fromage AOP.\" \/>\n<meta property=\"og:url\" content=\"https:\/\/lesexplorateurscatalans.fr\/index.php\/2025\/08\/22\/dans-les-entrailles-de-la-montagne-la-visite-des-caves-de-roquefort-papillon\/\" \/>\n<meta property=\"og:site_name\" content=\"Les Explorateurs Catalans\" \/>\n<meta property=\"article:publisher\" content=\"https:\/\/www.facebook.com\/lesexplorateurscatalans\" \/>\n<meta property=\"article:author\" content=\"https:\/\/www.facebook.com\/lesexplorateurscatalans\" \/>\n<meta property=\"article:published_time\" content=\"2025-08-22T14:15:00+00:00\" \/>\n<meta property=\"article:modified_time\" content=\"2025-08-22T15:08:39+00:00\" \/>\n<meta property=\"og:image\" content=\"https:\/\/lesexplorateurscatalans.fr\/wp-content\/uploads\/2025\/08\/IMG_7510.jpeg\" \/>\n\t<meta property=\"og:image:width\" content=\"2048\" \/>\n\t<meta property=\"og:image:height\" content=\"1536\" \/>\n\t<meta property=\"og:image:type\" content=\"image\/jpeg\" \/>\n<meta name=\"author\" content=\"Les Explorateurs Catalans\" \/>\n<meta name=\"twitter:card\" content=\"summary_large_image\" \/>\n<meta name=\"twitter:label1\" content=\"\u00c9crit par\" \/>\n\t<meta name=\"twitter:data1\" content=\"Les Explorateurs Catalans\" \/>\n\t<meta name=\"twitter:label2\" content=\"Dur\u00e9e de lecture estim\u00e9e\" \/>\n\t<meta name=\"twitter:data2\" content=\"5 minutes\" \/>\n<script type=\"application\/ld+json\" class=\"yoast-schema-graph\">{\"@context\":\"https:\/\/schema.org\",\"@graph\":[{\"@type\":\"Article\",\"@id\":\"https:\/\/lesexplorateurscatalans.fr\/index.php\/2025\/08\/22\/dans-les-entrailles-de-la-montagne-la-visite-des-caves-de-roquefort-papillon\/#article\",\"isPartOf\":{\"@id\":\"https:\/\/lesexplorateurscatalans.fr\/index.php\/2025\/08\/22\/dans-les-entrailles-de-la-montagne-la-visite-des-caves-de-roquefort-papillon\/\"},\"author\":{\"name\":\"Les Explorateurs Catalans\",\"@id\":\"https:\/\/lesexplorateurscatalans.fr\/#\/schema\/person\/0f91d5fd7188c18ca62f2ea37a0f7d02\"},\"headline\":\"Dans les entrailles de la montagne : la visite des caves de Roquefort Papillon\",\"datePublished\":\"2025-08-22T14:15:00+00:00\",\"dateModified\":\"2025-08-22T15:08:39+00:00\",\"mainEntityOfPage\":{\"@id\":\"https:\/\/lesexplorateurscatalans.fr\/index.php\/2025\/08\/22\/dans-les-entrailles-de-la-montagne-la-visite-des-caves-de-roquefort-papillon\/\"},\"wordCount\":493,\"commentCount\":0,\"publisher\":{\"@id\":\"https:\/\/lesexplorateurscatalans.fr\/#organization\"},\"image\":{\"@id\":\"https:\/\/lesexplorateurscatalans.fr\/index.php\/2025\/08\/22\/dans-les-entrailles-de-la-montagne-la-visite-des-caves-de-roquefort-papillon\/#primaryimage\"},\"thumbnailUrl\":\"https:\/\/lesexplorateurscatalans.fr\/wp-content\/uploads\/2025\/08\/IMG_7510.jpeg\",\"keywords\":[\"Affinage\",\"Aveyron\",\"Brebis Lacaune\",\"Caves de Roquefort\",\"Caves naturelles\",\"Combalou\",\"D\u00e9gustation\",\"Fleurines\",\"Fromage\",\"Fromage bleu\",\"gastronomie\",\"Maison Papillon\",\"Occitanie\",\"patrimoine\",\"Penicillium roqueforti\",\"Roquefort AOP\",\"Roquefort Papillon\",\"Roquefort-sur-Soulzon\",\"Route des fromages\",\"Terroir\",\"tourisme\",\"Tourisme gourmand\",\"Visite guid\u00e9e\",\"Week-end en Aveyron\"],\"articleSection\":[\"Carnet de voyage\",\"Randonn\u00e9es\"],\"inLanguage\":\"fr-FR\",\"potentialAction\":[{\"@type\":\"CommentAction\",\"name\":\"Comment\",\"target\":[\"https:\/\/lesexplorateurscatalans.fr\/index.php\/2025\/08\/22\/dans-les-entrailles-de-la-montagne-la-visite-des-caves-de-roquefort-papillon\/#respond\"]}]},{\"@type\":\"WebPage\",\"@id\":\"https:\/\/lesexplorateurscatalans.fr\/index.php\/2025\/08\/22\/dans-les-entrailles-de-la-montagne-la-visite-des-caves-de-roquefort-papillon\/\",\"url\":\"https:\/\/lesexplorateurscatalans.fr\/index.php\/2025\/08\/22\/dans-les-entrailles-de-la-montagne-la-visite-des-caves-de-roquefort-papillon\/\",\"name\":\"Dans les entrailles de la montagne : la visite des caves de Roquefort Papillon - Les Explorateurs Catalans\",\"isPartOf\":{\"@id\":\"https:\/\/lesexplorateurscatalans.fr\/#website\"},\"primaryImageOfPage\":{\"@id\":\"https:\/\/lesexplorateurscatalans.fr\/index.php\/2025\/08\/22\/dans-les-entrailles-de-la-montagne-la-visite-des-caves-de-roquefort-papillon\/#primaryimage\"},\"image\":{\"@id\":\"https:\/\/lesexplorateurscatalans.fr\/index.php\/2025\/08\/22\/dans-les-entrailles-de-la-montagne-la-visite-des-caves-de-roquefort-papillon\/#primaryimage\"},\"thumbnailUrl\":\"https:\/\/lesexplorateurscatalans.fr\/wp-content\/uploads\/2025\/08\/IMG_7510.jpeg\",\"datePublished\":\"2025-08-22T14:15:00+00:00\",\"dateModified\":\"2025-08-22T15:08:39+00:00\",\"description\":\"D\u00e9couvrez les caves de Roquefort Papillon \u00e0 Roquefort-sur-Soulzon : une visite unique entre histoire, savoir-faire ancestral et d\u00e9gustation du c\u00e9l\u00e8bre fromage AOP.\",\"breadcrumb\":{\"@id\":\"https:\/\/lesexplorateurscatalans.fr\/index.php\/2025\/08\/22\/dans-les-entrailles-de-la-montagne-la-visite-des-caves-de-roquefort-papillon\/#breadcrumb\"},\"inLanguage\":\"fr-FR\",\"potentialAction\":[{\"@type\":\"ReadAction\",\"target\":[\"https:\/\/lesexplorateurscatalans.fr\/index.php\/2025\/08\/22\/dans-les-entrailles-de-la-montagne-la-visite-des-caves-de-roquefort-papillon\/\"]}]},{\"@type\":\"ImageObject\",\"inLanguage\":\"fr-FR\",\"@id\":\"https:\/\/lesexplorateurscatalans.fr\/index.php\/2025\/08\/22\/dans-les-entrailles-de-la-montagne-la-visite-des-caves-de-roquefort-papillon\/#primaryimage\",\"url\":\"https:\/\/lesexplorateurscatalans.fr\/wp-content\/uploads\/2025\/08\/IMG_7510.jpeg\",\"contentUrl\":\"https:\/\/lesexplorateurscatalans.fr\/wp-content\/uploads\/2025\/08\/IMG_7510.jpeg\",\"width\":2048,\"height\":1536},{\"@type\":\"BreadcrumbList\",\"@id\":\"https:\/\/lesexplorateurscatalans.fr\/index.php\/2025\/08\/22\/dans-les-entrailles-de-la-montagne-la-visite-des-caves-de-roquefort-papillon\/#breadcrumb\",\"itemListElement\":[{\"@type\":\"ListItem\",\"position\":1,\"name\":\"Accueil\",\"item\":\"https:\/\/lesexplorateurscatalans.fr\/\"},{\"@type\":\"ListItem\",\"position\":2,\"name\":\"Dans les entrailles de la montagne : la visite des caves de Roquefort Papillon\"}]},{\"@type\":\"WebSite\",\"@id\":\"https:\/\/lesexplorateurscatalans.fr\/#website\",\"url\":\"https:\/\/lesexplorateurscatalans.fr\/\",\"name\":\"Les Explorateurs Catalans\",\"description\":\"Les Explorateurs Catalans : Votre boussole pour l&#039;aventure.\",\"publisher\":{\"@id\":\"https:\/\/lesexplorateurscatalans.fr\/#organization\"},\"alternateName\":\"LEC\",\"potentialAction\":[{\"@type\":\"SearchAction\",\"target\":{\"@type\":\"EntryPoint\",\"urlTemplate\":\"https:\/\/lesexplorateurscatalans.fr\/?s={search_term_string}\"},\"query-input\":{\"@type\":\"PropertyValueSpecification\",\"valueRequired\":true,\"valueName\":\"search_term_string\"}}],\"inLanguage\":\"fr-FR\"},{\"@type\":\"Organization\",\"@id\":\"https:\/\/lesexplorateurscatalans.fr\/#organization\",\"name\":\"Les Explorateurs Catalans\",\"alternateName\":\"LEC\",\"url\":\"https:\/\/lesexplorateurscatalans.fr\/\",\"logo\":{\"@type\":\"ImageObject\",\"inLanguage\":\"fr-FR\",\"@id\":\"https:\/\/lesexplorateurscatalans.fr\/#\/schema\/logo\/image\/\",\"url\":\"https:\/\/lesexplorateurscatalans.fr\/wp-content\/uploads\/2024\/04\/DALL_E-2024-02-19-13.15-removebg-preview.png\",\"contentUrl\":\"https:\/\/lesexplorateurscatalans.fr\/wp-content\/uploads\/2024\/04\/DALL_E-2024-02-19-13.15-removebg-preview.png\",\"width\":500,\"height\":500,\"caption\":\"Les Explorateurs Catalans\"},\"image\":{\"@id\":\"https:\/\/lesexplorateurscatalans.fr\/#\/schema\/logo\/image\/\"},\"sameAs\":[\"https:\/\/www.facebook.com\/lesexplorateurscatalans\",\"https:\/\/www.relive.cc\/profile\/niko660\"]},{\"@type\":\"Person\",\"@id\":\"https:\/\/lesexplorateurscatalans.fr\/#\/schema\/person\/0f91d5fd7188c18ca62f2ea37a0f7d02\",\"name\":\"Les Explorateurs Catalans\",\"image\":{\"@type\":\"ImageObject\",\"inLanguage\":\"fr-FR\",\"@id\":\"https:\/\/lesexplorateurscatalans.fr\/#\/schema\/person\/image\/\",\"url\":\"https:\/\/secure.gravatar.com\/avatar\/c657c225e0e21288bc03d7987bc3f3fa29636fd30a0946eb26df26acf6876aa1?s=96&d=mm&r=g\",\"contentUrl\":\"https:\/\/secure.gravatar.com\/avatar\/c657c225e0e21288bc03d7987bc3f3fa29636fd30a0946eb26df26acf6876aa1?s=96&d=mm&r=g\",\"caption\":\"Les Explorateurs Catalans\"},\"sameAs\":[\"https:\/\/www.lesexplorateurscatalans.fr\/\",\"https:\/\/www.facebook.com\/lesexplorateurscatalans\"],\"url\":\"https:\/\/lesexplorateurscatalans.fr\/index.php\/author\/admin\/\"}]}<\/script>\n<!-- \/ Yoast SEO plugin. -->","yoast_head_json":{"title":"Dans les entrailles de la montagne : la visite des caves de Roquefort Papillon - Les Explorateurs Catalans","description":"D\u00e9couvrez les caves de Roquefort Papillon \u00e0 Roquefort-sur-Soulzon : une visite unique entre histoire, savoir-faire ancestral et d\u00e9gustation du c\u00e9l\u00e8bre fromage AOP.","robots":{"index":"index","follow":"follow","max-snippet":"max-snippet:-1","max-image-preview":"max-image-preview:large","max-video-preview":"max-video-preview:-1"},"canonical":"https:\/\/lesexplorateurscatalans.fr\/index.php\/2025\/08\/22\/dans-les-entrailles-de-la-montagne-la-visite-des-caves-de-roquefort-papillon\/","og_locale":"fr_FR","og_type":"article","og_title":"Dans les entrailles de la montagne : la visite des caves de Roquefort Papillon - Les Explorateurs Catalans","og_description":"D\u00e9couvrez les caves de Roquefort Papillon \u00e0 Roquefort-sur-Soulzon : une visite unique entre histoire, savoir-faire ancestral et d\u00e9gustation du c\u00e9l\u00e8bre fromage AOP.","og_url":"https:\/\/lesexplorateurscatalans.fr\/index.php\/2025\/08\/22\/dans-les-entrailles-de-la-montagne-la-visite-des-caves-de-roquefort-papillon\/","og_site_name":"Les Explorateurs Catalans","article_publisher":"https:\/\/www.facebook.com\/lesexplorateurscatalans","article_author":"https:\/\/www.facebook.com\/lesexplorateurscatalans","article_published_time":"2025-08-22T14:15:00+00:00","article_modified_time":"2025-08-22T15:08:39+00:00","og_image":[{"width":2048,"height":1536,"url":"https:\/\/lesexplorateurscatalans.fr\/wp-content\/uploads\/2025\/08\/IMG_7510.jpeg","type":"image\/jpeg"}],"author":"Les Explorateurs Catalans","twitter_card":"summary_large_image","twitter_misc":{"\u00c9crit par":"Les Explorateurs Catalans","Dur\u00e9e de lecture estim\u00e9e":"5 minutes"},"schema":{"@context":"https:\/\/schema.org","@graph":[{"@type":"Article","@id":"https:\/\/lesexplorateurscatalans.fr\/index.php\/2025\/08\/22\/dans-les-entrailles-de-la-montagne-la-visite-des-caves-de-roquefort-papillon\/#article","isPartOf":{"@id":"https:\/\/lesexplorateurscatalans.fr\/index.php\/2025\/08\/22\/dans-les-entrailles-de-la-montagne-la-visite-des-caves-de-roquefort-papillon\/"},"author":{"name":"Les Explorateurs Catalans","@id":"https:\/\/lesexplorateurscatalans.fr\/#\/schema\/person\/0f91d5fd7188c18ca62f2ea37a0f7d02"},"headline":"Dans les entrailles de la montagne : la visite des caves de Roquefort Papillon","datePublished":"2025-08-22T14:15:00+00:00","dateModified":"2025-08-22T15:08:39+00:00","mainEntityOfPage":{"@id":"https:\/\/lesexplorateurscatalans.fr\/index.php\/2025\/08\/22\/dans-les-entrailles-de-la-montagne-la-visite-des-caves-de-roquefort-papillon\/"},"wordCount":493,"commentCount":0,"publisher":{"@id":"https:\/\/lesexplorateurscatalans.fr\/#organization"},"image":{"@id":"https:\/\/lesexplorateurscatalans.fr\/index.php\/2025\/08\/22\/dans-les-entrailles-de-la-montagne-la-visite-des-caves-de-roquefort-papillon\/#primaryimage"},"thumbnailUrl":"https:\/\/lesexplorateurscatalans.fr\/wp-content\/uploads\/2025\/08\/IMG_7510.jpeg","keywords":["Affinage","Aveyron","Brebis Lacaune","Caves de Roquefort","Caves naturelles","Combalou","D\u00e9gustation","Fleurines","Fromage","Fromage bleu","gastronomie","Maison Papillon","Occitanie","patrimoine","Penicillium roqueforti","Roquefort AOP","Roquefort Papillon","Roquefort-sur-Soulzon","Route des fromages","Terroir","tourisme","Tourisme gourmand","Visite guid\u00e9e","Week-end en Aveyron"],"articleSection":["Carnet de voyage","Randonn\u00e9es"],"inLanguage":"fr-FR","potentialAction":[{"@type":"CommentAction","name":"Comment","target":["https:\/\/lesexplorateurscatalans.fr\/index.php\/2025\/08\/22\/dans-les-entrailles-de-la-montagne-la-visite-des-caves-de-roquefort-papillon\/#respond"]}]},{"@type":"WebPage","@id":"https:\/\/lesexplorateurscatalans.fr\/index.php\/2025\/08\/22\/dans-les-entrailles-de-la-montagne-la-visite-des-caves-de-roquefort-papillon\/","url":"https:\/\/lesexplorateurscatalans.fr\/index.php\/2025\/08\/22\/dans-les-entrailles-de-la-montagne-la-visite-des-caves-de-roquefort-papillon\/","name":"Dans les entrailles de la montagne : la visite des caves de Roquefort Papillon - Les Explorateurs Catalans","isPartOf":{"@id":"https:\/\/lesexplorateurscatalans.fr\/#website"},"primaryImageOfPage":{"@id":"https:\/\/lesexplorateurscatalans.fr\/index.php\/2025\/08\/22\/dans-les-entrailles-de-la-montagne-la-visite-des-caves-de-roquefort-papillon\/#primaryimage"},"image":{"@id":"https:\/\/lesexplorateurscatalans.fr\/index.php\/2025\/08\/22\/dans-les-entrailles-de-la-montagne-la-visite-des-caves-de-roquefort-papillon\/#primaryimage"},"thumbnailUrl":"https:\/\/lesexplorateurscatalans.fr\/wp-content\/uploads\/2025\/08\/IMG_7510.jpeg","datePublished":"2025-08-22T14:15:00+00:00","dateModified":"2025-08-22T15:08:39+00:00","description":"D\u00e9couvrez les caves de Roquefort Papillon \u00e0 Roquefort-sur-Soulzon : une visite unique entre histoire, savoir-faire ancestral et d\u00e9gustation du c\u00e9l\u00e8bre fromage AOP.","breadcrumb":{"@id":"https:\/\/lesexplorateurscatalans.fr\/index.php\/2025\/08\/22\/dans-les-entrailles-de-la-montagne-la-visite-des-caves-de-roquefort-papillon\/#breadcrumb"},"inLanguage":"fr-FR","potentialAction":[{"@type":"ReadAction","target":["https:\/\/lesexplorateurscatalans.fr\/index.php\/2025\/08\/22\/dans-les-entrailles-de-la-montagne-la-visite-des-caves-de-roquefort-papillon\/"]}]},{"@type":"ImageObject","inLanguage":"fr-FR","@id":"https:\/\/lesexplorateurscatalans.fr\/index.php\/2025\/08\/22\/dans-les-entrailles-de-la-montagne-la-visite-des-caves-de-roquefort-papillon\/#primaryimage","url":"https:\/\/lesexplorateurscatalans.fr\/wp-content\/uploads\/2025\/08\/IMG_7510.jpeg","contentUrl":"https:\/\/lesexplorateurscatalans.fr\/wp-content\/uploads\/2025\/08\/IMG_7510.jpeg","width":2048,"height":1536},{"@type":"BreadcrumbList","@id":"https:\/\/lesexplorateurscatalans.fr\/index.php\/2025\/08\/22\/dans-les-entrailles-de-la-montagne-la-visite-des-caves-de-roquefort-papillon\/#breadcrumb","itemListElement":[{"@type":"ListItem","position":1,"name":"Accueil","item":"https:\/\/lesexplorateurscatalans.fr\/"},{"@type":"ListItem","position":2,"name":"Dans les entrailles de la montagne : la visite des caves de Roquefort Papillon"}]},{"@type":"WebSite","@id":"https:\/\/lesexplorateurscatalans.fr\/#website","url":"https:\/\/lesexplorateurscatalans.fr\/","name":"Les Explorateurs Catalans","description":"Les Explorateurs Catalans : Votre boussole pour l&#039;aventure.","publisher":{"@id":"https:\/\/lesexplorateurscatalans.fr\/#organization"},"alternateName":"LEC","potentialAction":[{"@type":"SearchAction","target":{"@type":"EntryPoint","urlTemplate":"https:\/\/lesexplorateurscatalans.fr\/?s={search_term_string}"},"query-input":{"@type":"PropertyValueSpecification","valueRequired":true,"valueName":"search_term_string"}}],"inLanguage":"fr-FR"},{"@type":"Organization","@id":"https:\/\/lesexplorateurscatalans.fr\/#organization","name":"Les Explorateurs Catalans","alternateName":"LEC","url":"https:\/\/lesexplorateurscatalans.fr\/","logo":{"@type":"ImageObject","inLanguage":"fr-FR","@id":"https:\/\/lesexplorateurscatalans.fr\/#\/schema\/logo\/image\/","url":"https:\/\/lesexplorateurscatalans.fr\/wp-content\/uploads\/2024\/04\/DALL_E-2024-02-19-13.15-removebg-preview.png","contentUrl":"https:\/\/lesexplorateurscatalans.fr\/wp-content\/uploads\/2024\/04\/DALL_E-2024-02-19-13.15-removebg-preview.png","width":500,"height":500,"caption":"Les Explorateurs Catalans"},"image":{"@id":"https:\/\/lesexplorateurscatalans.fr\/#\/schema\/logo\/image\/"},"sameAs":["https:\/\/www.facebook.com\/lesexplorateurscatalans","https:\/\/www.relive.cc\/profile\/niko660"]},{"@type":"Person","@id":"https:\/\/lesexplorateurscatalans.fr\/#\/schema\/person\/0f91d5fd7188c18ca62f2ea37a0f7d02","name":"Les Explorateurs Catalans","image":{"@type":"ImageObject","inLanguage":"fr-FR","@id":"https:\/\/lesexplorateurscatalans.fr\/#\/schema\/person\/image\/","url":"https:\/\/secure.gravatar.com\/avatar\/c657c225e0e21288bc03d7987bc3f3fa29636fd30a0946eb26df26acf6876aa1?s=96&d=mm&r=g","contentUrl":"https:\/\/secure.gravatar.com\/avatar\/c657c225e0e21288bc03d7987bc3f3fa29636fd30a0946eb26df26acf6876aa1?s=96&d=mm&r=g","caption":"Les Explorateurs Catalans"},"sameAs":["https:\/\/www.lesexplorateurscatalans.fr\/","https:\/\/www.facebook.com\/lesexplorateurscatalans"],"url":"https:\/\/lesexplorateurscatalans.fr\/index.php\/author\/admin\/"}]}},"amp_enabled":true,"_links":{"self":[{"href":"https:\/\/lesexplorateurscatalans.fr\/index.php\/wp-json\/wp\/v2\/posts\/1016","targetHints":{"allow":["GET"]}}],"collection":[{"href":"https:\/\/lesexplorateurscatalans.fr\/index.php\/wp-json\/wp\/v2\/posts"}],"about":[{"href":"https:\/\/lesexplorateurscatalans.fr\/index.php\/wp-json\/wp\/v2\/types\/post"}],"author":[{"embeddable":true,"href":"https:\/\/lesexplorateurscatalans.fr\/index.php\/wp-json\/wp\/v2\/users\/1"}],"replies":[{"embeddable":true,"href":"https:\/\/lesexplorateurscatalans.fr\/index.php\/wp-json\/wp\/v2\/comments?post=1016"}],"version-history":[{"count":2,"href":"https:\/\/lesexplorateurscatalans.fr\/index.php\/wp-json\/wp\/v2\/posts\/1016\/revisions"}],"predecessor-version":[{"id":1123,"href":"https:\/\/lesexplorateurscatalans.fr\/index.php\/wp-json\/wp\/v2\/posts\/1016\/revisions\/1123"}],"wp:featuredmedia":[{"embeddable":true,"href":"https:\/\/lesexplorateurscatalans.fr\/index.php\/wp-json\/wp\/v2\/media\/1027"}],"wp:attachment":[{"href":"https:\/\/lesexplorateurscatalans.fr\/index.php\/wp-json\/wp\/v2\/media?parent=1016"}],"wp:term":[{"taxonomy":"category","embeddable":true,"href":"https:\/\/lesexplorateurscatalans.fr\/index.php\/wp-json\/wp\/v2\/categories?post=1016"},{"taxonomy":"post_tag","embeddable":true,"href":"https:\/\/lesexplorateurscatalans.fr\/index.php\/wp-json\/wp\/v2\/tags?post=1016"}],"curies":[{"name":"wp","href":"https:\/\/api.w.org\/{rel}","templated":true}]}}