{"id":1121,"date":"2025-08-22T17:08:57","date_gmt":"2025-08-22T15:08:57","guid":{"rendered":"https:\/\/lesexplorateurscatalans.fr\/?p=1121"},"modified":"2025-08-22T17:08:59","modified_gmt":"2025-08-22T15:08:59","slug":"gorges-de-la-cere-une-balade-entre-histoire-paysages-et-nature","status":"publish","type":"post","link":"https:\/\/lesexplorateurscatalans.fr\/index.php\/2025\/08\/22\/gorges-de-la-cere-une-balade-entre-histoire-paysages-et-nature\/","title":{"rendered":"Gorges de la C\u00e8re : une balade entre histoire, paysages et nature"},"content":{"rendered":"\n<div class=\"embedly-responsive\" style=\"position: relative;padding-bottom: 78.2227%;height: 0;overflow: hidden;\"><iframe loading=\"lazy\" class=\"embedly-embed\" frameborder=\"0\" scrolling=\"no\" allowfullscreen src=\"https:\/\/cdn.embedly.com\/widgets\/media.html?src=https:\/\/www.relive.com\/view\/vMq5wxV2Z8O\/widget?r=embed-site&#038;url=https:\/\/www.relive.com\/view\/vMq5wxV2Z8O?r=embed-site&#038;image=https:\/\/www.relive.com\/view\/vMq5wxV2Z8O\/png?x-ref=embed-site&#038;key=f1631a41cb254ca5b035dc5747a5bd75&#038;type=text\/html&#038;schema=relive\" width=\"1024\" height=\"801\" style=\"position: absolute;top: 0;left: 0;width: 100%;height: 100%;\"><\/iframe><\/div>\n\n\n\n<p>Creus\u00e9es par la rivi\u00e8re C\u00e8re depuis des mill\u00e9naires, les gorges s\u2019\u00e9tendent sur une trentaine de kilom\u00e8tres dans un site naturel remarquable. V\u00e9ritable perle du Massif central, cette vall\u00e9e combine patrimoine, g\u00e9ologie et biodiversit\u00e9.<\/p>\n\n\n\n<h3 class=\"wp-block-heading\">Une g\u00e9ologie sculpt\u00e9e par le temps<\/h3>\n\n\n\n<p>N\u00e9es d\u2019un verrou glaciaire form\u00e9 il y a plus de 20 000 ans, les gorges offrent un spectacle impressionnant, avec des parois atteignant parfois 30 m\u00e8tres de haut. Chaque d\u00e9tour r\u00e9v\u00e8le un nouveau tableau fa\u00e7onn\u00e9 par l\u2019eau, la glace et le temps.<\/p>\n\n\n\n<h3 class=\"wp-block-heading\">Une nature fragile et prot\u00e9g\u00e9e<\/h3>\n\n\n\n<p>Class\u00e9es <strong>Espace Naturel Sensible<\/strong>, les gorges b\u00e9n\u00e9ficient d\u2019am\u00e9nagements respectueux. Elles abritent une faune remarquable, notamment la loutre d\u2019Europe, et une flore adapt\u00e9e \u00e0 l\u2019humidit\u00e9 et aux parois rocheuses.<\/p>\n\n\n\n<h3 class=\"wp-block-heading\">Une randonn\u00e9e au c\u0153ur du merveilleux<\/h3>\n\n\n\n<p>Les Gorges de la C\u00e8re se d\u00e9couvrent notamment par le <strong>GR\u00ae652<\/strong>, reliant Laroquebrou \u00e0 Laval-de-C\u00e8re. Ce sentier, d\u2019une vingtaine de kilom\u00e8tres, traverse le c\u0153ur de la vall\u00e9e. Sauvage et sans point de ravitaillement, il s\u2019adresse aux randonneurs aguerris d\u00e9sireux de vivre une v\u00e9ritable immersion en pleine nature.<\/p>\n\n\n\n<h3 class=\"wp-block-heading\">Paysages, l\u00e9gendes et patrimoine<\/h3>\n\n\n\n<p>Les gorges ne sont pas seulement un joyau naturel : elles sont aussi riches en histoire et en l\u00e9gendes. Le <strong>Rocher du Peintre<\/strong>, belv\u00e9d\u00e8re offrant une vue spectaculaire, devrait son nom soit \u00e0 la m\u00e9moire du peintre Jean-Baptiste Corot, soit \u00e0 une ancienne d\u00e9nomination religieuse, le \u00ab Rocher du Pr\u00eatre \u00bb. Plus haut, le <strong>Point Sublime<\/strong> d\u00e9ploie un panorama grandiose sur la vall\u00e9e, et les fouilles arch\u00e9ologiques y ont r\u00e9v\u00e9l\u00e9 des traces d\u2019occupation pr\u00e9historique.<\/p>\n\n\n\n<h3 class=\"wp-block-heading\">H\u00e9ritage humain<\/h3>\n\n\n\n<p>Les Gorges de la C\u00e8re conservent \u00e9galement des t\u00e9moignages de l\u2019histoire r\u00e9cente : une ancienne voie ferr\u00e9e qui s\u2019insinue dans la vall\u00e9e, des am\u00e9nagements hydro\u00e9lectriques et des savoir-faire li\u00e9s \u00e0 l\u2019exploitation des ressources locales. Ces traces humaines se m\u00ealent \u00e0 la beaut\u00e9 sauvage du site, rappelant l\u2019\u00e9quilibre d\u00e9licat entre nature et civilisation.<\/p>\n\n\n\n<hr class=\"wp-block-separator has-alpha-channel-opacity\"\/>\n\n\n\n<!DOCTYPE html>\n<html lang=\"fr\">\n<head>\n  <meta charset=\"UTF-8\">\n  <meta name=\"viewport\" content=\"width=device-width, initial-scale=1.0\">\n  <title>Balade dans les Gorges de la C\u00e8re &#8211; Informations essentielles<\/title>\n  <link rel=\"stylesheet\" href=\"https:\/\/cdnjs.cloudflare.com\/ajax\/libs\/font-awesome\/6.2.0\/css\/all.min.css\">\n  <style>\n    .bandeau {\n      background-color: #2980b9;\n      color: #fff;\n      padding: 10px;\n      display: flex;\n      justify-content: space-between;\n      align-items: center;\n      flex-wrap: wrap;\n    }\n    .icone {\n      margin-right: 10px;\n      font-size: 20px;\n    }\n    .vert {\n      color: #00ff00;\n    }\n    .rouge {\n      color: #ff0000;\n    }\n    .texte {\n      font-family: Arial, sans-serif;\n      font-weight: bold;\n      font-size: 18px;\n    }\n    .valeur {\n      font-family: Arial, sans-serif;\n      font-weight: normal;\n      margin-top: 5px;\n      text-align: center;\n    }\n    .item {\n      display: flex;\n      flex-direction: column;\n      align-items: center;\n      margin: 5px 10px;\n    }\n  <\/style>\n<\/head>\n<body>\n  <div class=\"bandeau\">\n    <div class=\"icone\"><i class=\"fas fa-water\"><\/i><\/div>\n    <div class=\"texte\">Balade dans les Gorges de la C\u00e8re<\/div>\n    <div class=\"item\">\n      <div class=\"icone vert\"><i class=\"fas fa-ruler-combined\"><\/i><\/div>\n      <div class=\"valeur\">Distance totale : 4 \u00e0 6 km<\/div>\n    <\/div>\n    <div class=\"item\">\n      <div class=\"icone vert\"><i class=\"fas fa-mountain\"><\/i><\/div>\n      <div class=\"valeur\">D\u00e9nivel\u00e9 : 100\u2013200 m<\/div>\n    <\/div>\n    <div class=\"item\">\n      <div class=\"icone vert\"><i class=\"fas fa-clock\"><\/i><\/div>\n      <div class=\"valeur\">Dur\u00e9e : 1h30 \u00e0 2h30<\/div>\n    <\/div>\n    <div class=\"item\">\n      <div class=\"icone vert\"><i class=\"fas fa-child\"><\/i><\/div>\n      <div class=\"valeur\">Accessible aux enfants<\/div>\n    <\/div>\n    <div class=\"item\">\n      <div class=\"icone vert\"><i class=\"fas fa-paw\"><\/i><\/div>\n      <div class=\"valeur\">Chiens admis (laisse)<\/div>\n    <\/div>\n    <div class=\"item\">\n      <div class=\"icone vert\"><i class=\"fas fa-wheelchair\"><\/i><\/div>\n      <div class=\"valeur\">PMR : possible selon les secteurs<\/div>\n    <\/div>\n  <\/div>\n<\/body>\n<\/html>\n\n\n\n\n<hr class=\"wp-block-separator has-alpha-channel-opacity\"\/>\n\n\n\n\n\n<hr class=\"wp-block-separator has-alpha-channel-opacity\"\/>\n\n\n\n<figure class=\"wp-block-gallery has-nested-images columns-default is-cropped wp-block-gallery-1 is-layout-flex wp-block-gallery-is-layout-flex\">\n<figure class=\"wp-block-image size-large\"><img loading=\"lazy\" decoding=\"async\" width=\"1024\" height=\"768\" data-id=\"1129\" src=\"https:\/\/lesexplorateurscatalans.fr\/wp-content\/uploads\/2025\/08\/IMG_7690-1024x768.jpeg\" alt=\"\" class=\"wp-image-1129\" srcset=\"https:\/\/lesexplorateurscatalans.fr\/wp-content\/uploads\/2025\/08\/IMG_7690-1024x768.jpeg 1024w, https:\/\/lesexplorateurscatalans.fr\/wp-content\/uploads\/2025\/08\/IMG_7690-300x225.jpeg 300w, https:\/\/lesexplorateurscatalans.fr\/wp-content\/uploads\/2025\/08\/IMG_7690-768x576.jpeg 768w, https:\/\/lesexplorateurscatalans.fr\/wp-content\/uploads\/2025\/08\/IMG_7690-1536x1152.jpeg 1536w, https:\/\/lesexplorateurscatalans.fr\/wp-content\/uploads\/2025\/08\/IMG_7690-560x420.jpeg 560w, https:\/\/lesexplorateurscatalans.fr\/wp-content\/uploads\/2025\/08\/IMG_7690-80x60.jpeg 80w, https:\/\/lesexplorateurscatalans.fr\/wp-content\/uploads\/2025\/08\/IMG_7690-696x522.jpeg 696w, https:\/\/lesexplorateurscatalans.fr\/wp-content\/uploads\/2025\/08\/IMG_7690-1068x801.jpeg 1068w, https:\/\/lesexplorateurscatalans.fr\/wp-content\/uploads\/2025\/08\/IMG_7690-1920x1440.jpeg 1920w, https:\/\/lesexplorateurscatalans.fr\/wp-content\/uploads\/2025\/08\/IMG_7690-265x198.jpeg 265w, https:\/\/lesexplorateurscatalans.fr\/wp-content\/uploads\/2025\/08\/IMG_7690.jpeg 2048w\" sizes=\"auto, (max-width: 1024px) 100vw, 1024px\" \/><\/figure>\n\n\n\n<figure class=\"wp-block-image size-large\"><img loading=\"lazy\" decoding=\"async\" width=\"1024\" height=\"768\" data-id=\"1128\" src=\"https:\/\/lesexplorateurscatalans.fr\/wp-content\/uploads\/2025\/08\/IMG_7691-1024x768.jpeg\" alt=\"\" class=\"wp-image-1128\" srcset=\"https:\/\/lesexplorateurscatalans.fr\/wp-content\/uploads\/2025\/08\/IMG_7691-1024x768.jpeg 1024w, https:\/\/lesexplorateurscatalans.fr\/wp-content\/uploads\/2025\/08\/IMG_7691-300x225.jpeg 300w, https:\/\/lesexplorateurscatalans.fr\/wp-content\/uploads\/2025\/08\/IMG_7691-768x576.jpeg 768w, https:\/\/lesexplorateurscatalans.fr\/wp-content\/uploads\/2025\/08\/IMG_7691-1536x1152.jpeg 1536w, https:\/\/lesexplorateurscatalans.fr\/wp-content\/uploads\/2025\/08\/IMG_7691-560x420.jpeg 560w, https:\/\/lesexplorateurscatalans.fr\/wp-content\/uploads\/2025\/08\/IMG_7691-80x60.jpeg 80w, https:\/\/lesexplorateurscatalans.fr\/wp-content\/uploads\/2025\/08\/IMG_7691-696x522.jpeg 696w, https:\/\/lesexplorateurscatalans.fr\/wp-content\/uploads\/2025\/08\/IMG_7691-1068x801.jpeg 1068w, https:\/\/lesexplorateurscatalans.fr\/wp-content\/uploads\/2025\/08\/IMG_7691-1920x1440.jpeg 1920w, https:\/\/lesexplorateurscatalans.fr\/wp-content\/uploads\/2025\/08\/IMG_7691-265x198.jpeg 265w, https:\/\/lesexplorateurscatalans.fr\/wp-content\/uploads\/2025\/08\/IMG_7691.jpeg 2048w\" sizes=\"auto, (max-width: 1024px) 100vw, 1024px\" \/><\/figure>\n\n\n\n<figure class=\"wp-block-image size-large\"><img loading=\"lazy\" decoding=\"async\" width=\"1024\" height=\"768\" data-id=\"1130\" src=\"https:\/\/lesexplorateurscatalans.fr\/wp-content\/uploads\/2025\/08\/IMG_7692-1024x768.jpeg\" alt=\"\" class=\"wp-image-1130\" srcset=\"https:\/\/lesexplorateurscatalans.fr\/wp-content\/uploads\/2025\/08\/IMG_7692-1024x768.jpeg 1024w, https:\/\/lesexplorateurscatalans.fr\/wp-content\/uploads\/2025\/08\/IMG_7692-300x225.jpeg 300w, https:\/\/lesexplorateurscatalans.fr\/wp-content\/uploads\/2025\/08\/IMG_7692-768x576.jpeg 768w, https:\/\/lesexplorateurscatalans.fr\/wp-content\/uploads\/2025\/08\/IMG_7692-1536x1152.jpeg 1536w, https:\/\/lesexplorateurscatalans.fr\/wp-content\/uploads\/2025\/08\/IMG_7692-560x420.jpeg 560w, https:\/\/lesexplorateurscatalans.fr\/wp-content\/uploads\/2025\/08\/IMG_7692-80x60.jpeg 80w, https:\/\/lesexplorateurscatalans.fr\/wp-content\/uploads\/2025\/08\/IMG_7692-696x522.jpeg 696w, https:\/\/lesexplorateurscatalans.fr\/wp-content\/uploads\/2025\/08\/IMG_7692-1068x801.jpeg 1068w, https:\/\/lesexplorateurscatalans.fr\/wp-content\/uploads\/2025\/08\/IMG_7692-1920x1440.jpeg 1920w, https:\/\/lesexplorateurscatalans.fr\/wp-content\/uploads\/2025\/08\/IMG_7692-265x198.jpeg 265w, https:\/\/lesexplorateurscatalans.fr\/wp-content\/uploads\/2025\/08\/IMG_7692.jpeg 2048w\" sizes=\"auto, (max-width: 1024px) 100vw, 1024px\" \/><\/figure>\n\n\n\n<figure class=\"wp-block-image size-large\"><img loading=\"lazy\" decoding=\"async\" width=\"1024\" height=\"768\" data-id=\"1126\" src=\"https:\/\/lesexplorateurscatalans.fr\/wp-content\/uploads\/2025\/08\/IMG_7693-1024x768.jpeg\" alt=\"\" class=\"wp-image-1126\" srcset=\"https:\/\/lesexplorateurscatalans.fr\/wp-content\/uploads\/2025\/08\/IMG_7693-1024x768.jpeg 1024w, https:\/\/lesexplorateurscatalans.fr\/wp-content\/uploads\/2025\/08\/IMG_7693-300x225.jpeg 300w, https:\/\/lesexplorateurscatalans.fr\/wp-content\/uploads\/2025\/08\/IMG_7693-768x576.jpeg 768w, https:\/\/lesexplorateurscatalans.fr\/wp-content\/uploads\/2025\/08\/IMG_7693-1536x1152.jpeg 1536w, https:\/\/lesexplorateurscatalans.fr\/wp-content\/uploads\/2025\/08\/IMG_7693-560x420.jpeg 560w, https:\/\/lesexplorateurscatalans.fr\/wp-content\/uploads\/2025\/08\/IMG_7693-80x60.jpeg 80w, https:\/\/lesexplorateurscatalans.fr\/wp-content\/uploads\/2025\/08\/IMG_7693-696x522.jpeg 696w, https:\/\/lesexplorateurscatalans.fr\/wp-content\/uploads\/2025\/08\/IMG_7693-1068x801.jpeg 1068w, https:\/\/lesexplorateurscatalans.fr\/wp-content\/uploads\/2025\/08\/IMG_7693-1920x1440.jpeg 1920w, https:\/\/lesexplorateurscatalans.fr\/wp-content\/uploads\/2025\/08\/IMG_7693-265x198.jpeg 265w, https:\/\/lesexplorateurscatalans.fr\/wp-content\/uploads\/2025\/08\/IMG_7693.jpeg 2048w\" sizes=\"auto, (max-width: 1024px) 100vw, 1024px\" \/><\/figure>\n\n\n\n<figure class=\"wp-block-image size-large\"><img loading=\"lazy\" decoding=\"async\" width=\"1024\" height=\"768\" data-id=\"1127\" src=\"https:\/\/lesexplorateurscatalans.fr\/wp-content\/uploads\/2025\/08\/IMG_7694-1024x768.jpeg\" alt=\"\" class=\"wp-image-1127\" srcset=\"https:\/\/lesexplorateurscatalans.fr\/wp-content\/uploads\/2025\/08\/IMG_7694-1024x768.jpeg 1024w, https:\/\/lesexplorateurscatalans.fr\/wp-content\/uploads\/2025\/08\/IMG_7694-300x225.jpeg 300w, https:\/\/lesexplorateurscatalans.fr\/wp-content\/uploads\/2025\/08\/IMG_7694-768x576.jpeg 768w, https:\/\/lesexplorateurscatalans.fr\/wp-content\/uploads\/2025\/08\/IMG_7694-1536x1152.jpeg 1536w, https:\/\/lesexplorateurscatalans.fr\/wp-content\/uploads\/2025\/08\/IMG_7694-560x420.jpeg 560w, https:\/\/lesexplorateurscatalans.fr\/wp-content\/uploads\/2025\/08\/IMG_7694-80x60.jpeg 80w, https:\/\/lesexplorateurscatalans.fr\/wp-content\/uploads\/2025\/08\/IMG_7694-696x522.jpeg 696w, https:\/\/lesexplorateurscatalans.fr\/wp-content\/uploads\/2025\/08\/IMG_7694-1068x801.jpeg 1068w, https:\/\/lesexplorateurscatalans.fr\/wp-content\/uploads\/2025\/08\/IMG_7694-1920x1440.jpeg 1920w, https:\/\/lesexplorateurscatalans.fr\/wp-content\/uploads\/2025\/08\/IMG_7694-265x198.jpeg 265w, https:\/\/lesexplorateurscatalans.fr\/wp-content\/uploads\/2025\/08\/IMG_7694.jpeg 2048w\" sizes=\"auto, (max-width: 1024px) 100vw, 1024px\" \/><\/figure>\n\n\n\n<figure class=\"wp-block-image size-large\"><img loading=\"lazy\" decoding=\"async\" width=\"1024\" height=\"768\" data-id=\"1131\" src=\"https:\/\/lesexplorateurscatalans.fr\/wp-content\/uploads\/2025\/08\/IMG_7696-1024x768.jpeg\" alt=\"\" class=\"wp-image-1131\" srcset=\"https:\/\/lesexplorateurscatalans.fr\/wp-content\/uploads\/2025\/08\/IMG_7696-1024x768.jpeg 1024w, https:\/\/lesexplorateurscatalans.fr\/wp-content\/uploads\/2025\/08\/IMG_7696-300x225.jpeg 300w, https:\/\/lesexplorateurscatalans.fr\/wp-content\/uploads\/2025\/08\/IMG_7696-768x576.jpeg 768w, https:\/\/lesexplorateurscatalans.fr\/wp-content\/uploads\/2025\/08\/IMG_7696-1536x1152.jpeg 1536w, https:\/\/lesexplorateurscatalans.fr\/wp-content\/uploads\/2025\/08\/IMG_7696-560x420.jpeg 560w, https:\/\/lesexplorateurscatalans.fr\/wp-content\/uploads\/2025\/08\/IMG_7696-80x60.jpeg 80w, https:\/\/lesexplorateurscatalans.fr\/wp-content\/uploads\/2025\/08\/IMG_7696-696x522.jpeg 696w, https:\/\/lesexplorateurscatalans.fr\/wp-content\/uploads\/2025\/08\/IMG_7696-1068x801.jpeg 1068w, https:\/\/lesexplorateurscatalans.fr\/wp-content\/uploads\/2025\/08\/IMG_7696-1920x1440.jpeg 1920w, https:\/\/lesexplorateurscatalans.fr\/wp-content\/uploads\/2025\/08\/IMG_7696-265x198.jpeg 265w, https:\/\/lesexplorateurscatalans.fr\/wp-content\/uploads\/2025\/08\/IMG_7696.jpeg 2048w\" sizes=\"auto, (max-width: 1024px) 100vw, 1024px\" \/><\/figure>\n\n\n\n<figure class=\"wp-block-image size-large\"><img loading=\"lazy\" decoding=\"async\" width=\"1024\" height=\"768\" data-id=\"1133\" src=\"https:\/\/lesexplorateurscatalans.fr\/wp-content\/uploads\/2025\/08\/IMG_7697-1024x768.jpeg\" alt=\"\" class=\"wp-image-1133\" srcset=\"https:\/\/lesexplorateurscatalans.fr\/wp-content\/uploads\/2025\/08\/IMG_7697-1024x768.jpeg 1024w, https:\/\/lesexplorateurscatalans.fr\/wp-content\/uploads\/2025\/08\/IMG_7697-300x225.jpeg 300w, https:\/\/lesexplorateurscatalans.fr\/wp-content\/uploads\/2025\/08\/IMG_7697-768x576.jpeg 768w, https:\/\/lesexplorateurscatalans.fr\/wp-content\/uploads\/2025\/08\/IMG_7697-1536x1152.jpeg 1536w, https:\/\/lesexplorateurscatalans.fr\/wp-content\/uploads\/2025\/08\/IMG_7697-560x420.jpeg 560w, https:\/\/lesexplorateurscatalans.fr\/wp-content\/uploads\/2025\/08\/IMG_7697-80x60.jpeg 80w, https:\/\/lesexplorateurscatalans.fr\/wp-content\/uploads\/2025\/08\/IMG_7697-696x522.jpeg 696w, https:\/\/lesexplorateurscatalans.fr\/wp-content\/uploads\/2025\/08\/IMG_7697-1068x801.jpeg 1068w, https:\/\/lesexplorateurscatalans.fr\/wp-content\/uploads\/2025\/08\/IMG_7697-1920x1440.jpeg 1920w, https:\/\/lesexplorateurscatalans.fr\/wp-content\/uploads\/2025\/08\/IMG_7697-265x198.jpeg 265w, https:\/\/lesexplorateurscatalans.fr\/wp-content\/uploads\/2025\/08\/IMG_7697.jpeg 2048w\" sizes=\"auto, (max-width: 1024px) 100vw, 1024px\" \/><\/figure>\n\n\n\n<figure class=\"wp-block-image size-large\"><img loading=\"lazy\" decoding=\"async\" width=\"1024\" height=\"768\" data-id=\"1132\" src=\"https:\/\/lesexplorateurscatalans.fr\/wp-content\/uploads\/2025\/08\/IMG_7698-1024x768.jpeg\" alt=\"\" class=\"wp-image-1132\" srcset=\"https:\/\/lesexplorateurscatalans.fr\/wp-content\/uploads\/2025\/08\/IMG_7698-1024x768.jpeg 1024w, https:\/\/lesexplorateurscatalans.fr\/wp-content\/uploads\/2025\/08\/IMG_7698-300x225.jpeg 300w, https:\/\/lesexplorateurscatalans.fr\/wp-content\/uploads\/2025\/08\/IMG_7698-768x576.jpeg 768w, https:\/\/lesexplorateurscatalans.fr\/wp-content\/uploads\/2025\/08\/IMG_7698-1536x1152.jpeg 1536w, https:\/\/lesexplorateurscatalans.fr\/wp-content\/uploads\/2025\/08\/IMG_7698-560x420.jpeg 560w, https:\/\/lesexplorateurscatalans.fr\/wp-content\/uploads\/2025\/08\/IMG_7698-80x60.jpeg 80w, https:\/\/lesexplorateurscatalans.fr\/wp-content\/uploads\/2025\/08\/IMG_7698-696x522.jpeg 696w, https:\/\/lesexplorateurscatalans.fr\/wp-content\/uploads\/2025\/08\/IMG_7698-1068x801.jpeg 1068w, https:\/\/lesexplorateurscatalans.fr\/wp-content\/uploads\/2025\/08\/IMG_7698-1920x1440.jpeg 1920w, https:\/\/lesexplorateurscatalans.fr\/wp-content\/uploads\/2025\/08\/IMG_7698-265x198.jpeg 265w, https:\/\/lesexplorateurscatalans.fr\/wp-content\/uploads\/2025\/08\/IMG_7698.jpeg 2048w\" sizes=\"auto, (max-width: 1024px) 100vw, 1024px\" \/><\/figure>\n\n\n\n<figure class=\"wp-block-image size-large\"><img loading=\"lazy\" decoding=\"async\" width=\"1024\" height=\"768\" data-id=\"1134\" src=\"https:\/\/lesexplorateurscatalans.fr\/wp-content\/uploads\/2025\/08\/IMG_7699-1024x768.jpeg\" alt=\"\" class=\"wp-image-1134\" srcset=\"https:\/\/lesexplorateurscatalans.fr\/wp-content\/uploads\/2025\/08\/IMG_7699-1024x768.jpeg 1024w, https:\/\/lesexplorateurscatalans.fr\/wp-content\/uploads\/2025\/08\/IMG_7699-300x225.jpeg 300w, https:\/\/lesexplorateurscatalans.fr\/wp-content\/uploads\/2025\/08\/IMG_7699-768x576.jpeg 768w, https:\/\/lesexplorateurscatalans.fr\/wp-content\/uploads\/2025\/08\/IMG_7699-1536x1152.jpeg 1536w, https:\/\/lesexplorateurscatalans.fr\/wp-content\/uploads\/2025\/08\/IMG_7699-560x420.jpeg 560w, https:\/\/lesexplorateurscatalans.fr\/wp-content\/uploads\/2025\/08\/IMG_7699-80x60.jpeg 80w, https:\/\/lesexplorateurscatalans.fr\/wp-content\/uploads\/2025\/08\/IMG_7699-696x522.jpeg 696w, https:\/\/lesexplorateurscatalans.fr\/wp-content\/uploads\/2025\/08\/IMG_7699-1068x801.jpeg 1068w, https:\/\/lesexplorateurscatalans.fr\/wp-content\/uploads\/2025\/08\/IMG_7699-1920x1440.jpeg 1920w, https:\/\/lesexplorateurscatalans.fr\/wp-content\/uploads\/2025\/08\/IMG_7699-265x198.jpeg 265w, https:\/\/lesexplorateurscatalans.fr\/wp-content\/uploads\/2025\/08\/IMG_7699.jpeg 2048w\" sizes=\"auto, (max-width: 1024px) 100vw, 1024px\" \/><\/figure>\n\n\n\n<figure class=\"wp-block-image size-large\"><img loading=\"lazy\" decoding=\"async\" width=\"1024\" height=\"768\" data-id=\"1135\" src=\"https:\/\/lesexplorateurscatalans.fr\/wp-content\/uploads\/2025\/08\/IMG_7700-1024x768.jpeg\" alt=\"\" class=\"wp-image-1135\" srcset=\"https:\/\/lesexplorateurscatalans.fr\/wp-content\/uploads\/2025\/08\/IMG_7700-1024x768.jpeg 1024w, https:\/\/lesexplorateurscatalans.fr\/wp-content\/uploads\/2025\/08\/IMG_7700-300x225.jpeg 300w, https:\/\/lesexplorateurscatalans.fr\/wp-content\/uploads\/2025\/08\/IMG_7700-768x576.jpeg 768w, https:\/\/lesexplorateurscatalans.fr\/wp-content\/uploads\/2025\/08\/IMG_7700-1536x1152.jpeg 1536w, https:\/\/lesexplorateurscatalans.fr\/wp-content\/uploads\/2025\/08\/IMG_7700-560x420.jpeg 560w, https:\/\/lesexplorateurscatalans.fr\/wp-content\/uploads\/2025\/08\/IMG_7700-80x60.jpeg 80w, https:\/\/lesexplorateurscatalans.fr\/wp-content\/uploads\/2025\/08\/IMG_7700-696x522.jpeg 696w, https:\/\/lesexplorateurscatalans.fr\/wp-content\/uploads\/2025\/08\/IMG_7700-1068x801.jpeg 1068w, https:\/\/lesexplorateurscatalans.fr\/wp-content\/uploads\/2025\/08\/IMG_7700-1920x1440.jpeg 1920w, https:\/\/lesexplorateurscatalans.fr\/wp-content\/uploads\/2025\/08\/IMG_7700-265x198.jpeg 265w, https:\/\/lesexplorateurscatalans.fr\/wp-content\/uploads\/2025\/08\/IMG_7700.jpeg 2048w\" sizes=\"auto, (max-width: 1024px) 100vw, 1024px\" \/><\/figure>\n\n\n\n<figure class=\"wp-block-image size-large\"><img loading=\"lazy\" decoding=\"async\" width=\"1024\" height=\"768\" data-id=\"1136\" src=\"https:\/\/lesexplorateurscatalans.fr\/wp-content\/uploads\/2025\/08\/IMG_7701-1024x768.jpeg\" alt=\"\" class=\"wp-image-1136\" srcset=\"https:\/\/lesexplorateurscatalans.fr\/wp-content\/uploads\/2025\/08\/IMG_7701-1024x768.jpeg 1024w, https:\/\/lesexplorateurscatalans.fr\/wp-content\/uploads\/2025\/08\/IMG_7701-300x225.jpeg 300w, https:\/\/lesexplorateurscatalans.fr\/wp-content\/uploads\/2025\/08\/IMG_7701-768x576.jpeg 768w, https:\/\/lesexplorateurscatalans.fr\/wp-content\/uploads\/2025\/08\/IMG_7701-1536x1152.jpeg 1536w, https:\/\/lesexplorateurscatalans.fr\/wp-content\/uploads\/2025\/08\/IMG_7701-560x420.jpeg 560w, https:\/\/lesexplorateurscatalans.fr\/wp-content\/uploads\/2025\/08\/IMG_7701-80x60.jpeg 80w, https:\/\/lesexplorateurscatalans.fr\/wp-content\/uploads\/2025\/08\/IMG_7701-696x522.jpeg 696w, https:\/\/lesexplorateurscatalans.fr\/wp-content\/uploads\/2025\/08\/IMG_7701-1068x801.jpeg 1068w, https:\/\/lesexplorateurscatalans.fr\/wp-content\/uploads\/2025\/08\/IMG_7701-1920x1440.jpeg 1920w, https:\/\/lesexplorateurscatalans.fr\/wp-content\/uploads\/2025\/08\/IMG_7701-265x198.jpeg 265w, https:\/\/lesexplorateurscatalans.fr\/wp-content\/uploads\/2025\/08\/IMG_7701.jpeg 2048w\" sizes=\"auto, (max-width: 1024px) 100vw, 1024px\" \/><\/figure>\n\n\n\n<figure class=\"wp-block-image size-large\"><img loading=\"lazy\" decoding=\"async\" width=\"1024\" height=\"768\" data-id=\"1138\" src=\"https:\/\/lesexplorateurscatalans.fr\/wp-content\/uploads\/2025\/08\/IMG_7703-1024x768.jpeg\" alt=\"\" class=\"wp-image-1138\" srcset=\"https:\/\/lesexplorateurscatalans.fr\/wp-content\/uploads\/2025\/08\/IMG_7703-1024x768.jpeg 1024w, https:\/\/lesexplorateurscatalans.fr\/wp-content\/uploads\/2025\/08\/IMG_7703-300x225.jpeg 300w, https:\/\/lesexplorateurscatalans.fr\/wp-content\/uploads\/2025\/08\/IMG_7703-768x576.jpeg 768w, https:\/\/lesexplorateurscatalans.fr\/wp-content\/uploads\/2025\/08\/IMG_7703-1536x1152.jpeg 1536w, https:\/\/lesexplorateurscatalans.fr\/wp-content\/uploads\/2025\/08\/IMG_7703-560x420.jpeg 560w, https:\/\/lesexplorateurscatalans.fr\/wp-content\/uploads\/2025\/08\/IMG_7703-80x60.jpeg 80w, https:\/\/lesexplorateurscatalans.fr\/wp-content\/uploads\/2025\/08\/IMG_7703-696x522.jpeg 696w, https:\/\/lesexplorateurscatalans.fr\/wp-content\/uploads\/2025\/08\/IMG_7703-1068x801.jpeg 1068w, https:\/\/lesexplorateurscatalans.fr\/wp-content\/uploads\/2025\/08\/IMG_7703-1920x1440.jpeg 1920w, https:\/\/lesexplorateurscatalans.fr\/wp-content\/uploads\/2025\/08\/IMG_7703-265x198.jpeg 265w, https:\/\/lesexplorateurscatalans.fr\/wp-content\/uploads\/2025\/08\/IMG_7703.jpeg 2048w\" sizes=\"auto, (max-width: 1024px) 100vw, 1024px\" \/><\/figure>\n\n\n\n<figure class=\"wp-block-image size-large\"><img loading=\"lazy\" decoding=\"async\" width=\"1024\" height=\"768\" data-id=\"1140\" src=\"https:\/\/lesexplorateurscatalans.fr\/wp-content\/uploads\/2025\/08\/IMG_7704-1024x768.jpeg\" alt=\"\" class=\"wp-image-1140\" srcset=\"https:\/\/lesexplorateurscatalans.fr\/wp-content\/uploads\/2025\/08\/IMG_7704-1024x768.jpeg 1024w, https:\/\/lesexplorateurscatalans.fr\/wp-content\/uploads\/2025\/08\/IMG_7704-300x225.jpeg 300w, https:\/\/lesexplorateurscatalans.fr\/wp-content\/uploads\/2025\/08\/IMG_7704-768x576.jpeg 768w, https:\/\/lesexplorateurscatalans.fr\/wp-content\/uploads\/2025\/08\/IMG_7704-1536x1152.jpeg 1536w, https:\/\/lesexplorateurscatalans.fr\/wp-content\/uploads\/2025\/08\/IMG_7704-560x420.jpeg 560w, https:\/\/lesexplorateurscatalans.fr\/wp-content\/uploads\/2025\/08\/IMG_7704-80x60.jpeg 80w, https:\/\/lesexplorateurscatalans.fr\/wp-content\/uploads\/2025\/08\/IMG_7704-696x522.jpeg 696w, https:\/\/lesexplorateurscatalans.fr\/wp-content\/uploads\/2025\/08\/IMG_7704-1068x801.jpeg 1068w, https:\/\/lesexplorateurscatalans.fr\/wp-content\/uploads\/2025\/08\/IMG_7704-1920x1440.jpeg 1920w, https:\/\/lesexplorateurscatalans.fr\/wp-content\/uploads\/2025\/08\/IMG_7704-265x198.jpeg 265w, https:\/\/lesexplorateurscatalans.fr\/wp-content\/uploads\/2025\/08\/IMG_7704.jpeg 2048w\" sizes=\"auto, (max-width: 1024px) 100vw, 1024px\" \/><\/figure>\n\n\n\n<figure class=\"wp-block-image size-large\"><img loading=\"lazy\" decoding=\"async\" width=\"1024\" height=\"768\" data-id=\"1141\" src=\"https:\/\/lesexplorateurscatalans.fr\/wp-content\/uploads\/2025\/08\/IMG_7705-1024x768.jpeg\" alt=\"\" class=\"wp-image-1141\" srcset=\"https:\/\/lesexplorateurscatalans.fr\/wp-content\/uploads\/2025\/08\/IMG_7705-1024x768.jpeg 1024w, https:\/\/lesexplorateurscatalans.fr\/wp-content\/uploads\/2025\/08\/IMG_7705-300x225.jpeg 300w, https:\/\/lesexplorateurscatalans.fr\/wp-content\/uploads\/2025\/08\/IMG_7705-768x576.jpeg 768w, https:\/\/lesexplorateurscatalans.fr\/wp-content\/uploads\/2025\/08\/IMG_7705-1536x1152.jpeg 1536w, https:\/\/lesexplorateurscatalans.fr\/wp-content\/uploads\/2025\/08\/IMG_7705-560x420.jpeg 560w, https:\/\/lesexplorateurscatalans.fr\/wp-content\/uploads\/2025\/08\/IMG_7705-80x60.jpeg 80w, https:\/\/lesexplorateurscatalans.fr\/wp-content\/uploads\/2025\/08\/IMG_7705-696x522.jpeg 696w, https:\/\/lesexplorateurscatalans.fr\/wp-content\/uploads\/2025\/08\/IMG_7705-1068x801.jpeg 1068w, https:\/\/lesexplorateurscatalans.fr\/wp-content\/uploads\/2025\/08\/IMG_7705-1920x1440.jpeg 1920w, https:\/\/lesexplorateurscatalans.fr\/wp-content\/uploads\/2025\/08\/IMG_7705-265x198.jpeg 265w, https:\/\/lesexplorateurscatalans.fr\/wp-content\/uploads\/2025\/08\/IMG_7705.jpeg 2048w\" sizes=\"auto, (max-width: 1024px) 100vw, 1024px\" \/><\/figure>\n\n\n\n<figure class=\"wp-block-image size-large\"><img loading=\"lazy\" decoding=\"async\" width=\"1024\" height=\"768\" data-id=\"1139\" src=\"https:\/\/lesexplorateurscatalans.fr\/wp-content\/uploads\/2025\/08\/IMG_7707-1024x768.jpeg\" alt=\"\" class=\"wp-image-1139\" srcset=\"https:\/\/lesexplorateurscatalans.fr\/wp-content\/uploads\/2025\/08\/IMG_7707-1024x768.jpeg 1024w, https:\/\/lesexplorateurscatalans.fr\/wp-content\/uploads\/2025\/08\/IMG_7707-300x225.jpeg 300w, https:\/\/lesexplorateurscatalans.fr\/wp-content\/uploads\/2025\/08\/IMG_7707-768x576.jpeg 768w, https:\/\/lesexplorateurscatalans.fr\/wp-content\/uploads\/2025\/08\/IMG_7707-1536x1152.jpeg 1536w, https:\/\/lesexplorateurscatalans.fr\/wp-content\/uploads\/2025\/08\/IMG_7707-560x420.jpeg 560w, https:\/\/lesexplorateurscatalans.fr\/wp-content\/uploads\/2025\/08\/IMG_7707-80x60.jpeg 80w, https:\/\/lesexplorateurscatalans.fr\/wp-content\/uploads\/2025\/08\/IMG_7707-696x522.jpeg 696w, https:\/\/lesexplorateurscatalans.fr\/wp-content\/uploads\/2025\/08\/IMG_7707-1068x801.jpeg 1068w, https:\/\/lesexplorateurscatalans.fr\/wp-content\/uploads\/2025\/08\/IMG_7707-1920x1440.jpeg 1920w, https:\/\/lesexplorateurscatalans.fr\/wp-content\/uploads\/2025\/08\/IMG_7707-265x198.jpeg 265w, https:\/\/lesexplorateurscatalans.fr\/wp-content\/uploads\/2025\/08\/IMG_7707.jpeg 2048w\" sizes=\"auto, (max-width: 1024px) 100vw, 1024px\" \/><\/figure>\n\n\n\n<figure class=\"wp-block-image size-large\"><img loading=\"lazy\" decoding=\"async\" width=\"1024\" height=\"768\" data-id=\"1142\" src=\"https:\/\/lesexplorateurscatalans.fr\/wp-content\/uploads\/2025\/08\/IMG_7708-1024x768.jpeg\" alt=\"\" class=\"wp-image-1142\" srcset=\"https:\/\/lesexplorateurscatalans.fr\/wp-content\/uploads\/2025\/08\/IMG_7708-1024x768.jpeg 1024w, https:\/\/lesexplorateurscatalans.fr\/wp-content\/uploads\/2025\/08\/IMG_7708-300x225.jpeg 300w, https:\/\/lesexplorateurscatalans.fr\/wp-content\/uploads\/2025\/08\/IMG_7708-768x576.jpeg 768w, https:\/\/lesexplorateurscatalans.fr\/wp-content\/uploads\/2025\/08\/IMG_7708-1536x1152.jpeg 1536w, https:\/\/lesexplorateurscatalans.fr\/wp-content\/uploads\/2025\/08\/IMG_7708-560x420.jpeg 560w, https:\/\/lesexplorateurscatalans.fr\/wp-content\/uploads\/2025\/08\/IMG_7708-80x60.jpeg 80w, https:\/\/lesexplorateurscatalans.fr\/wp-content\/uploads\/2025\/08\/IMG_7708-696x522.jpeg 696w, https:\/\/lesexplorateurscatalans.fr\/wp-content\/uploads\/2025\/08\/IMG_7708-1068x801.jpeg 1068w, https:\/\/lesexplorateurscatalans.fr\/wp-content\/uploads\/2025\/08\/IMG_7708-1920x1440.jpeg 1920w, https:\/\/lesexplorateurscatalans.fr\/wp-content\/uploads\/2025\/08\/IMG_7708-265x198.jpeg 265w, https:\/\/lesexplorateurscatalans.fr\/wp-content\/uploads\/2025\/08\/IMG_7708.jpeg 2048w\" sizes=\"auto, (max-width: 1024px) 100vw, 1024px\" \/><\/figure>\n\n\n\n<figure class=\"wp-block-image size-large\"><img loading=\"lazy\" decoding=\"async\" width=\"1024\" height=\"768\" data-id=\"1143\" src=\"https:\/\/lesexplorateurscatalans.fr\/wp-content\/uploads\/2025\/08\/IMG_7709-1024x768.jpeg\" alt=\"\" class=\"wp-image-1143\" srcset=\"https:\/\/lesexplorateurscatalans.fr\/wp-content\/uploads\/2025\/08\/IMG_7709-1024x768.jpeg 1024w, https:\/\/lesexplorateurscatalans.fr\/wp-content\/uploads\/2025\/08\/IMG_7709-300x225.jpeg 300w, https:\/\/lesexplorateurscatalans.fr\/wp-content\/uploads\/2025\/08\/IMG_7709-768x576.jpeg 768w, https:\/\/lesexplorateurscatalans.fr\/wp-content\/uploads\/2025\/08\/IMG_7709-1536x1152.jpeg 1536w, https:\/\/lesexplorateurscatalans.fr\/wp-content\/uploads\/2025\/08\/IMG_7709-560x420.jpeg 560w, https:\/\/lesexplorateurscatalans.fr\/wp-content\/uploads\/2025\/08\/IMG_7709-80x60.jpeg 80w, https:\/\/lesexplorateurscatalans.fr\/wp-content\/uploads\/2025\/08\/IMG_7709-696x522.jpeg 696w, https:\/\/lesexplorateurscatalans.fr\/wp-content\/uploads\/2025\/08\/IMG_7709-1068x801.jpeg 1068w, https:\/\/lesexplorateurscatalans.fr\/wp-content\/uploads\/2025\/08\/IMG_7709-1920x1440.jpeg 1920w, https:\/\/lesexplorateurscatalans.fr\/wp-content\/uploads\/2025\/08\/IMG_7709-265x198.jpeg 265w, https:\/\/lesexplorateurscatalans.fr\/wp-content\/uploads\/2025\/08\/IMG_7709.jpeg 2048w\" sizes=\"auto, (max-width: 1024px) 100vw, 1024px\" \/><\/figure>\n\n\n\n<figure class=\"wp-block-image size-large\"><img loading=\"lazy\" decoding=\"async\" width=\"1024\" height=\"768\" data-id=\"1144\" src=\"https:\/\/lesexplorateurscatalans.fr\/wp-content\/uploads\/2025\/08\/IMG_7706-1024x768.jpeg\" alt=\"\" class=\"wp-image-1144\" srcset=\"https:\/\/lesexplorateurscatalans.fr\/wp-content\/uploads\/2025\/08\/IMG_7706-1024x768.jpeg 1024w, https:\/\/lesexplorateurscatalans.fr\/wp-content\/uploads\/2025\/08\/IMG_7706-300x225.jpeg 300w, https:\/\/lesexplorateurscatalans.fr\/wp-content\/uploads\/2025\/08\/IMG_7706-768x576.jpeg 768w, https:\/\/lesexplorateurscatalans.fr\/wp-content\/uploads\/2025\/08\/IMG_7706-1536x1152.jpeg 1536w, https:\/\/lesexplorateurscatalans.fr\/wp-content\/uploads\/2025\/08\/IMG_7706-560x420.jpeg 560w, https:\/\/lesexplorateurscatalans.fr\/wp-content\/uploads\/2025\/08\/IMG_7706-80x60.jpeg 80w, https:\/\/lesexplorateurscatalans.fr\/wp-content\/uploads\/2025\/08\/IMG_7706-696x522.jpeg 696w, https:\/\/lesexplorateurscatalans.fr\/wp-content\/uploads\/2025\/08\/IMG_7706-1068x801.jpeg 1068w, https:\/\/lesexplorateurscatalans.fr\/wp-content\/uploads\/2025\/08\/IMG_7706-1920x1440.jpeg 1920w, https:\/\/lesexplorateurscatalans.fr\/wp-content\/uploads\/2025\/08\/IMG_7706-265x198.jpeg 265w, https:\/\/lesexplorateurscatalans.fr\/wp-content\/uploads\/2025\/08\/IMG_7706.jpeg 2048w\" sizes=\"auto, (max-width: 1024px) 100vw, 1024px\" \/><\/figure>\n\n\n\n<figure class=\"wp-block-image size-large\"><img loading=\"lazy\" decoding=\"async\" width=\"1024\" height=\"768\" data-id=\"1145\" src=\"https:\/\/lesexplorateurscatalans.fr\/wp-content\/uploads\/2025\/08\/IMG_7710-1024x768.jpeg\" alt=\"\" class=\"wp-image-1145\" srcset=\"https:\/\/lesexplorateurscatalans.fr\/wp-content\/uploads\/2025\/08\/IMG_7710-1024x768.jpeg 1024w, https:\/\/lesexplorateurscatalans.fr\/wp-content\/uploads\/2025\/08\/IMG_7710-300x225.jpeg 300w, https:\/\/lesexplorateurscatalans.fr\/wp-content\/uploads\/2025\/08\/IMG_7710-768x576.jpeg 768w, https:\/\/lesexplorateurscatalans.fr\/wp-content\/uploads\/2025\/08\/IMG_7710-1536x1152.jpeg 1536w, https:\/\/lesexplorateurscatalans.fr\/wp-content\/uploads\/2025\/08\/IMG_7710-560x420.jpeg 560w, https:\/\/lesexplorateurscatalans.fr\/wp-content\/uploads\/2025\/08\/IMG_7710-80x60.jpeg 80w, https:\/\/lesexplorateurscatalans.fr\/wp-content\/uploads\/2025\/08\/IMG_7710-696x522.jpeg 696w, https:\/\/lesexplorateurscatalans.fr\/wp-content\/uploads\/2025\/08\/IMG_7710-1068x801.jpeg 1068w, https:\/\/lesexplorateurscatalans.fr\/wp-content\/uploads\/2025\/08\/IMG_7710-1920x1440.jpeg 1920w, https:\/\/lesexplorateurscatalans.fr\/wp-content\/uploads\/2025\/08\/IMG_7710-265x198.jpeg 265w, https:\/\/lesexplorateurscatalans.fr\/wp-content\/uploads\/2025\/08\/IMG_7710.jpeg 2048w\" sizes=\"auto, (max-width: 1024px) 100vw, 1024px\" \/><\/figure>\n\n\n\n<figure class=\"wp-block-image size-large\"><img loading=\"lazy\" decoding=\"async\" width=\"768\" height=\"1024\" data-id=\"1146\" src=\"https:\/\/lesexplorateurscatalans.fr\/wp-content\/uploads\/2025\/08\/IMG_7711-768x1024.jpeg\" alt=\"\" class=\"wp-image-1146\" srcset=\"https:\/\/lesexplorateurscatalans.fr\/wp-content\/uploads\/2025\/08\/IMG_7711-768x1024.jpeg 768w, https:\/\/lesexplorateurscatalans.fr\/wp-content\/uploads\/2025\/08\/IMG_7711-225x300.jpeg 225w, https:\/\/lesexplorateurscatalans.fr\/wp-content\/uploads\/2025\/08\/IMG_7711-1152x1536.jpeg 1152w, https:\/\/lesexplorateurscatalans.fr\/wp-content\/uploads\/2025\/08\/IMG_7711-315x420.jpeg 315w, https:\/\/lesexplorateurscatalans.fr\/wp-content\/uploads\/2025\/08\/IMG_7711-696x928.jpeg 696w, https:\/\/lesexplorateurscatalans.fr\/wp-content\/uploads\/2025\/08\/IMG_7711-1068x1424.jpeg 1068w, https:\/\/lesexplorateurscatalans.fr\/wp-content\/uploads\/2025\/08\/IMG_7711.jpeg 1536w\" sizes=\"auto, (max-width: 768px) 100vw, 768px\" \/><\/figure>\n\n\n\n<figure class=\"wp-block-image size-large\"><img loading=\"lazy\" decoding=\"async\" width=\"1024\" height=\"768\" data-id=\"1147\" src=\"https:\/\/lesexplorateurscatalans.fr\/wp-content\/uploads\/2025\/08\/IMG_7712-1024x768.jpeg\" alt=\"\" class=\"wp-image-1147\" srcset=\"https:\/\/lesexplorateurscatalans.fr\/wp-content\/uploads\/2025\/08\/IMG_7712-1024x768.jpeg 1024w, https:\/\/lesexplorateurscatalans.fr\/wp-content\/uploads\/2025\/08\/IMG_7712-300x225.jpeg 300w, https:\/\/lesexplorateurscatalans.fr\/wp-content\/uploads\/2025\/08\/IMG_7712-768x576.jpeg 768w, https:\/\/lesexplorateurscatalans.fr\/wp-content\/uploads\/2025\/08\/IMG_7712-1536x1152.jpeg 1536w, https:\/\/lesexplorateurscatalans.fr\/wp-content\/uploads\/2025\/08\/IMG_7712-560x420.jpeg 560w, https:\/\/lesexplorateurscatalans.fr\/wp-content\/uploads\/2025\/08\/IMG_7712-80x60.jpeg 80w, https:\/\/lesexplorateurscatalans.fr\/wp-content\/uploads\/2025\/08\/IMG_7712-696x522.jpeg 696w, https:\/\/lesexplorateurscatalans.fr\/wp-content\/uploads\/2025\/08\/IMG_7712-1068x801.jpeg 1068w, https:\/\/lesexplorateurscatalans.fr\/wp-content\/uploads\/2025\/08\/IMG_7712-1920x1440.jpeg 1920w, https:\/\/lesexplorateurscatalans.fr\/wp-content\/uploads\/2025\/08\/IMG_7712-265x198.jpeg 265w, https:\/\/lesexplorateurscatalans.fr\/wp-content\/uploads\/2025\/08\/IMG_7712.jpeg 2048w\" sizes=\"auto, (max-width: 1024px) 100vw, 1024px\" \/><\/figure>\n\n\n\n<figure class=\"wp-block-image size-large\"><img loading=\"lazy\" decoding=\"async\" width=\"1024\" height=\"768\" data-id=\"1148\" src=\"https:\/\/lesexplorateurscatalans.fr\/wp-content\/uploads\/2025\/08\/IMG_7713-1024x768.jpeg\" alt=\"\" class=\"wp-image-1148\" srcset=\"https:\/\/lesexplorateurscatalans.fr\/wp-content\/uploads\/2025\/08\/IMG_7713-1024x768.jpeg 1024w, https:\/\/lesexplorateurscatalans.fr\/wp-content\/uploads\/2025\/08\/IMG_7713-300x225.jpeg 300w, https:\/\/lesexplorateurscatalans.fr\/wp-content\/uploads\/2025\/08\/IMG_7713-768x576.jpeg 768w, https:\/\/lesexplorateurscatalans.fr\/wp-content\/uploads\/2025\/08\/IMG_7713-1536x1152.jpeg 1536w, https:\/\/lesexplorateurscatalans.fr\/wp-content\/uploads\/2025\/08\/IMG_7713-560x420.jpeg 560w, https:\/\/lesexplorateurscatalans.fr\/wp-content\/uploads\/2025\/08\/IMG_7713-80x60.jpeg 80w, https:\/\/lesexplorateurscatalans.fr\/wp-content\/uploads\/2025\/08\/IMG_7713-696x522.jpeg 696w, https:\/\/lesexplorateurscatalans.fr\/wp-content\/uploads\/2025\/08\/IMG_7713-1068x801.jpeg 1068w, https:\/\/lesexplorateurscatalans.fr\/wp-content\/uploads\/2025\/08\/IMG_7713-1920x1440.jpeg 1920w, https:\/\/lesexplorateurscatalans.fr\/wp-content\/uploads\/2025\/08\/IMG_7713-265x198.jpeg 265w, https:\/\/lesexplorateurscatalans.fr\/wp-content\/uploads\/2025\/08\/IMG_7713.jpeg 2048w\" sizes=\"auto, (max-width: 1024px) 100vw, 1024px\" \/><\/figure>\n\n\n\n<figure class=\"wp-block-image size-large\"><img loading=\"lazy\" decoding=\"async\" width=\"1024\" height=\"768\" data-id=\"1149\" src=\"https:\/\/lesexplorateurscatalans.fr\/wp-content\/uploads\/2025\/08\/IMG_7714-1024x768.jpeg\" alt=\"\" class=\"wp-image-1149\" srcset=\"https:\/\/lesexplorateurscatalans.fr\/wp-content\/uploads\/2025\/08\/IMG_7714-1024x768.jpeg 1024w, https:\/\/lesexplorateurscatalans.fr\/wp-content\/uploads\/2025\/08\/IMG_7714-300x225.jpeg 300w, https:\/\/lesexplorateurscatalans.fr\/wp-content\/uploads\/2025\/08\/IMG_7714-768x576.jpeg 768w, https:\/\/lesexplorateurscatalans.fr\/wp-content\/uploads\/2025\/08\/IMG_7714-1536x1152.jpeg 1536w, https:\/\/lesexplorateurscatalans.fr\/wp-content\/uploads\/2025\/08\/IMG_7714-560x420.jpeg 560w, https:\/\/lesexplorateurscatalans.fr\/wp-content\/uploads\/2025\/08\/IMG_7714-80x60.jpeg 80w, https:\/\/lesexplorateurscatalans.fr\/wp-content\/uploads\/2025\/08\/IMG_7714-696x522.jpeg 696w, https:\/\/lesexplorateurscatalans.fr\/wp-content\/uploads\/2025\/08\/IMG_7714-1068x801.jpeg 1068w, https:\/\/lesexplorateurscatalans.fr\/wp-content\/uploads\/2025\/08\/IMG_7714-1920x1440.jpeg 1920w, https:\/\/lesexplorateurscatalans.fr\/wp-content\/uploads\/2025\/08\/IMG_7714-265x198.jpeg 265w, https:\/\/lesexplorateurscatalans.fr\/wp-content\/uploads\/2025\/08\/IMG_7714.jpeg 2048w\" sizes=\"auto, (max-width: 1024px) 100vw, 1024px\" \/><\/figure>\n\n\n\n<figure class=\"wp-block-image size-large\"><img loading=\"lazy\" decoding=\"async\" width=\"1024\" height=\"768\" data-id=\"1150\" src=\"https:\/\/lesexplorateurscatalans.fr\/wp-content\/uploads\/2025\/08\/IMG_7715-1024x768.jpeg\" alt=\"\" class=\"wp-image-1150\" srcset=\"https:\/\/lesexplorateurscatalans.fr\/wp-content\/uploads\/2025\/08\/IMG_7715-1024x768.jpeg 1024w, https:\/\/lesexplorateurscatalans.fr\/wp-content\/uploads\/2025\/08\/IMG_7715-300x225.jpeg 300w, https:\/\/lesexplorateurscatalans.fr\/wp-content\/uploads\/2025\/08\/IMG_7715-768x576.jpeg 768w, https:\/\/lesexplorateurscatalans.fr\/wp-content\/uploads\/2025\/08\/IMG_7715-1536x1152.jpeg 1536w, https:\/\/lesexplorateurscatalans.fr\/wp-content\/uploads\/2025\/08\/IMG_7715-560x420.jpeg 560w, https:\/\/lesexplorateurscatalans.fr\/wp-content\/uploads\/2025\/08\/IMG_7715-80x60.jpeg 80w, https:\/\/lesexplorateurscatalans.fr\/wp-content\/uploads\/2025\/08\/IMG_7715-696x522.jpeg 696w, https:\/\/lesexplorateurscatalans.fr\/wp-content\/uploads\/2025\/08\/IMG_7715-1068x801.jpeg 1068w, https:\/\/lesexplorateurscatalans.fr\/wp-content\/uploads\/2025\/08\/IMG_7715-1920x1440.jpeg 1920w, https:\/\/lesexplorateurscatalans.fr\/wp-content\/uploads\/2025\/08\/IMG_7715-265x198.jpeg 265w, https:\/\/lesexplorateurscatalans.fr\/wp-content\/uploads\/2025\/08\/IMG_7715.jpeg 2048w\" sizes=\"auto, (max-width: 1024px) 100vw, 1024px\" \/><\/figure>\n\n\n\n<figure class=\"wp-block-image size-large\"><img loading=\"lazy\" decoding=\"async\" width=\"1024\" height=\"445\" data-id=\"1151\" src=\"https:\/\/lesexplorateurscatalans.fr\/wp-content\/uploads\/2025\/08\/IMG_7716-1024x445.jpeg\" alt=\"\" class=\"wp-image-1151\" srcset=\"https:\/\/lesexplorateurscatalans.fr\/wp-content\/uploads\/2025\/08\/IMG_7716-1024x445.jpeg 1024w, https:\/\/lesexplorateurscatalans.fr\/wp-content\/uploads\/2025\/08\/IMG_7716-300x130.jpeg 300w, https:\/\/lesexplorateurscatalans.fr\/wp-content\/uploads\/2025\/08\/IMG_7716-768x333.jpeg 768w, https:\/\/lesexplorateurscatalans.fr\/wp-content\/uploads\/2025\/08\/IMG_7716-1536x667.jpeg 1536w, https:\/\/lesexplorateurscatalans.fr\/wp-content\/uploads\/2025\/08\/IMG_7716-2048x889.jpeg 2048w, https:\/\/lesexplorateurscatalans.fr\/wp-content\/uploads\/2025\/08\/IMG_7716-967x420.jpeg 967w, https:\/\/lesexplorateurscatalans.fr\/wp-content\/uploads\/2025\/08\/IMG_7716-696x302.jpeg 696w, https:\/\/lesexplorateurscatalans.fr\/wp-content\/uploads\/2025\/08\/IMG_7716-1068x464.jpeg 1068w, https:\/\/lesexplorateurscatalans.fr\/wp-content\/uploads\/2025\/08\/IMG_7716-1920x834.jpeg 1920w\" sizes=\"auto, (max-width: 1024px) 100vw, 1024px\" \/><\/figure>\n\n\n\n<figure class=\"wp-block-image size-large\"><img loading=\"lazy\" decoding=\"async\" width=\"1024\" height=\"768\" data-id=\"1152\" src=\"https:\/\/lesexplorateurscatalans.fr\/wp-content\/uploads\/2025\/08\/IMG_7717-1024x768.jpeg\" alt=\"\" class=\"wp-image-1152\" srcset=\"https:\/\/lesexplorateurscatalans.fr\/wp-content\/uploads\/2025\/08\/IMG_7717-1024x768.jpeg 1024w, https:\/\/lesexplorateurscatalans.fr\/wp-content\/uploads\/2025\/08\/IMG_7717-300x225.jpeg 300w, https:\/\/lesexplorateurscatalans.fr\/wp-content\/uploads\/2025\/08\/IMG_7717-768x576.jpeg 768w, https:\/\/lesexplorateurscatalans.fr\/wp-content\/uploads\/2025\/08\/IMG_7717-1536x1152.jpeg 1536w, https:\/\/lesexplorateurscatalans.fr\/wp-content\/uploads\/2025\/08\/IMG_7717-560x420.jpeg 560w, https:\/\/lesexplorateurscatalans.fr\/wp-content\/uploads\/2025\/08\/IMG_7717-80x60.jpeg 80w, https:\/\/lesexplorateurscatalans.fr\/wp-content\/uploads\/2025\/08\/IMG_7717-696x522.jpeg 696w, https:\/\/lesexplorateurscatalans.fr\/wp-content\/uploads\/2025\/08\/IMG_7717-1068x801.jpeg 1068w, https:\/\/lesexplorateurscatalans.fr\/wp-content\/uploads\/2025\/08\/IMG_7717-1920x1440.jpeg 1920w, https:\/\/lesexplorateurscatalans.fr\/wp-content\/uploads\/2025\/08\/IMG_7717-265x198.jpeg 265w, https:\/\/lesexplorateurscatalans.fr\/wp-content\/uploads\/2025\/08\/IMG_7717.jpeg 2048w\" sizes=\"auto, (max-width: 1024px) 100vw, 1024px\" \/><\/figure>\n<\/figure>\n","protected":false},"excerpt":{"rendered":"<p>Creus\u00e9es par la rivi\u00e8re C\u00e8re depuis des mill\u00e9naires, les gorges s\u2019\u00e9tendent sur une trentaine de kilom\u00e8tres dans un site naturel remarquable. V\u00e9ritable perle du Massif central, cette vall\u00e9e combine patrimoine, g\u00e9ologie et biodiversit\u00e9. Une g\u00e9ologie sculpt\u00e9e par le temps N\u00e9es d\u2019un verrou glaciaire form\u00e9 il y a plus de 20 000 ans, les gorges offrent [&hellip;]<\/p>\n","protected":false},"author":1,"featured_media":1143,"comment_status":"open","ping_status":"open","sticky":false,"template":"","format":"standard","meta":{"tdm_status":"","tdm_grid_status":"","footnotes":""},"categories":[21,16],"tags":[264,277,60,263,268,265,267,272,275,276,262,94,266,270,269,39,271,274,273],"class_list":{"0":"post-1121","1":"post","2":"type-post","3":"status-publish","4":"format-standard","5":"has-post-thumbnail","7":"category-carnet-de-voyage","8":"category-randonnees","9":"tag-auvergne","10":"tag-balade-familiale","11":"tag-biodiversite","12":"tag-cantal","13":"tag-espace-naturel-sensible","14":"tag-gorges-de-la-cere","15":"tag-gr652","16":"tag-laroquebrou","17":"tag-laval-de-cere","18":"tag-loutre-deurope","19":"tag-massif-central","20":"tag-nature-sauvage","21":"tag-pas-de-cere","22":"tag-point-sublime","23":"tag-points-de-vue","24":"tag-randonnee","25":"tag-rocher-du-peintre","26":"tag-tourisme-vert","27":"tag-vallee-de-la-cere"},"yoast_head":"<!-- This site is optimized with the Yoast SEO plugin v26.5 - https:\/\/yoast.com\/wordpress\/plugins\/seo\/ -->\n<title>Gorges de la C\u00e8re : une balade entre histoire, paysages et nature - Les Explorateurs Catalans<\/title>\n<meta name=\"description\" content=\"D\u00e9couvrez les Gorges de la C\u00e8re (Cantal) : sentiers du GR652, points de vue grandioses, faune prot\u00e9g\u00e9e et paysages du Massif central pour une balade nature.\" \/>\n<meta name=\"robots\" content=\"index, follow, max-snippet:-1, max-image-preview:large, max-video-preview:-1\" \/>\n<link rel=\"canonical\" href=\"https:\/\/lesexplorateurscatalans.fr\/index.php\/2025\/08\/22\/gorges-de-la-cere-une-balade-entre-histoire-paysages-et-nature\/\" \/>\n<meta property=\"og:locale\" content=\"fr_FR\" \/>\n<meta property=\"og:type\" content=\"article\" \/>\n<meta property=\"og:title\" content=\"Gorges de la C\u00e8re : une balade entre histoire, paysages et nature - Les Explorateurs Catalans\" \/>\n<meta property=\"og:description\" content=\"D\u00e9couvrez les Gorges de la C\u00e8re (Cantal) : sentiers du GR652, points de vue grandioses, faune prot\u00e9g\u00e9e et paysages du Massif central pour une balade nature.\" \/>\n<meta property=\"og:url\" content=\"https:\/\/lesexplorateurscatalans.fr\/index.php\/2025\/08\/22\/gorges-de-la-cere-une-balade-entre-histoire-paysages-et-nature\/\" \/>\n<meta property=\"og:site_name\" content=\"Les Explorateurs Catalans\" \/>\n<meta property=\"article:publisher\" content=\"https:\/\/www.facebook.com\/lesexplorateurscatalans\" \/>\n<meta property=\"article:author\" content=\"https:\/\/www.facebook.com\/lesexplorateurscatalans\" \/>\n<meta property=\"article:published_time\" content=\"2025-08-22T15:08:57+00:00\" \/>\n<meta property=\"article:modified_time\" content=\"2025-08-22T15:08:59+00:00\" \/>\n<meta property=\"og:image\" content=\"https:\/\/lesexplorateurscatalans.fr\/wp-content\/uploads\/2025\/08\/IMG_7709.jpeg\" \/>\n\t<meta property=\"og:image:width\" content=\"2048\" \/>\n\t<meta property=\"og:image:height\" content=\"1536\" \/>\n\t<meta property=\"og:image:type\" content=\"image\/jpeg\" \/>\n<meta name=\"author\" content=\"Les Explorateurs Catalans\" \/>\n<meta name=\"twitter:card\" content=\"summary_large_image\" \/>\n<meta name=\"twitter:label1\" content=\"\u00c9crit par\" \/>\n\t<meta name=\"twitter:data1\" content=\"Les Explorateurs Catalans\" \/>\n\t<meta name=\"twitter:label2\" content=\"Dur\u00e9e de lecture estim\u00e9e\" \/>\n\t<meta name=\"twitter:data2\" content=\"8 minutes\" \/>\n<script type=\"application\/ld+json\" class=\"yoast-schema-graph\">{\"@context\":\"https:\/\/schema.org\",\"@graph\":[{\"@type\":\"Article\",\"@id\":\"https:\/\/lesexplorateurscatalans.fr\/index.php\/2025\/08\/22\/gorges-de-la-cere-une-balade-entre-histoire-paysages-et-nature\/#article\",\"isPartOf\":{\"@id\":\"https:\/\/lesexplorateurscatalans.fr\/index.php\/2025\/08\/22\/gorges-de-la-cere-une-balade-entre-histoire-paysages-et-nature\/\"},\"author\":{\"name\":\"Les Explorateurs Catalans\",\"@id\":\"https:\/\/lesexplorateurscatalans.fr\/#\/schema\/person\/0f91d5fd7188c18ca62f2ea37a0f7d02\"},\"headline\":\"Gorges de la C\u00e8re : une balade entre histoire, paysages et nature\",\"datePublished\":\"2025-08-22T15:08:57+00:00\",\"dateModified\":\"2025-08-22T15:08:59+00:00\",\"mainEntityOfPage\":{\"@id\":\"https:\/\/lesexplorateurscatalans.fr\/index.php\/2025\/08\/22\/gorges-de-la-cere-une-balade-entre-histoire-paysages-et-nature\/\"},\"wordCount\":408,\"commentCount\":0,\"publisher\":{\"@id\":\"https:\/\/lesexplorateurscatalans.fr\/#organization\"},\"image\":{\"@id\":\"https:\/\/lesexplorateurscatalans.fr\/index.php\/2025\/08\/22\/gorges-de-la-cere-une-balade-entre-histoire-paysages-et-nature\/#primaryimage\"},\"thumbnailUrl\":\"https:\/\/lesexplorateurscatalans.fr\/wp-content\/uploads\/2025\/08\/IMG_7709.jpeg\",\"keywords\":[\"Auvergne\",\"Balade familiale\",\"biodiversit\u00e9\",\"Cantal\",\"Espace Naturel Sensible\",\"Gorges de la C\u00e8re\",\"GR652\",\"Laroquebrou\",\"Laval-de-C\u00e8re\",\"Loutre d\u2019Europe\",\"Massif central\",\"nature sauvage\",\"Pas de C\u00e8re\",\"Point Sublime\",\"Points de vue\",\"randonn\u00e9e\",\"Rocher du Peintre\",\"Tourisme vert\",\"Vall\u00e9e de la C\u00e8re\"],\"articleSection\":[\"Carnet de voyage\",\"Randonn\u00e9es\"],\"inLanguage\":\"fr-FR\",\"potentialAction\":[{\"@type\":\"CommentAction\",\"name\":\"Comment\",\"target\":[\"https:\/\/lesexplorateurscatalans.fr\/index.php\/2025\/08\/22\/gorges-de-la-cere-une-balade-entre-histoire-paysages-et-nature\/#respond\"]}]},{\"@type\":\"WebPage\",\"@id\":\"https:\/\/lesexplorateurscatalans.fr\/index.php\/2025\/08\/22\/gorges-de-la-cere-une-balade-entre-histoire-paysages-et-nature\/\",\"url\":\"https:\/\/lesexplorateurscatalans.fr\/index.php\/2025\/08\/22\/gorges-de-la-cere-une-balade-entre-histoire-paysages-et-nature\/\",\"name\":\"Gorges de la C\u00e8re : une balade entre histoire, paysages et nature - Les Explorateurs Catalans\",\"isPartOf\":{\"@id\":\"https:\/\/lesexplorateurscatalans.fr\/#website\"},\"primaryImageOfPage\":{\"@id\":\"https:\/\/lesexplorateurscatalans.fr\/index.php\/2025\/08\/22\/gorges-de-la-cere-une-balade-entre-histoire-paysages-et-nature\/#primaryimage\"},\"image\":{\"@id\":\"https:\/\/lesexplorateurscatalans.fr\/index.php\/2025\/08\/22\/gorges-de-la-cere-une-balade-entre-histoire-paysages-et-nature\/#primaryimage\"},\"thumbnailUrl\":\"https:\/\/lesexplorateurscatalans.fr\/wp-content\/uploads\/2025\/08\/IMG_7709.jpeg\",\"datePublished\":\"2025-08-22T15:08:57+00:00\",\"dateModified\":\"2025-08-22T15:08:59+00:00\",\"description\":\"D\u00e9couvrez les Gorges de la C\u00e8re (Cantal) : sentiers du GR652, points de vue grandioses, faune prot\u00e9g\u00e9e et paysages du Massif central pour une balade nature.\",\"breadcrumb\":{\"@id\":\"https:\/\/lesexplorateurscatalans.fr\/index.php\/2025\/08\/22\/gorges-de-la-cere-une-balade-entre-histoire-paysages-et-nature\/#breadcrumb\"},\"inLanguage\":\"fr-FR\",\"potentialAction\":[{\"@type\":\"ReadAction\",\"target\":[\"https:\/\/lesexplorateurscatalans.fr\/index.php\/2025\/08\/22\/gorges-de-la-cere-une-balade-entre-histoire-paysages-et-nature\/\"]}]},{\"@type\":\"ImageObject\",\"inLanguage\":\"fr-FR\",\"@id\":\"https:\/\/lesexplorateurscatalans.fr\/index.php\/2025\/08\/22\/gorges-de-la-cere-une-balade-entre-histoire-paysages-et-nature\/#primaryimage\",\"url\":\"https:\/\/lesexplorateurscatalans.fr\/wp-content\/uploads\/2025\/08\/IMG_7709.jpeg\",\"contentUrl\":\"https:\/\/lesexplorateurscatalans.fr\/wp-content\/uploads\/2025\/08\/IMG_7709.jpeg\",\"width\":2048,\"height\":1536},{\"@type\":\"BreadcrumbList\",\"@id\":\"https:\/\/lesexplorateurscatalans.fr\/index.php\/2025\/08\/22\/gorges-de-la-cere-une-balade-entre-histoire-paysages-et-nature\/#breadcrumb\",\"itemListElement\":[{\"@type\":\"ListItem\",\"position\":1,\"name\":\"Accueil\",\"item\":\"https:\/\/lesexplorateurscatalans.fr\/\"},{\"@type\":\"ListItem\",\"position\":2,\"name\":\"Gorges de la C\u00e8re : une balade entre histoire, paysages et nature\"}]},{\"@type\":\"WebSite\",\"@id\":\"https:\/\/lesexplorateurscatalans.fr\/#website\",\"url\":\"https:\/\/lesexplorateurscatalans.fr\/\",\"name\":\"Les Explorateurs Catalans\",\"description\":\"Les Explorateurs Catalans : Votre boussole pour l&#039;aventure.\",\"publisher\":{\"@id\":\"https:\/\/lesexplorateurscatalans.fr\/#organization\"},\"alternateName\":\"LEC\",\"potentialAction\":[{\"@type\":\"SearchAction\",\"target\":{\"@type\":\"EntryPoint\",\"urlTemplate\":\"https:\/\/lesexplorateurscatalans.fr\/?s={search_term_string}\"},\"query-input\":{\"@type\":\"PropertyValueSpecification\",\"valueRequired\":true,\"valueName\":\"search_term_string\"}}],\"inLanguage\":\"fr-FR\"},{\"@type\":\"Organization\",\"@id\":\"https:\/\/lesexplorateurscatalans.fr\/#organization\",\"name\":\"Les Explorateurs Catalans\",\"alternateName\":\"LEC\",\"url\":\"https:\/\/lesexplorateurscatalans.fr\/\",\"logo\":{\"@type\":\"ImageObject\",\"inLanguage\":\"fr-FR\",\"@id\":\"https:\/\/lesexplorateurscatalans.fr\/#\/schema\/logo\/image\/\",\"url\":\"https:\/\/lesexplorateurscatalans.fr\/wp-content\/uploads\/2024\/04\/DALL_E-2024-02-19-13.15-removebg-preview.png\",\"contentUrl\":\"https:\/\/lesexplorateurscatalans.fr\/wp-content\/uploads\/2024\/04\/DALL_E-2024-02-19-13.15-removebg-preview.png\",\"width\":500,\"height\":500,\"caption\":\"Les Explorateurs Catalans\"},\"image\":{\"@id\":\"https:\/\/lesexplorateurscatalans.fr\/#\/schema\/logo\/image\/\"},\"sameAs\":[\"https:\/\/www.facebook.com\/lesexplorateurscatalans\",\"https:\/\/www.relive.cc\/profile\/niko660\"]},{\"@type\":\"Person\",\"@id\":\"https:\/\/lesexplorateurscatalans.fr\/#\/schema\/person\/0f91d5fd7188c18ca62f2ea37a0f7d02\",\"name\":\"Les Explorateurs Catalans\",\"image\":{\"@type\":\"ImageObject\",\"inLanguage\":\"fr-FR\",\"@id\":\"https:\/\/lesexplorateurscatalans.fr\/#\/schema\/person\/image\/\",\"url\":\"https:\/\/secure.gravatar.com\/avatar\/c657c225e0e21288bc03d7987bc3f3fa29636fd30a0946eb26df26acf6876aa1?s=96&d=mm&r=g\",\"contentUrl\":\"https:\/\/secure.gravatar.com\/avatar\/c657c225e0e21288bc03d7987bc3f3fa29636fd30a0946eb26df26acf6876aa1?s=96&d=mm&r=g\",\"caption\":\"Les Explorateurs Catalans\"},\"sameAs\":[\"https:\/\/www.lesexplorateurscatalans.fr\/\",\"https:\/\/www.facebook.com\/lesexplorateurscatalans\"],\"url\":\"https:\/\/lesexplorateurscatalans.fr\/index.php\/author\/admin\/\"}]}<\/script>\n<!-- \/ Yoast SEO plugin. -->","yoast_head_json":{"title":"Gorges de la C\u00e8re : une balade entre histoire, paysages et nature - Les Explorateurs Catalans","description":"D\u00e9couvrez les Gorges de la C\u00e8re (Cantal) : sentiers du GR652, points de vue grandioses, faune prot\u00e9g\u00e9e et paysages du Massif central pour une balade nature.","robots":{"index":"index","follow":"follow","max-snippet":"max-snippet:-1","max-image-preview":"max-image-preview:large","max-video-preview":"max-video-preview:-1"},"canonical":"https:\/\/lesexplorateurscatalans.fr\/index.php\/2025\/08\/22\/gorges-de-la-cere-une-balade-entre-histoire-paysages-et-nature\/","og_locale":"fr_FR","og_type":"article","og_title":"Gorges de la C\u00e8re : une balade entre histoire, paysages et nature - Les Explorateurs Catalans","og_description":"D\u00e9couvrez les Gorges de la C\u00e8re (Cantal) : sentiers du GR652, points de vue grandioses, faune prot\u00e9g\u00e9e et paysages du Massif central pour une balade nature.","og_url":"https:\/\/lesexplorateurscatalans.fr\/index.php\/2025\/08\/22\/gorges-de-la-cere-une-balade-entre-histoire-paysages-et-nature\/","og_site_name":"Les Explorateurs Catalans","article_publisher":"https:\/\/www.facebook.com\/lesexplorateurscatalans","article_author":"https:\/\/www.facebook.com\/lesexplorateurscatalans","article_published_time":"2025-08-22T15:08:57+00:00","article_modified_time":"2025-08-22T15:08:59+00:00","og_image":[{"width":2048,"height":1536,"url":"https:\/\/lesexplorateurscatalans.fr\/wp-content\/uploads\/2025\/08\/IMG_7709.jpeg","type":"image\/jpeg"}],"author":"Les Explorateurs Catalans","twitter_card":"summary_large_image","twitter_misc":{"\u00c9crit par":"Les Explorateurs Catalans","Dur\u00e9e de lecture estim\u00e9e":"8 minutes"},"schema":{"@context":"https:\/\/schema.org","@graph":[{"@type":"Article","@id":"https:\/\/lesexplorateurscatalans.fr\/index.php\/2025\/08\/22\/gorges-de-la-cere-une-balade-entre-histoire-paysages-et-nature\/#article","isPartOf":{"@id":"https:\/\/lesexplorateurscatalans.fr\/index.php\/2025\/08\/22\/gorges-de-la-cere-une-balade-entre-histoire-paysages-et-nature\/"},"author":{"name":"Les Explorateurs Catalans","@id":"https:\/\/lesexplorateurscatalans.fr\/#\/schema\/person\/0f91d5fd7188c18ca62f2ea37a0f7d02"},"headline":"Gorges de la C\u00e8re : une balade entre histoire, paysages et nature","datePublished":"2025-08-22T15:08:57+00:00","dateModified":"2025-08-22T15:08:59+00:00","mainEntityOfPage":{"@id":"https:\/\/lesexplorateurscatalans.fr\/index.php\/2025\/08\/22\/gorges-de-la-cere-une-balade-entre-histoire-paysages-et-nature\/"},"wordCount":408,"commentCount":0,"publisher":{"@id":"https:\/\/lesexplorateurscatalans.fr\/#organization"},"image":{"@id":"https:\/\/lesexplorateurscatalans.fr\/index.php\/2025\/08\/22\/gorges-de-la-cere-une-balade-entre-histoire-paysages-et-nature\/#primaryimage"},"thumbnailUrl":"https:\/\/lesexplorateurscatalans.fr\/wp-content\/uploads\/2025\/08\/IMG_7709.jpeg","keywords":["Auvergne","Balade familiale","biodiversit\u00e9","Cantal","Espace Naturel Sensible","Gorges de la C\u00e8re","GR652","Laroquebrou","Laval-de-C\u00e8re","Loutre d\u2019Europe","Massif central","nature sauvage","Pas de C\u00e8re","Point Sublime","Points de vue","randonn\u00e9e","Rocher du Peintre","Tourisme vert","Vall\u00e9e de la C\u00e8re"],"articleSection":["Carnet de voyage","Randonn\u00e9es"],"inLanguage":"fr-FR","potentialAction":[{"@type":"CommentAction","name":"Comment","target":["https:\/\/lesexplorateurscatalans.fr\/index.php\/2025\/08\/22\/gorges-de-la-cere-une-balade-entre-histoire-paysages-et-nature\/#respond"]}]},{"@type":"WebPage","@id":"https:\/\/lesexplorateurscatalans.fr\/index.php\/2025\/08\/22\/gorges-de-la-cere-une-balade-entre-histoire-paysages-et-nature\/","url":"https:\/\/lesexplorateurscatalans.fr\/index.php\/2025\/08\/22\/gorges-de-la-cere-une-balade-entre-histoire-paysages-et-nature\/","name":"Gorges de la C\u00e8re : une balade entre histoire, paysages et nature - Les Explorateurs Catalans","isPartOf":{"@id":"https:\/\/lesexplorateurscatalans.fr\/#website"},"primaryImageOfPage":{"@id":"https:\/\/lesexplorateurscatalans.fr\/index.php\/2025\/08\/22\/gorges-de-la-cere-une-balade-entre-histoire-paysages-et-nature\/#primaryimage"},"image":{"@id":"https:\/\/lesexplorateurscatalans.fr\/index.php\/2025\/08\/22\/gorges-de-la-cere-une-balade-entre-histoire-paysages-et-nature\/#primaryimage"},"thumbnailUrl":"https:\/\/lesexplorateurscatalans.fr\/wp-content\/uploads\/2025\/08\/IMG_7709.jpeg","datePublished":"2025-08-22T15:08:57+00:00","dateModified":"2025-08-22T15:08:59+00:00","description":"D\u00e9couvrez les Gorges de la C\u00e8re (Cantal) : sentiers du GR652, points de vue grandioses, faune prot\u00e9g\u00e9e et paysages du Massif central pour une balade nature.","breadcrumb":{"@id":"https:\/\/lesexplorateurscatalans.fr\/index.php\/2025\/08\/22\/gorges-de-la-cere-une-balade-entre-histoire-paysages-et-nature\/#breadcrumb"},"inLanguage":"fr-FR","potentialAction":[{"@type":"ReadAction","target":["https:\/\/lesexplorateurscatalans.fr\/index.php\/2025\/08\/22\/gorges-de-la-cere-une-balade-entre-histoire-paysages-et-nature\/"]}]},{"@type":"ImageObject","inLanguage":"fr-FR","@id":"https:\/\/lesexplorateurscatalans.fr\/index.php\/2025\/08\/22\/gorges-de-la-cere-une-balade-entre-histoire-paysages-et-nature\/#primaryimage","url":"https:\/\/lesexplorateurscatalans.fr\/wp-content\/uploads\/2025\/08\/IMG_7709.jpeg","contentUrl":"https:\/\/lesexplorateurscatalans.fr\/wp-content\/uploads\/2025\/08\/IMG_7709.jpeg","width":2048,"height":1536},{"@type":"BreadcrumbList","@id":"https:\/\/lesexplorateurscatalans.fr\/index.php\/2025\/08\/22\/gorges-de-la-cere-une-balade-entre-histoire-paysages-et-nature\/#breadcrumb","itemListElement":[{"@type":"ListItem","position":1,"name":"Accueil","item":"https:\/\/lesexplorateurscatalans.fr\/"},{"@type":"ListItem","position":2,"name":"Gorges de la C\u00e8re : une balade entre histoire, paysages et nature"}]},{"@type":"WebSite","@id":"https:\/\/lesexplorateurscatalans.fr\/#website","url":"https:\/\/lesexplorateurscatalans.fr\/","name":"Les Explorateurs Catalans","description":"Les Explorateurs Catalans : Votre boussole pour l&#039;aventure.","publisher":{"@id":"https:\/\/lesexplorateurscatalans.fr\/#organization"},"alternateName":"LEC","potentialAction":[{"@type":"SearchAction","target":{"@type":"EntryPoint","urlTemplate":"https:\/\/lesexplorateurscatalans.fr\/?s={search_term_string}"},"query-input":{"@type":"PropertyValueSpecification","valueRequired":true,"valueName":"search_term_string"}}],"inLanguage":"fr-FR"},{"@type":"Organization","@id":"https:\/\/lesexplorateurscatalans.fr\/#organization","name":"Les Explorateurs Catalans","alternateName":"LEC","url":"https:\/\/lesexplorateurscatalans.fr\/","logo":{"@type":"ImageObject","inLanguage":"fr-FR","@id":"https:\/\/lesexplorateurscatalans.fr\/#\/schema\/logo\/image\/","url":"https:\/\/lesexplorateurscatalans.fr\/wp-content\/uploads\/2024\/04\/DALL_E-2024-02-19-13.15-removebg-preview.png","contentUrl":"https:\/\/lesexplorateurscatalans.fr\/wp-content\/uploads\/2024\/04\/DALL_E-2024-02-19-13.15-removebg-preview.png","width":500,"height":500,"caption":"Les Explorateurs Catalans"},"image":{"@id":"https:\/\/lesexplorateurscatalans.fr\/#\/schema\/logo\/image\/"},"sameAs":["https:\/\/www.facebook.com\/lesexplorateurscatalans","https:\/\/www.relive.cc\/profile\/niko660"]},{"@type":"Person","@id":"https:\/\/lesexplorateurscatalans.fr\/#\/schema\/person\/0f91d5fd7188c18ca62f2ea37a0f7d02","name":"Les Explorateurs Catalans","image":{"@type":"ImageObject","inLanguage":"fr-FR","@id":"https:\/\/lesexplorateurscatalans.fr\/#\/schema\/person\/image\/","url":"https:\/\/secure.gravatar.com\/avatar\/c657c225e0e21288bc03d7987bc3f3fa29636fd30a0946eb26df26acf6876aa1?s=96&d=mm&r=g","contentUrl":"https:\/\/secure.gravatar.com\/avatar\/c657c225e0e21288bc03d7987bc3f3fa29636fd30a0946eb26df26acf6876aa1?s=96&d=mm&r=g","caption":"Les Explorateurs Catalans"},"sameAs":["https:\/\/www.lesexplorateurscatalans.fr\/","https:\/\/www.facebook.com\/lesexplorateurscatalans"],"url":"https:\/\/lesexplorateurscatalans.fr\/index.php\/author\/admin\/"}]}},"amp_enabled":true,"_links":{"self":[{"href":"https:\/\/lesexplorateurscatalans.fr\/index.php\/wp-json\/wp\/v2\/posts\/1121","targetHints":{"allow":["GET"]}}],"collection":[{"href":"https:\/\/lesexplorateurscatalans.fr\/index.php\/wp-json\/wp\/v2\/posts"}],"about":[{"href":"https:\/\/lesexplorateurscatalans.fr\/index.php\/wp-json\/wp\/v2\/types\/post"}],"author":[{"embeddable":true,"href":"https:\/\/lesexplorateurscatalans.fr\/index.php\/wp-json\/wp\/v2\/users\/1"}],"replies":[{"embeddable":true,"href":"https:\/\/lesexplorateurscatalans.fr\/index.php\/wp-json\/wp\/v2\/comments?post=1121"}],"version-history":[{"count":3,"href":"https:\/\/lesexplorateurscatalans.fr\/index.php\/wp-json\/wp\/v2\/posts\/1121\/revisions"}],"predecessor-version":[{"id":1153,"href":"https:\/\/lesexplorateurscatalans.fr\/index.php\/wp-json\/wp\/v2\/posts\/1121\/revisions\/1153"}],"wp:featuredmedia":[{"embeddable":true,"href":"https:\/\/lesexplorateurscatalans.fr\/index.php\/wp-json\/wp\/v2\/media\/1143"}],"wp:attachment":[{"href":"https:\/\/lesexplorateurscatalans.fr\/index.php\/wp-json\/wp\/v2\/media?parent=1121"}],"wp:term":[{"taxonomy":"category","embeddable":true,"href":"https:\/\/lesexplorateurscatalans.fr\/index.php\/wp-json\/wp\/v2\/categories?post=1121"},{"taxonomy":"post_tag","embeddable":true,"href":"https:\/\/lesexplorateurscatalans.fr\/index.php\/wp-json\/wp\/v2\/tags?post=1121"}],"curies":[{"name":"wp","href":"https:\/\/api.w.org\/{rel}","templated":true}]}}