{"id":1196,"date":"2025-12-10T19:43:26","date_gmt":"2025-12-10T18:43:26","guid":{"rendered":"https:\/\/lesexplorateurscatalans.fr\/?p=1196"},"modified":"2025-12-10T19:43:27","modified_gmt":"2025-12-10T18:43:27","slug":"halles-avignon","status":"publish","type":"post","link":"https:\/\/lesexplorateurscatalans.fr\/index.php\/2025\/12\/10\/halles-avignon\/","title":{"rendered":"Les Halles d&rsquo;Avignon \u2014 immersion au c\u0153ur du march\u00e9 couvert d\u2019Avignon"},"content":{"rendered":"\n<h2 class=\"wp-block-heading\">Un march\u00e9 incontournable en plein centre-ville<\/h2>\n\n\n\n<p>Les Halles d\u2019Avignon \u2014 situ\u00e9es sur la Place Pie, dans le centre historique d\u2019Avignon \u2014 sont bien plus qu\u2019un simple march\u00e9 : c\u2019est un lieu embl\u00e9matique de la ville, un rendez-vous quotidien pour les locaux comme pour les visiteurs en qu\u00eate des saveurs proven\u00e7ales. <\/p>\n\n\n\n<p>Avec environ 40 \u00e0 50 commer\u00e7ants permanents, le march\u00e9 propose un large \u00e9ventail de produits : fruits et l\u00e9gumes, fromages, viandes et charcuteries, poissons et fruits de mer, pains et p\u00e2tisseries, \u00e9picerie fine, vins, fleurs\u2026 Il est possible d\u2019y d\u00e9nicher des sp\u00e9cialit\u00e9s r\u00e9gionales, des produits bio ou des saveurs m\u00e9diterran\u00e9ennes typiques. <\/p>\n\n\n\n<hr class=\"wp-block-separator has-alpha-channel-opacity\"\/>\n\n\n\n<h2 class=\"wp-block-heading\"> Quand y aller \u2014 horaires &amp; acc\u00e8s<\/h2>\n\n\n\n<ul class=\"wp-block-list\">\n<li>Les Halles sont <strong>ouvertes du mardi au dimanche<\/strong>, le matin. <\/li>\n\n\n\n<li>Les horaires les plus commun\u00e9ment indiqu\u00e9s : <strong>d\u00e8s 6h jusqu\u2019\u00e0 14h<\/strong>. <\/li>\n\n\n\n<li>Pendant le Festival d&rsquo;Avignon ou \u00e0 certaines p\u00e9riodes festives, les Halles peuvent ouvrir 7 jours sur 7. <\/li>\n<\/ul>\n\n\n\n<p>Un parking spacieux (plus de 500 places) se trouve \u00e0 proximit\u00e9, ce qui est pratique si l\u2019on vient en voiture. <\/p>\n\n\n\n<hr class=\"wp-block-separator has-alpha-channel-opacity\"\/>\n\n\n\n<h2 class=\"wp-block-heading\">\ud83c\udf3fUn lieu charg\u00e9 d\u2019histoire&#8230; et de charme<\/h2>\n\n\n\n<p>Le march\u00e9 d\u2019origine remonte au XVI\u1d49 si\u00e8cle, et la structure actuelle date de la fin du XIX\u1d49 si\u00e8cle, inaugur\u00e9e en 1899. <br>Souhaitant moderniser le centre-ville dans les ann\u00e9es 1970, la halle a \u00e9t\u00e9 reconstruite, tout en conservant sa vocation de march\u00e9 de proximit\u00e9 et de c\u0153ur de la vie urbaine. <\/p>\n\n\n\n<p>Un des \u00e9l\u00e9ments les plus marquants : la fa\u00e7ade nord habill\u00e9e d\u2019un mur v\u00e9g\u00e9tal \u2014 \u0153uvre du botaniste Patrick Blanc \u2014 qui ajoute une touche verte et contemporaine, faisant des Halles un lieu \u00e0 la fois traditionnel et singulier.<\/p>\n\n\n\n<hr class=\"wp-block-separator has-alpha-channel-opacity\"\/>\n\n\n\n<h2 class=\"wp-block-heading\"> Ambiance, gastronomie &amp; petits plaisirs<\/h2>\n\n\n\n<p>Se promener dans les all\u00e9es des Halles, c\u2019est plonger dans un univers sensoriel fait de couleurs vives, d\u2019odeurs all\u00e9chantes et de saveurs du terroir. On y trouve :<\/p>\n\n\n\n<ul class=\"wp-block-list\">\n<li>Produits frais et de saison (primeurs, fromagers, poissonniers\u2026)<\/li>\n\n\n\n<li>Sp\u00e9cialit\u00e9s proven\u00e7ales, huiles d\u2019olive, olives, herbes, condiments, douceurs locales<\/li>\n\n\n\n<li>Pains et p\u00e2tisseries artisanales<\/li>\n\n\n\n<li>Vins et produits r\u00e9gionaux<\/li>\n\n\n\n<li>Des stands de poissons &amp; fruits de mer \u2014 pour un plateau complet<\/li>\n<\/ul>\n\n\n\n<p>De plus, chaque samedi matin (g\u00e9n\u00e9ralement vers 11 h), les Halles proposent un moment gourmand : un chef local pr\u00e9pare un plat \u00e0 base de produits du march\u00e9, souvent accompagn\u00e9 de d\u00e9gustation \u2014 l\u2019occasion de savourer la Provence d\u00e8s l\u2019\u00e9tal ! <\/p>\n\n\n\n<p>C\u2019est aussi un lieu de rencontre \u2014 habitants, restaurateurs, touristes \u2014 un vrai m\u00e9lange convivial, typique d\u2019un march\u00e9 proven\u00e7al vivant. <\/p>\n\n\n\n<hr class=\"wp-block-separator has-alpha-channel-opacity\"\/>\n\n\n\n<h2 class=\"wp-block-heading\">Nos conseils d\u2019Explorateurs<\/h2>\n\n\n\n<ul class=\"wp-block-list\">\n<li>Allez-y t\u00f4t le matin \u2014 d\u00e8s l\u2019ouverture \u2014 pour profiter des meilleurs produits et de l\u2019ambiance paisible.<\/li>\n\n\n\n<li>Si vous visitez pendant l\u2019\u00e9t\u00e9 ou le Festival d\u2019Avignon, v\u00e9rifiez les horaires : certaines ouvertures exceptionnelles ont lieu.<\/li>\n\n\n\n<li>N\u2019h\u00e9sitez pas \u00e0 \u00e9changer avec les commer\u00e7ants : ils sont passionn\u00e9s et aiment partager l\u2019histoire de leurs produits.<\/li>\n\n\n\n<li>Pour une exp\u00e9rience compl\u00e8te, pr\u00e9voir un panier pique-nique et aller d\u00e9guster dans un parc ou sur un banc \u2014 histoire de savourer les produits sur place.<\/li>\n<\/ul>\n\n\n\n<hr class=\"wp-block-separator has-alpha-channel-opacity\"\/>\n\n\n\n<h2 class=\"wp-block-heading\">En r\u00e9sum\u00e9<\/h2>\n\n\n\n<p>Les Halles d\u2019Avignon sont le c\u0153ur gastronomique et vivant de la ville. Entre tradition proven\u00e7ale, diversit\u00e9 de produits, convivialit\u00e9 et charme urbain, c\u2019est un lieu \u00e0 ne pas manquer \u2014 que vous soyez de passage ou r\u00e9sident d\u2019un jour.<\/p>\n\n\n\n<p>Pour tous ceux qui aiment les produits frais, l\u2019ambiance locale et la d\u00e9couverte culinaire, une visite aux Halles d\u2019Avignon est un moment \u00e0 inscrire dans votre s\u00e9jour ou votre balade dans la cit\u00e9 des papes.<\/p>\n\n\n\n<hr class=\"wp-block-separator has-alpha-channel-opacity\"\/>\n\n\n\n\n\n<hr class=\"wp-block-separator has-alpha-channel-opacity\"\/>\n\n\n\n<figure class=\"wp-block-gallery has-nested-images columns-default is-cropped wp-block-gallery-1 is-layout-flex wp-block-gallery-is-layout-flex\">\n<figure class=\"wp-block-image size-large\"><img loading=\"lazy\" decoding=\"async\" width=\"1024\" height=\"768\" data-id=\"1197\" src=\"https:\/\/lesexplorateurscatalans.fr\/wp-content\/uploads\/2025\/12\/IMG_9489-1024x768.jpeg\" alt=\"\" class=\"wp-image-1197\" srcset=\"https:\/\/lesexplorateurscatalans.fr\/wp-content\/uploads\/2025\/12\/IMG_9489-1024x768.jpeg 1024w, https:\/\/lesexplorateurscatalans.fr\/wp-content\/uploads\/2025\/12\/IMG_9489-300x225.jpeg 300w, https:\/\/lesexplorateurscatalans.fr\/wp-content\/uploads\/2025\/12\/IMG_9489-768x576.jpeg 768w, https:\/\/lesexplorateurscatalans.fr\/wp-content\/uploads\/2025\/12\/IMG_9489-1536x1152.jpeg 1536w, https:\/\/lesexplorateurscatalans.fr\/wp-content\/uploads\/2025\/12\/IMG_9489-560x420.jpeg 560w, https:\/\/lesexplorateurscatalans.fr\/wp-content\/uploads\/2025\/12\/IMG_9489-80x60.jpeg 80w, https:\/\/lesexplorateurscatalans.fr\/wp-content\/uploads\/2025\/12\/IMG_9489-696x522.jpeg 696w, https:\/\/lesexplorateurscatalans.fr\/wp-content\/uploads\/2025\/12\/IMG_9489-1068x801.jpeg 1068w, https:\/\/lesexplorateurscatalans.fr\/wp-content\/uploads\/2025\/12\/IMG_9489-1920x1440.jpeg 1920w, https:\/\/lesexplorateurscatalans.fr\/wp-content\/uploads\/2025\/12\/IMG_9489-265x198.jpeg 265w, https:\/\/lesexplorateurscatalans.fr\/wp-content\/uploads\/2025\/12\/IMG_9489.jpeg 2048w\" sizes=\"auto, (max-width: 1024px) 100vw, 1024px\" \/><\/figure>\n\n\n\n<figure class=\"wp-block-image size-large\"><img loading=\"lazy\" decoding=\"async\" width=\"768\" height=\"1024\" data-id=\"1202\" src=\"https:\/\/lesexplorateurscatalans.fr\/wp-content\/uploads\/2025\/12\/IMG_9483-768x1024.jpeg\" alt=\"\" class=\"wp-image-1202\" srcset=\"https:\/\/lesexplorateurscatalans.fr\/wp-content\/uploads\/2025\/12\/IMG_9483-768x1024.jpeg 768w, https:\/\/lesexplorateurscatalans.fr\/wp-content\/uploads\/2025\/12\/IMG_9483-225x300.jpeg 225w, https:\/\/lesexplorateurscatalans.fr\/wp-content\/uploads\/2025\/12\/IMG_9483-1152x1536.jpeg 1152w, https:\/\/lesexplorateurscatalans.fr\/wp-content\/uploads\/2025\/12\/IMG_9483-315x420.jpeg 315w, https:\/\/lesexplorateurscatalans.fr\/wp-content\/uploads\/2025\/12\/IMG_9483-696x928.jpeg 696w, https:\/\/lesexplorateurscatalans.fr\/wp-content\/uploads\/2025\/12\/IMG_9483-1068x1424.jpeg 1068w, https:\/\/lesexplorateurscatalans.fr\/wp-content\/uploads\/2025\/12\/IMG_9483.jpeg 1536w\" sizes=\"auto, (max-width: 768px) 100vw, 768px\" \/><\/figure>\n\n\n\n<figure class=\"wp-block-image size-large\"><img loading=\"lazy\" decoding=\"async\" width=\"1024\" height=\"768\" data-id=\"1198\" src=\"https:\/\/lesexplorateurscatalans.fr\/wp-content\/uploads\/2025\/12\/IMG_9484-1024x768.jpeg\" alt=\"\" class=\"wp-image-1198\" srcset=\"https:\/\/lesexplorateurscatalans.fr\/wp-content\/uploads\/2025\/12\/IMG_9484-1024x768.jpeg 1024w, https:\/\/lesexplorateurscatalans.fr\/wp-content\/uploads\/2025\/12\/IMG_9484-300x225.jpeg 300w, https:\/\/lesexplorateurscatalans.fr\/wp-content\/uploads\/2025\/12\/IMG_9484-768x576.jpeg 768w, https:\/\/lesexplorateurscatalans.fr\/wp-content\/uploads\/2025\/12\/IMG_9484-1536x1152.jpeg 1536w, https:\/\/lesexplorateurscatalans.fr\/wp-content\/uploads\/2025\/12\/IMG_9484-560x420.jpeg 560w, https:\/\/lesexplorateurscatalans.fr\/wp-content\/uploads\/2025\/12\/IMG_9484-80x60.jpeg 80w, https:\/\/lesexplorateurscatalans.fr\/wp-content\/uploads\/2025\/12\/IMG_9484-696x522.jpeg 696w, https:\/\/lesexplorateurscatalans.fr\/wp-content\/uploads\/2025\/12\/IMG_9484-1068x801.jpeg 1068w, https:\/\/lesexplorateurscatalans.fr\/wp-content\/uploads\/2025\/12\/IMG_9484-1920x1440.jpeg 1920w, https:\/\/lesexplorateurscatalans.fr\/wp-content\/uploads\/2025\/12\/IMG_9484-265x198.jpeg 265w, https:\/\/lesexplorateurscatalans.fr\/wp-content\/uploads\/2025\/12\/IMG_9484.jpeg 2048w\" sizes=\"auto, (max-width: 1024px) 100vw, 1024px\" \/><\/figure>\n\n\n\n<figure class=\"wp-block-image size-large\"><img loading=\"lazy\" decoding=\"async\" width=\"1024\" height=\"768\" data-id=\"1201\" src=\"https:\/\/lesexplorateurscatalans.fr\/wp-content\/uploads\/2025\/12\/IMG_9485-1024x768.jpeg\" alt=\"\" class=\"wp-image-1201\" srcset=\"https:\/\/lesexplorateurscatalans.fr\/wp-content\/uploads\/2025\/12\/IMG_9485-1024x768.jpeg 1024w, https:\/\/lesexplorateurscatalans.fr\/wp-content\/uploads\/2025\/12\/IMG_9485-300x225.jpeg 300w, https:\/\/lesexplorateurscatalans.fr\/wp-content\/uploads\/2025\/12\/IMG_9485-768x576.jpeg 768w, https:\/\/lesexplorateurscatalans.fr\/wp-content\/uploads\/2025\/12\/IMG_9485-1536x1152.jpeg 1536w, https:\/\/lesexplorateurscatalans.fr\/wp-content\/uploads\/2025\/12\/IMG_9485-560x420.jpeg 560w, https:\/\/lesexplorateurscatalans.fr\/wp-content\/uploads\/2025\/12\/IMG_9485-80x60.jpeg 80w, https:\/\/lesexplorateurscatalans.fr\/wp-content\/uploads\/2025\/12\/IMG_9485-696x522.jpeg 696w, https:\/\/lesexplorateurscatalans.fr\/wp-content\/uploads\/2025\/12\/IMG_9485-1068x801.jpeg 1068w, https:\/\/lesexplorateurscatalans.fr\/wp-content\/uploads\/2025\/12\/IMG_9485-1920x1440.jpeg 1920w, https:\/\/lesexplorateurscatalans.fr\/wp-content\/uploads\/2025\/12\/IMG_9485-265x198.jpeg 265w, https:\/\/lesexplorateurscatalans.fr\/wp-content\/uploads\/2025\/12\/IMG_9485.jpeg 2048w\" sizes=\"auto, (max-width: 1024px) 100vw, 1024px\" \/><\/figure>\n\n\n\n<figure class=\"wp-block-image size-large\"><img loading=\"lazy\" decoding=\"async\" width=\"1024\" height=\"768\" data-id=\"1200\" src=\"https:\/\/lesexplorateurscatalans.fr\/wp-content\/uploads\/2025\/12\/IMG_9486-1024x768.jpeg\" alt=\"\" class=\"wp-image-1200\" srcset=\"https:\/\/lesexplorateurscatalans.fr\/wp-content\/uploads\/2025\/12\/IMG_9486-1024x768.jpeg 1024w, https:\/\/lesexplorateurscatalans.fr\/wp-content\/uploads\/2025\/12\/IMG_9486-300x225.jpeg 300w, https:\/\/lesexplorateurscatalans.fr\/wp-content\/uploads\/2025\/12\/IMG_9486-768x576.jpeg 768w, https:\/\/lesexplorateurscatalans.fr\/wp-content\/uploads\/2025\/12\/IMG_9486-1536x1152.jpeg 1536w, https:\/\/lesexplorateurscatalans.fr\/wp-content\/uploads\/2025\/12\/IMG_9486-560x420.jpeg 560w, https:\/\/lesexplorateurscatalans.fr\/wp-content\/uploads\/2025\/12\/IMG_9486-80x60.jpeg 80w, https:\/\/lesexplorateurscatalans.fr\/wp-content\/uploads\/2025\/12\/IMG_9486-696x522.jpeg 696w, https:\/\/lesexplorateurscatalans.fr\/wp-content\/uploads\/2025\/12\/IMG_9486-1068x801.jpeg 1068w, https:\/\/lesexplorateurscatalans.fr\/wp-content\/uploads\/2025\/12\/IMG_9486-1920x1440.jpeg 1920w, https:\/\/lesexplorateurscatalans.fr\/wp-content\/uploads\/2025\/12\/IMG_9486-265x198.jpeg 265w, https:\/\/lesexplorateurscatalans.fr\/wp-content\/uploads\/2025\/12\/IMG_9486.jpeg 2048w\" sizes=\"auto, (max-width: 1024px) 100vw, 1024px\" \/><\/figure>\n\n\n\n<figure class=\"wp-block-image size-large\"><img loading=\"lazy\" decoding=\"async\" width=\"1024\" height=\"768\" data-id=\"1199\" src=\"https:\/\/lesexplorateurscatalans.fr\/wp-content\/uploads\/2025\/12\/IMG_9487-1024x768.jpeg\" alt=\"\" class=\"wp-image-1199\" srcset=\"https:\/\/lesexplorateurscatalans.fr\/wp-content\/uploads\/2025\/12\/IMG_9487-1024x768.jpeg 1024w, https:\/\/lesexplorateurscatalans.fr\/wp-content\/uploads\/2025\/12\/IMG_9487-300x225.jpeg 300w, https:\/\/lesexplorateurscatalans.fr\/wp-content\/uploads\/2025\/12\/IMG_9487-768x576.jpeg 768w, https:\/\/lesexplorateurscatalans.fr\/wp-content\/uploads\/2025\/12\/IMG_9487-1536x1152.jpeg 1536w, https:\/\/lesexplorateurscatalans.fr\/wp-content\/uploads\/2025\/12\/IMG_9487-560x420.jpeg 560w, https:\/\/lesexplorateurscatalans.fr\/wp-content\/uploads\/2025\/12\/IMG_9487-80x60.jpeg 80w, https:\/\/lesexplorateurscatalans.fr\/wp-content\/uploads\/2025\/12\/IMG_9487-696x522.jpeg 696w, https:\/\/lesexplorateurscatalans.fr\/wp-content\/uploads\/2025\/12\/IMG_9487-1068x801.jpeg 1068w, https:\/\/lesexplorateurscatalans.fr\/wp-content\/uploads\/2025\/12\/IMG_9487-1920x1440.jpeg 1920w, https:\/\/lesexplorateurscatalans.fr\/wp-content\/uploads\/2025\/12\/IMG_9487-265x198.jpeg 265w, https:\/\/lesexplorateurscatalans.fr\/wp-content\/uploads\/2025\/12\/IMG_9487.jpeg 2048w\" sizes=\"auto, (max-width: 1024px) 100vw, 1024px\" \/><\/figure>\n\n\n\n<figure class=\"wp-block-image size-large\"><img loading=\"lazy\" decoding=\"async\" width=\"1024\" height=\"768\" data-id=\"1203\" src=\"https:\/\/lesexplorateurscatalans.fr\/wp-content\/uploads\/2025\/12\/IMG_9488-1024x768.jpeg\" alt=\"\" class=\"wp-image-1203\" srcset=\"https:\/\/lesexplorateurscatalans.fr\/wp-content\/uploads\/2025\/12\/IMG_9488-1024x768.jpeg 1024w, https:\/\/lesexplorateurscatalans.fr\/wp-content\/uploads\/2025\/12\/IMG_9488-300x225.jpeg 300w, https:\/\/lesexplorateurscatalans.fr\/wp-content\/uploads\/2025\/12\/IMG_9488-768x576.jpeg 768w, https:\/\/lesexplorateurscatalans.fr\/wp-content\/uploads\/2025\/12\/IMG_9488-1536x1152.jpeg 1536w, https:\/\/lesexplorateurscatalans.fr\/wp-content\/uploads\/2025\/12\/IMG_9488-560x420.jpeg 560w, https:\/\/lesexplorateurscatalans.fr\/wp-content\/uploads\/2025\/12\/IMG_9488-80x60.jpeg 80w, https:\/\/lesexplorateurscatalans.fr\/wp-content\/uploads\/2025\/12\/IMG_9488-696x522.jpeg 696w, https:\/\/lesexplorateurscatalans.fr\/wp-content\/uploads\/2025\/12\/IMG_9488-1068x801.jpeg 1068w, https:\/\/lesexplorateurscatalans.fr\/wp-content\/uploads\/2025\/12\/IMG_9488-1920x1440.jpeg 1920w, https:\/\/lesexplorateurscatalans.fr\/wp-content\/uploads\/2025\/12\/IMG_9488-265x198.jpeg 265w, https:\/\/lesexplorateurscatalans.fr\/wp-content\/uploads\/2025\/12\/IMG_9488.jpeg 2048w\" sizes=\"auto, (max-width: 1024px) 100vw, 1024px\" \/><\/figure>\n<\/figure>\n","protected":false},"excerpt":{"rendered":"<p>Un march\u00e9 incontournable en plein centre-ville Les Halles d\u2019Avignon \u2014 situ\u00e9es sur la Place Pie, dans le centre historique d\u2019Avignon \u2014 sont bien plus qu\u2019un simple march\u00e9 : c\u2019est un lieu embl\u00e9matique de la ville, un rendez-vous quotidien pour les locaux comme pour les visiteurs en qu\u00eate des saveurs proven\u00e7ales. Avec environ 40 \u00e0 50 [&hellip;]<\/p>\n","protected":false},"author":1,"featured_media":1197,"comment_status":"open","ping_status":"open","sticky":false,"template":"","format":"standard","meta":{"tdm_status":"","tdm_grid_status":"","footnotes":""},"categories":[21,16],"tags":[293,298,296,297,42,292,301,294,299,295,300,291],"class_list":{"0":"post-1196","1":"post","2":"type-post","3":"status-publish","4":"format-standard","5":"has-post-thumbnail","7":"category-carnet-de-voyage","8":"category-randonnees","9":"tag-avignon","10":"tag-gastronomie-locale","11":"tag-halles-davignon","12":"tag-idee-sortie-avignon","13":"tag-les-explorateurs-catalans","14":"tag-marche-couvert-avignon","15":"tag-marche-france","16":"tag-marche-provencal","17":"tag-produits-du-terroir","18":"tag-provence","19":"tag-specialites-provencales","20":"tag-vaucluse"},"yoast_head":"<!-- This site is optimized with the Yoast SEO plugin v26.5 - https:\/\/yoast.com\/wordpress\/plugins\/seo\/ -->\n<title>Les Halles d&#039;Avignon \u2014 immersion au c\u0153ur du march\u00e9 couvert d\u2019Avignon - Les Explorateurs Catalans<\/title>\n<meta name=\"description\" content=\"D\u00e9couvrez les Halles d\u2019Avignon, le march\u00e9 couvert embl\u00e9matique de la ville : saveurs proven\u00e7ales, producteurs locaux, ambiance conviviale et gastronomie authentique.\" \/>\n<meta name=\"robots\" content=\"index, follow, max-snippet:-1, max-image-preview:large, max-video-preview:-1\" \/>\n<link rel=\"canonical\" href=\"https:\/\/lesexplorateurscatalans.fr\/index.php\/2025\/12\/10\/halles-avignon\/\" \/>\n<meta property=\"og:locale\" content=\"fr_FR\" \/>\n<meta property=\"og:type\" content=\"article\" \/>\n<meta property=\"og:title\" content=\"Les Halles d&#039;Avignon \u2014 immersion au c\u0153ur du march\u00e9 couvert d\u2019Avignon - Les Explorateurs Catalans\" \/>\n<meta property=\"og:description\" content=\"D\u00e9couvrez les Halles d\u2019Avignon, le march\u00e9 couvert embl\u00e9matique de la ville : saveurs proven\u00e7ales, producteurs locaux, ambiance conviviale et gastronomie authentique.\" \/>\n<meta property=\"og:url\" content=\"https:\/\/lesexplorateurscatalans.fr\/index.php\/2025\/12\/10\/halles-avignon\/\" \/>\n<meta property=\"og:site_name\" content=\"Les Explorateurs Catalans\" \/>\n<meta property=\"article:publisher\" content=\"https:\/\/www.facebook.com\/lesexplorateurscatalans\" \/>\n<meta property=\"article:author\" content=\"https:\/\/www.facebook.com\/lesexplorateurscatalans\" \/>\n<meta property=\"article:published_time\" content=\"2025-12-10T18:43:26+00:00\" \/>\n<meta property=\"article:modified_time\" content=\"2025-12-10T18:43:27+00:00\" \/>\n<meta property=\"og:image\" content=\"https:\/\/lesexplorateurscatalans.fr\/wp-content\/uploads\/2025\/12\/IMG_9489.jpeg\" \/>\n\t<meta property=\"og:image:width\" content=\"2048\" \/>\n\t<meta property=\"og:image:height\" content=\"1536\" \/>\n\t<meta property=\"og:image:type\" content=\"image\/jpeg\" \/>\n<meta name=\"author\" content=\"Les Explorateurs Catalans\" \/>\n<meta name=\"twitter:card\" content=\"summary_large_image\" \/>\n<meta name=\"twitter:label1\" content=\"\u00c9crit par\" \/>\n\t<meta name=\"twitter:data1\" content=\"Les Explorateurs Catalans\" \/>\n\t<meta name=\"twitter:label2\" content=\"Dur\u00e9e de lecture estim\u00e9e\" \/>\n\t<meta name=\"twitter:data2\" content=\"5 minutes\" \/>\n<script type=\"application\/ld+json\" class=\"yoast-schema-graph\">{\"@context\":\"https:\/\/schema.org\",\"@graph\":[{\"@type\":\"Article\",\"@id\":\"https:\/\/lesexplorateurscatalans.fr\/index.php\/2025\/12\/10\/halles-avignon\/#article\",\"isPartOf\":{\"@id\":\"https:\/\/lesexplorateurscatalans.fr\/index.php\/2025\/12\/10\/halles-avignon\/\"},\"author\":{\"name\":\"Les Explorateurs Catalans\",\"@id\":\"https:\/\/lesexplorateurscatalans.fr\/#\/schema\/person\/0f91d5fd7188c18ca62f2ea37a0f7d02\"},\"headline\":\"Les Halles d&rsquo;Avignon \u2014 immersion au c\u0153ur du march\u00e9 couvert d\u2019Avignon\",\"datePublished\":\"2025-12-10T18:43:26+00:00\",\"dateModified\":\"2025-12-10T18:43:27+00:00\",\"mainEntityOfPage\":{\"@id\":\"https:\/\/lesexplorateurscatalans.fr\/index.php\/2025\/12\/10\/halles-avignon\/\"},\"wordCount\":614,\"commentCount\":0,\"publisher\":{\"@id\":\"https:\/\/lesexplorateurscatalans.fr\/#organization\"},\"image\":{\"@id\":\"https:\/\/lesexplorateurscatalans.fr\/index.php\/2025\/12\/10\/halles-avignon\/#primaryimage\"},\"thumbnailUrl\":\"https:\/\/lesexplorateurscatalans.fr\/wp-content\/uploads\/2025\/12\/IMG_9489.jpeg\",\"keywords\":[\"Avignon\",\"gastronomie locale\",\"Halles d\u2019Avignon\",\"id\u00e9e sortie Avignon\",\"Les Explorateurs Catalans\",\"march\u00e9 couvert Avignon\",\"march\u00e9 France\",\"march\u00e9 proven\u00e7al\",\"produits du terroir\",\"Provence\",\"sp\u00e9cialit\u00e9s proven\u00e7ales\",\"Vaucluse\"],\"articleSection\":[\"Carnet de voyage\",\"Randonn\u00e9es\"],\"inLanguage\":\"fr-FR\",\"potentialAction\":[{\"@type\":\"CommentAction\",\"name\":\"Comment\",\"target\":[\"https:\/\/lesexplorateurscatalans.fr\/index.php\/2025\/12\/10\/halles-avignon\/#respond\"]}]},{\"@type\":\"WebPage\",\"@id\":\"https:\/\/lesexplorateurscatalans.fr\/index.php\/2025\/12\/10\/halles-avignon\/\",\"url\":\"https:\/\/lesexplorateurscatalans.fr\/index.php\/2025\/12\/10\/halles-avignon\/\",\"name\":\"Les Halles d'Avignon \u2014 immersion au c\u0153ur du march\u00e9 couvert d\u2019Avignon - Les Explorateurs Catalans\",\"isPartOf\":{\"@id\":\"https:\/\/lesexplorateurscatalans.fr\/#website\"},\"primaryImageOfPage\":{\"@id\":\"https:\/\/lesexplorateurscatalans.fr\/index.php\/2025\/12\/10\/halles-avignon\/#primaryimage\"},\"image\":{\"@id\":\"https:\/\/lesexplorateurscatalans.fr\/index.php\/2025\/12\/10\/halles-avignon\/#primaryimage\"},\"thumbnailUrl\":\"https:\/\/lesexplorateurscatalans.fr\/wp-content\/uploads\/2025\/12\/IMG_9489.jpeg\",\"datePublished\":\"2025-12-10T18:43:26+00:00\",\"dateModified\":\"2025-12-10T18:43:27+00:00\",\"description\":\"D\u00e9couvrez les Halles d\u2019Avignon, le march\u00e9 couvert embl\u00e9matique de la ville : saveurs proven\u00e7ales, producteurs locaux, ambiance conviviale et gastronomie authentique.\",\"breadcrumb\":{\"@id\":\"https:\/\/lesexplorateurscatalans.fr\/index.php\/2025\/12\/10\/halles-avignon\/#breadcrumb\"},\"inLanguage\":\"fr-FR\",\"potentialAction\":[{\"@type\":\"ReadAction\",\"target\":[\"https:\/\/lesexplorateurscatalans.fr\/index.php\/2025\/12\/10\/halles-avignon\/\"]}]},{\"@type\":\"ImageObject\",\"inLanguage\":\"fr-FR\",\"@id\":\"https:\/\/lesexplorateurscatalans.fr\/index.php\/2025\/12\/10\/halles-avignon\/#primaryimage\",\"url\":\"https:\/\/lesexplorateurscatalans.fr\/wp-content\/uploads\/2025\/12\/IMG_9489.jpeg\",\"contentUrl\":\"https:\/\/lesexplorateurscatalans.fr\/wp-content\/uploads\/2025\/12\/IMG_9489.jpeg\",\"width\":2048,\"height\":1536},{\"@type\":\"BreadcrumbList\",\"@id\":\"https:\/\/lesexplorateurscatalans.fr\/index.php\/2025\/12\/10\/halles-avignon\/#breadcrumb\",\"itemListElement\":[{\"@type\":\"ListItem\",\"position\":1,\"name\":\"Accueil\",\"item\":\"https:\/\/lesexplorateurscatalans.fr\/\"},{\"@type\":\"ListItem\",\"position\":2,\"name\":\"Les Halles d&rsquo;Avignon \u2014 immersion au c\u0153ur du march\u00e9 couvert d\u2019Avignon\"}]},{\"@type\":\"WebSite\",\"@id\":\"https:\/\/lesexplorateurscatalans.fr\/#website\",\"url\":\"https:\/\/lesexplorateurscatalans.fr\/\",\"name\":\"Les Explorateurs Catalans\",\"description\":\"Les Explorateurs Catalans : Votre boussole pour l&#039;aventure.\",\"publisher\":{\"@id\":\"https:\/\/lesexplorateurscatalans.fr\/#organization\"},\"alternateName\":\"LEC\",\"potentialAction\":[{\"@type\":\"SearchAction\",\"target\":{\"@type\":\"EntryPoint\",\"urlTemplate\":\"https:\/\/lesexplorateurscatalans.fr\/?s={search_term_string}\"},\"query-input\":{\"@type\":\"PropertyValueSpecification\",\"valueRequired\":true,\"valueName\":\"search_term_string\"}}],\"inLanguage\":\"fr-FR\"},{\"@type\":\"Organization\",\"@id\":\"https:\/\/lesexplorateurscatalans.fr\/#organization\",\"name\":\"Les Explorateurs Catalans\",\"alternateName\":\"LEC\",\"url\":\"https:\/\/lesexplorateurscatalans.fr\/\",\"logo\":{\"@type\":\"ImageObject\",\"inLanguage\":\"fr-FR\",\"@id\":\"https:\/\/lesexplorateurscatalans.fr\/#\/schema\/logo\/image\/\",\"url\":\"https:\/\/lesexplorateurscatalans.fr\/wp-content\/uploads\/2024\/04\/DALL_E-2024-02-19-13.15-removebg-preview.png\",\"contentUrl\":\"https:\/\/lesexplorateurscatalans.fr\/wp-content\/uploads\/2024\/04\/DALL_E-2024-02-19-13.15-removebg-preview.png\",\"width\":500,\"height\":500,\"caption\":\"Les Explorateurs Catalans\"},\"image\":{\"@id\":\"https:\/\/lesexplorateurscatalans.fr\/#\/schema\/logo\/image\/\"},\"sameAs\":[\"https:\/\/www.facebook.com\/lesexplorateurscatalans\",\"https:\/\/www.relive.cc\/profile\/niko660\"]},{\"@type\":\"Person\",\"@id\":\"https:\/\/lesexplorateurscatalans.fr\/#\/schema\/person\/0f91d5fd7188c18ca62f2ea37a0f7d02\",\"name\":\"Les Explorateurs Catalans\",\"image\":{\"@type\":\"ImageObject\",\"inLanguage\":\"fr-FR\",\"@id\":\"https:\/\/lesexplorateurscatalans.fr\/#\/schema\/person\/image\/\",\"url\":\"https:\/\/secure.gravatar.com\/avatar\/c657c225e0e21288bc03d7987bc3f3fa29636fd30a0946eb26df26acf6876aa1?s=96&d=mm&r=g\",\"contentUrl\":\"https:\/\/secure.gravatar.com\/avatar\/c657c225e0e21288bc03d7987bc3f3fa29636fd30a0946eb26df26acf6876aa1?s=96&d=mm&r=g\",\"caption\":\"Les Explorateurs Catalans\"},\"sameAs\":[\"https:\/\/www.lesexplorateurscatalans.fr\/\",\"https:\/\/www.facebook.com\/lesexplorateurscatalans\"],\"url\":\"https:\/\/lesexplorateurscatalans.fr\/index.php\/author\/admin\/\"}]}<\/script>\n<!-- \/ Yoast SEO plugin. -->","yoast_head_json":{"title":"Les Halles d'Avignon \u2014 immersion au c\u0153ur du march\u00e9 couvert d\u2019Avignon - Les Explorateurs Catalans","description":"D\u00e9couvrez les Halles d\u2019Avignon, le march\u00e9 couvert embl\u00e9matique de la ville : saveurs proven\u00e7ales, producteurs locaux, ambiance conviviale et gastronomie authentique.","robots":{"index":"index","follow":"follow","max-snippet":"max-snippet:-1","max-image-preview":"max-image-preview:large","max-video-preview":"max-video-preview:-1"},"canonical":"https:\/\/lesexplorateurscatalans.fr\/index.php\/2025\/12\/10\/halles-avignon\/","og_locale":"fr_FR","og_type":"article","og_title":"Les Halles d'Avignon \u2014 immersion au c\u0153ur du march\u00e9 couvert d\u2019Avignon - Les Explorateurs Catalans","og_description":"D\u00e9couvrez les Halles d\u2019Avignon, le march\u00e9 couvert embl\u00e9matique de la ville : saveurs proven\u00e7ales, producteurs locaux, ambiance conviviale et gastronomie authentique.","og_url":"https:\/\/lesexplorateurscatalans.fr\/index.php\/2025\/12\/10\/halles-avignon\/","og_site_name":"Les Explorateurs Catalans","article_publisher":"https:\/\/www.facebook.com\/lesexplorateurscatalans","article_author":"https:\/\/www.facebook.com\/lesexplorateurscatalans","article_published_time":"2025-12-10T18:43:26+00:00","article_modified_time":"2025-12-10T18:43:27+00:00","og_image":[{"width":2048,"height":1536,"url":"https:\/\/lesexplorateurscatalans.fr\/wp-content\/uploads\/2025\/12\/IMG_9489.jpeg","type":"image\/jpeg"}],"author":"Les Explorateurs Catalans","twitter_card":"summary_large_image","twitter_misc":{"\u00c9crit par":"Les Explorateurs Catalans","Dur\u00e9e de lecture estim\u00e9e":"5 minutes"},"schema":{"@context":"https:\/\/schema.org","@graph":[{"@type":"Article","@id":"https:\/\/lesexplorateurscatalans.fr\/index.php\/2025\/12\/10\/halles-avignon\/#article","isPartOf":{"@id":"https:\/\/lesexplorateurscatalans.fr\/index.php\/2025\/12\/10\/halles-avignon\/"},"author":{"name":"Les Explorateurs Catalans","@id":"https:\/\/lesexplorateurscatalans.fr\/#\/schema\/person\/0f91d5fd7188c18ca62f2ea37a0f7d02"},"headline":"Les Halles d&rsquo;Avignon \u2014 immersion au c\u0153ur du march\u00e9 couvert d\u2019Avignon","datePublished":"2025-12-10T18:43:26+00:00","dateModified":"2025-12-10T18:43:27+00:00","mainEntityOfPage":{"@id":"https:\/\/lesexplorateurscatalans.fr\/index.php\/2025\/12\/10\/halles-avignon\/"},"wordCount":614,"commentCount":0,"publisher":{"@id":"https:\/\/lesexplorateurscatalans.fr\/#organization"},"image":{"@id":"https:\/\/lesexplorateurscatalans.fr\/index.php\/2025\/12\/10\/halles-avignon\/#primaryimage"},"thumbnailUrl":"https:\/\/lesexplorateurscatalans.fr\/wp-content\/uploads\/2025\/12\/IMG_9489.jpeg","keywords":["Avignon","gastronomie locale","Halles d\u2019Avignon","id\u00e9e sortie Avignon","Les Explorateurs Catalans","march\u00e9 couvert Avignon","march\u00e9 France","march\u00e9 proven\u00e7al","produits du terroir","Provence","sp\u00e9cialit\u00e9s proven\u00e7ales","Vaucluse"],"articleSection":["Carnet de voyage","Randonn\u00e9es"],"inLanguage":"fr-FR","potentialAction":[{"@type":"CommentAction","name":"Comment","target":["https:\/\/lesexplorateurscatalans.fr\/index.php\/2025\/12\/10\/halles-avignon\/#respond"]}]},{"@type":"WebPage","@id":"https:\/\/lesexplorateurscatalans.fr\/index.php\/2025\/12\/10\/halles-avignon\/","url":"https:\/\/lesexplorateurscatalans.fr\/index.php\/2025\/12\/10\/halles-avignon\/","name":"Les Halles d'Avignon \u2014 immersion au c\u0153ur du march\u00e9 couvert d\u2019Avignon - Les Explorateurs Catalans","isPartOf":{"@id":"https:\/\/lesexplorateurscatalans.fr\/#website"},"primaryImageOfPage":{"@id":"https:\/\/lesexplorateurscatalans.fr\/index.php\/2025\/12\/10\/halles-avignon\/#primaryimage"},"image":{"@id":"https:\/\/lesexplorateurscatalans.fr\/index.php\/2025\/12\/10\/halles-avignon\/#primaryimage"},"thumbnailUrl":"https:\/\/lesexplorateurscatalans.fr\/wp-content\/uploads\/2025\/12\/IMG_9489.jpeg","datePublished":"2025-12-10T18:43:26+00:00","dateModified":"2025-12-10T18:43:27+00:00","description":"D\u00e9couvrez les Halles d\u2019Avignon, le march\u00e9 couvert embl\u00e9matique de la ville : saveurs proven\u00e7ales, producteurs locaux, ambiance conviviale et gastronomie authentique.","breadcrumb":{"@id":"https:\/\/lesexplorateurscatalans.fr\/index.php\/2025\/12\/10\/halles-avignon\/#breadcrumb"},"inLanguage":"fr-FR","potentialAction":[{"@type":"ReadAction","target":["https:\/\/lesexplorateurscatalans.fr\/index.php\/2025\/12\/10\/halles-avignon\/"]}]},{"@type":"ImageObject","inLanguage":"fr-FR","@id":"https:\/\/lesexplorateurscatalans.fr\/index.php\/2025\/12\/10\/halles-avignon\/#primaryimage","url":"https:\/\/lesexplorateurscatalans.fr\/wp-content\/uploads\/2025\/12\/IMG_9489.jpeg","contentUrl":"https:\/\/lesexplorateurscatalans.fr\/wp-content\/uploads\/2025\/12\/IMG_9489.jpeg","width":2048,"height":1536},{"@type":"BreadcrumbList","@id":"https:\/\/lesexplorateurscatalans.fr\/index.php\/2025\/12\/10\/halles-avignon\/#breadcrumb","itemListElement":[{"@type":"ListItem","position":1,"name":"Accueil","item":"https:\/\/lesexplorateurscatalans.fr\/"},{"@type":"ListItem","position":2,"name":"Les Halles d&rsquo;Avignon \u2014 immersion au c\u0153ur du march\u00e9 couvert d\u2019Avignon"}]},{"@type":"WebSite","@id":"https:\/\/lesexplorateurscatalans.fr\/#website","url":"https:\/\/lesexplorateurscatalans.fr\/","name":"Les Explorateurs Catalans","description":"Les Explorateurs Catalans : Votre boussole pour l&#039;aventure.","publisher":{"@id":"https:\/\/lesexplorateurscatalans.fr\/#organization"},"alternateName":"LEC","potentialAction":[{"@type":"SearchAction","target":{"@type":"EntryPoint","urlTemplate":"https:\/\/lesexplorateurscatalans.fr\/?s={search_term_string}"},"query-input":{"@type":"PropertyValueSpecification","valueRequired":true,"valueName":"search_term_string"}}],"inLanguage":"fr-FR"},{"@type":"Organization","@id":"https:\/\/lesexplorateurscatalans.fr\/#organization","name":"Les Explorateurs Catalans","alternateName":"LEC","url":"https:\/\/lesexplorateurscatalans.fr\/","logo":{"@type":"ImageObject","inLanguage":"fr-FR","@id":"https:\/\/lesexplorateurscatalans.fr\/#\/schema\/logo\/image\/","url":"https:\/\/lesexplorateurscatalans.fr\/wp-content\/uploads\/2024\/04\/DALL_E-2024-02-19-13.15-removebg-preview.png","contentUrl":"https:\/\/lesexplorateurscatalans.fr\/wp-content\/uploads\/2024\/04\/DALL_E-2024-02-19-13.15-removebg-preview.png","width":500,"height":500,"caption":"Les Explorateurs Catalans"},"image":{"@id":"https:\/\/lesexplorateurscatalans.fr\/#\/schema\/logo\/image\/"},"sameAs":["https:\/\/www.facebook.com\/lesexplorateurscatalans","https:\/\/www.relive.cc\/profile\/niko660"]},{"@type":"Person","@id":"https:\/\/lesexplorateurscatalans.fr\/#\/schema\/person\/0f91d5fd7188c18ca62f2ea37a0f7d02","name":"Les Explorateurs Catalans","image":{"@type":"ImageObject","inLanguage":"fr-FR","@id":"https:\/\/lesexplorateurscatalans.fr\/#\/schema\/person\/image\/","url":"https:\/\/secure.gravatar.com\/avatar\/c657c225e0e21288bc03d7987bc3f3fa29636fd30a0946eb26df26acf6876aa1?s=96&d=mm&r=g","contentUrl":"https:\/\/secure.gravatar.com\/avatar\/c657c225e0e21288bc03d7987bc3f3fa29636fd30a0946eb26df26acf6876aa1?s=96&d=mm&r=g","caption":"Les Explorateurs Catalans"},"sameAs":["https:\/\/www.lesexplorateurscatalans.fr\/","https:\/\/www.facebook.com\/lesexplorateurscatalans"],"url":"https:\/\/lesexplorateurscatalans.fr\/index.php\/author\/admin\/"}]}},"amp_enabled":true,"_links":{"self":[{"href":"https:\/\/lesexplorateurscatalans.fr\/index.php\/wp-json\/wp\/v2\/posts\/1196","targetHints":{"allow":["GET"]}}],"collection":[{"href":"https:\/\/lesexplorateurscatalans.fr\/index.php\/wp-json\/wp\/v2\/posts"}],"about":[{"href":"https:\/\/lesexplorateurscatalans.fr\/index.php\/wp-json\/wp\/v2\/types\/post"}],"author":[{"embeddable":true,"href":"https:\/\/lesexplorateurscatalans.fr\/index.php\/wp-json\/wp\/v2\/users\/1"}],"replies":[{"embeddable":true,"href":"https:\/\/lesexplorateurscatalans.fr\/index.php\/wp-json\/wp\/v2\/comments?post=1196"}],"version-history":[{"count":1,"href":"https:\/\/lesexplorateurscatalans.fr\/index.php\/wp-json\/wp\/v2\/posts\/1196\/revisions"}],"predecessor-version":[{"id":1204,"href":"https:\/\/lesexplorateurscatalans.fr\/index.php\/wp-json\/wp\/v2\/posts\/1196\/revisions\/1204"}],"wp:featuredmedia":[{"embeddable":true,"href":"https:\/\/lesexplorateurscatalans.fr\/index.php\/wp-json\/wp\/v2\/media\/1197"}],"wp:attachment":[{"href":"https:\/\/lesexplorateurscatalans.fr\/index.php\/wp-json\/wp\/v2\/media?parent=1196"}],"wp:term":[{"taxonomy":"category","embeddable":true,"href":"https:\/\/lesexplorateurscatalans.fr\/index.php\/wp-json\/wp\/v2\/categories?post=1196"},{"taxonomy":"post_tag","embeddable":true,"href":"https:\/\/lesexplorateurscatalans.fr\/index.php\/wp-json\/wp\/v2\/tags?post=1196"}],"curies":[{"name":"wp","href":"https:\/\/api.w.org\/{rel}","templated":true}]}}