{"id":1205,"date":"2025-12-10T19:54:58","date_gmt":"2025-12-10T18:54:58","guid":{"rendered":"https:\/\/lesexplorateurscatalans.fr\/?p=1205"},"modified":"2025-12-10T19:55:00","modified_gmt":"2025-12-10T18:55:00","slug":"palais-des-papes-avignon","status":"publish","type":"post","link":"https:\/\/lesexplorateurscatalans.fr\/index.php\/2025\/12\/10\/palais-des-papes-avignon\/","title":{"rendered":"Le Palais des Papes \u00e0 Avignon : un chef-d\u2019\u0153uvre m\u00e9di\u00e9val incontournable"},"content":{"rendered":"\n<p>Au c\u0153ur de la cit\u00e9 d\u2019Avignon, le Palais des Papes domine la ville et le Rh\u00f4ne de toute sa puissance. Monument embl\u00e9matique de Provence et v\u00e9ritable symbole de l\u2019influence papale au XIV\u1d49 si\u00e8cle, il est aujourd\u2019hui l\u2019un des plus grands palais gothiques d\u2019Europe.<br>Lors de notre passage avec <em>Les Explorateurs Catalans<\/em>, impossible de ne pas se laisser impressionner par cette forteresse gigantesque, class\u00e9e au patrimoine mondial de l\u2019UNESCO.<\/p>\n\n\n\n<hr class=\"wp-block-separator has-alpha-channel-opacity\"\/>\n\n\n\n<h2 class=\"wp-block-heading\"> Un voyage au c\u0153ur de l\u2019Histoire<\/h2>\n\n\n\n<p>Construit entre 1335 et 1352, le Palais des Papes fut la r\u00e9sidence de neuf souverains pontifes.<br>\u00c0 cette \u00e9poque, Avignon \u00e9tait le centre du pouvoir de l\u2019\u00c9glise, et le palais refl\u00e8te encore aujourd\u2019hui la richesse et la puissance de cette p\u00e9riode.<\/p>\n\n\n\n<p>En parcourant ses salles, on traverse plus de sept si\u00e8cles d\u2019histoire :<\/p>\n\n\n\n<ul class=\"wp-block-list\">\n<li><strong>La Grande Audience<\/strong>, immense salle d\u2019apparat o\u00f9 se rendaient la justice et les d\u00e9cisions importantes.<\/li>\n\n\n\n<li><strong>La Chambre du Pape<\/strong>, orn\u00e9e de fresques d\u2019une finesse exceptionnelle.<\/li>\n\n\n\n<li><strong>La cuisine m\u00e9di\u00e9vale<\/strong>, l\u2019une des plus impressionnantes d\u2019Europe avec sa chemin\u00e9e gigantesque.<\/li>\n\n\n\n<li><strong>La Grande Chapelle<\/strong>, un espace monumental utilis\u00e9 pour les c\u00e9r\u00e9monies religieuses majeures.<\/li>\n<\/ul>\n\n\n\n<p>Chaque pi\u00e8ce r\u00e9v\u00e8le une part du quotidien des papes, entre spiritualit\u00e9, pouvoir politique et vie de cour.<\/p>\n\n\n\n<hr class=\"wp-block-separator has-alpha-channel-opacity\"\/>\n\n\n\n<h2 class=\"wp-block-heading\">Une architecture grandiose<\/h2>\n\n\n\n<p>Le Palais des Papes est une v\u00e9ritable prouesse architecturale. Ses hauts remparts, ses tours massives et ses fa\u00e7ades aust\u00e8res \u00e9voquent autant une forteresse qu\u2019un palais princier.<\/p>\n\n\n\n<p>L\u2019int\u00e9rieur, lui, surprend par :<\/p>\n\n\n\n<ul class=\"wp-block-list\">\n<li>des salles gigantesques, parfois plus grandes qu\u2019un terrain de tennis ;<\/li>\n\n\n\n<li>des vo\u00fbtes gothiques d\u2019une \u00e9l\u00e9gance rare ;<\/li>\n\n\n\n<li>des fresques du XIV\u1d49 si\u00e8cle, parfaitement conserv\u00e9es pour certaines ;<\/li>\n\n\n\n<li>des escaliers et passages secrets, t\u00e9moignant de la complexit\u00e9 du lieu.<\/li>\n<\/ul>\n\n\n\n<p>Le contraste entre l\u2019ext\u00e9rieur militaire et l\u2019int\u00e9rieur raffin\u00e9 raconte, \u00e0 lui seul, toute l\u2019identit\u00e9 du palais.<\/p>\n\n\n\n<hr class=\"wp-block-separator has-alpha-channel-opacity\"\/>\n\n\n\n<h2 class=\"wp-block-heading\">Une visite immersive et moderne<\/h2>\n\n\n\n<p>Aujourd\u2019hui, le Palais des Papes est un lieu vivant. La visite peut se faire librement ou avec des supports interactifs qui permettent de revivre les espaces tels qu\u2019ils \u00e9taient au Moyen \u00c2ge.<\/p>\n\n\n\n<p>Les animations, expositions temporaires et reconstitutions num\u00e9riques donnent une nouvelle dimension au monument, permettant d\u2019imaginer :<\/p>\n\n\n\n<ul class=\"wp-block-list\">\n<li>les salles richement d\u00e9cor\u00e9es,<\/li>\n\n\n\n<li>les fresques color\u00e9es,<\/li>\n\n\n\n<li>les banquets,<\/li>\n\n\n\n<li>les c\u00e9r\u00e9monies religieuses,<\/li>\n\n\n\n<li>la vie quotidienne du palais.<\/li>\n<\/ul>\n\n\n\n<p>Un v\u00e9ritable voyage dans le temps, accessible et fascinant pour tous les \u00e2ges.<\/p>\n\n\n\n<hr class=\"wp-block-separator has-alpha-channel-opacity\"\/>\n\n\n\n<h2 class=\"wp-block-heading\">Une vue panoramique exceptionnelle sur Avignon<\/h2>\n\n\n\n<p>Apr\u00e8s avoir explor\u00e9 l&rsquo;int\u00e9rieur, ne manquez pas les terrasses du palais.<br>Elles offrent l\u2019une des plus belles vues de la r\u00e9gion :<\/p>\n\n\n\n<ul class=\"wp-block-list\">\n<li>sur la ville d\u2019Avignon,<\/li>\n\n\n\n<li>le Rh\u00f4ne,<\/li>\n\n\n\n<li>le Pont Saint-B\u00e9n\u00e9zet,<\/li>\n\n\n\n<li>l\u2019\u00eele de la Barthelasse,<\/li>\n\n\n\n<li>et jusqu\u2019aux reliefs du Ventoux par temps clair.<\/li>\n<\/ul>\n\n\n\n<p>Un moment id\u00e9al pour faire une pause, admirer le paysage et savourer l\u2019atmosph\u00e8re unique de la cit\u00e9 des papes.<\/p>\n\n\n\n<hr class=\"wp-block-separator has-alpha-channel-opacity\"\/>\n\n\n\n<h2 class=\"wp-block-heading\">Un lieu \u00e0 ne pas manquer en famille<\/h2>\n\n\n\n<p>Le Palais des Papes se visite tr\u00e8s bien avec des enfants :<\/p>\n\n\n\n<ul class=\"wp-block-list\">\n<li>espaces gigantesques,<\/li>\n\n\n\n<li>atmosph\u00e8re m\u00e9di\u00e9vale,<\/li>\n\n\n\n<li>histoires de papes, de banquets et de forteresses,<\/li>\n\n\n\n<li>outils interactifs captivants\u2026<\/li>\n<\/ul>\n\n\n\n<p>Les plus jeunes se prennent vite au jeu et repartent avec des \u00e9toiles dans les yeux.<\/p>\n\n\n\n<hr class=\"wp-block-separator has-alpha-channel-opacity\"\/>\n\n\n\n<h2 class=\"wp-block-heading\">Nos conseils d\u2019Explorateurs<\/h2>\n\n\n\n<ul class=\"wp-block-list\">\n<li>Arrivez t\u00f4t le matin pour profiter du lieu avant l\u2019affluence.<\/li>\n\n\n\n<li>Combinez la visite avec le Pont d\u2019Avignon pour une journ\u00e9e compl\u00e8te au c\u0153ur du patrimoine mondial.<\/li>\n\n\n\n<li>Prenez le temps d\u2019explorer le jardin des Doms, juste \u00e0 c\u00f4t\u00e9, id\u00e9al pour une pause fra\u00eecheur.<\/li>\n\n\n\n<li>La visite dure en moyenne 1h30 \u00e0 2h, plus si vous aimez fl\u00e2ner ou contempler les fresques.<\/li>\n<\/ul>\n\n\n\n<hr class=\"wp-block-separator has-alpha-channel-opacity\"\/>\n\n\n\n\n\n<figure class=\"wp-block-gallery has-nested-images columns-default is-cropped wp-block-gallery-1 is-layout-flex wp-block-gallery-is-layout-flex\">\n<figure class=\"wp-block-image size-large\"><img loading=\"lazy\" decoding=\"async\" width=\"1024\" height=\"768\" data-id=\"1207\" src=\"https:\/\/lesexplorateurscatalans.fr\/wp-content\/uploads\/2025\/12\/IMG_9496-1024x768.jpeg\" alt=\"\" class=\"wp-image-1207\" srcset=\"https:\/\/lesexplorateurscatalans.fr\/wp-content\/uploads\/2025\/12\/IMG_9496-1024x768.jpeg 1024w, https:\/\/lesexplorateurscatalans.fr\/wp-content\/uploads\/2025\/12\/IMG_9496-300x225.jpeg 300w, https:\/\/lesexplorateurscatalans.fr\/wp-content\/uploads\/2025\/12\/IMG_9496-768x576.jpeg 768w, https:\/\/lesexplorateurscatalans.fr\/wp-content\/uploads\/2025\/12\/IMG_9496-1536x1152.jpeg 1536w, https:\/\/lesexplorateurscatalans.fr\/wp-content\/uploads\/2025\/12\/IMG_9496-560x420.jpeg 560w, https:\/\/lesexplorateurscatalans.fr\/wp-content\/uploads\/2025\/12\/IMG_9496-80x60.jpeg 80w, https:\/\/lesexplorateurscatalans.fr\/wp-content\/uploads\/2025\/12\/IMG_9496-696x522.jpeg 696w, https:\/\/lesexplorateurscatalans.fr\/wp-content\/uploads\/2025\/12\/IMG_9496-1068x801.jpeg 1068w, https:\/\/lesexplorateurscatalans.fr\/wp-content\/uploads\/2025\/12\/IMG_9496-1920x1440.jpeg 1920w, https:\/\/lesexplorateurscatalans.fr\/wp-content\/uploads\/2025\/12\/IMG_9496-265x198.jpeg 265w, https:\/\/lesexplorateurscatalans.fr\/wp-content\/uploads\/2025\/12\/IMG_9496.jpeg 2048w\" sizes=\"auto, (max-width: 1024px) 100vw, 1024px\" \/><\/figure>\n\n\n\n<figure class=\"wp-block-image size-large\"><img loading=\"lazy\" decoding=\"async\" width=\"1024\" height=\"768\" data-id=\"1206\" src=\"https:\/\/lesexplorateurscatalans.fr\/wp-content\/uploads\/2025\/12\/IMG_9498-1024x768.jpeg\" alt=\"\" class=\"wp-image-1206\" srcset=\"https:\/\/lesexplorateurscatalans.fr\/wp-content\/uploads\/2025\/12\/IMG_9498-1024x768.jpeg 1024w, https:\/\/lesexplorateurscatalans.fr\/wp-content\/uploads\/2025\/12\/IMG_9498-300x225.jpeg 300w, https:\/\/lesexplorateurscatalans.fr\/wp-content\/uploads\/2025\/12\/IMG_9498-768x576.jpeg 768w, https:\/\/lesexplorateurscatalans.fr\/wp-content\/uploads\/2025\/12\/IMG_9498-1536x1152.jpeg 1536w, https:\/\/lesexplorateurscatalans.fr\/wp-content\/uploads\/2025\/12\/IMG_9498-560x420.jpeg 560w, https:\/\/lesexplorateurscatalans.fr\/wp-content\/uploads\/2025\/12\/IMG_9498-80x60.jpeg 80w, https:\/\/lesexplorateurscatalans.fr\/wp-content\/uploads\/2025\/12\/IMG_9498-696x522.jpeg 696w, https:\/\/lesexplorateurscatalans.fr\/wp-content\/uploads\/2025\/12\/IMG_9498-1068x801.jpeg 1068w, https:\/\/lesexplorateurscatalans.fr\/wp-content\/uploads\/2025\/12\/IMG_9498-1920x1440.jpeg 1920w, https:\/\/lesexplorateurscatalans.fr\/wp-content\/uploads\/2025\/12\/IMG_9498-265x198.jpeg 265w, https:\/\/lesexplorateurscatalans.fr\/wp-content\/uploads\/2025\/12\/IMG_9498.jpeg 2048w\" sizes=\"auto, (max-width: 1024px) 100vw, 1024px\" \/><\/figure>\n\n\n\n<figure class=\"wp-block-image size-large\"><img loading=\"lazy\" decoding=\"async\" width=\"1024\" height=\"768\" data-id=\"1208\" src=\"https:\/\/lesexplorateurscatalans.fr\/wp-content\/uploads\/2025\/12\/IMG_9499-1024x768.jpeg\" alt=\"\" class=\"wp-image-1208\" srcset=\"https:\/\/lesexplorateurscatalans.fr\/wp-content\/uploads\/2025\/12\/IMG_9499-1024x768.jpeg 1024w, https:\/\/lesexplorateurscatalans.fr\/wp-content\/uploads\/2025\/12\/IMG_9499-300x225.jpeg 300w, https:\/\/lesexplorateurscatalans.fr\/wp-content\/uploads\/2025\/12\/IMG_9499-768x576.jpeg 768w, https:\/\/lesexplorateurscatalans.fr\/wp-content\/uploads\/2025\/12\/IMG_9499-1536x1152.jpeg 1536w, https:\/\/lesexplorateurscatalans.fr\/wp-content\/uploads\/2025\/12\/IMG_9499-560x420.jpeg 560w, https:\/\/lesexplorateurscatalans.fr\/wp-content\/uploads\/2025\/12\/IMG_9499-80x60.jpeg 80w, https:\/\/lesexplorateurscatalans.fr\/wp-content\/uploads\/2025\/12\/IMG_9499-696x522.jpeg 696w, https:\/\/lesexplorateurscatalans.fr\/wp-content\/uploads\/2025\/12\/IMG_9499-1068x801.jpeg 1068w, https:\/\/lesexplorateurscatalans.fr\/wp-content\/uploads\/2025\/12\/IMG_9499-1920x1440.jpeg 1920w, https:\/\/lesexplorateurscatalans.fr\/wp-content\/uploads\/2025\/12\/IMG_9499-265x198.jpeg 265w, https:\/\/lesexplorateurscatalans.fr\/wp-content\/uploads\/2025\/12\/IMG_9499.jpeg 2048w\" sizes=\"auto, (max-width: 1024px) 100vw, 1024px\" \/><\/figure>\n\n\n\n<figure class=\"wp-block-image size-large\"><img loading=\"lazy\" decoding=\"async\" width=\"1024\" height=\"768\" data-id=\"1211\" src=\"https:\/\/lesexplorateurscatalans.fr\/wp-content\/uploads\/2025\/12\/IMG_9500-1024x768.jpeg\" alt=\"\" class=\"wp-image-1211\" srcset=\"https:\/\/lesexplorateurscatalans.fr\/wp-content\/uploads\/2025\/12\/IMG_9500-1024x768.jpeg 1024w, https:\/\/lesexplorateurscatalans.fr\/wp-content\/uploads\/2025\/12\/IMG_9500-300x225.jpeg 300w, https:\/\/lesexplorateurscatalans.fr\/wp-content\/uploads\/2025\/12\/IMG_9500-768x576.jpeg 768w, https:\/\/lesexplorateurscatalans.fr\/wp-content\/uploads\/2025\/12\/IMG_9500-1536x1152.jpeg 1536w, https:\/\/lesexplorateurscatalans.fr\/wp-content\/uploads\/2025\/12\/IMG_9500-560x420.jpeg 560w, https:\/\/lesexplorateurscatalans.fr\/wp-content\/uploads\/2025\/12\/IMG_9500-80x60.jpeg 80w, https:\/\/lesexplorateurscatalans.fr\/wp-content\/uploads\/2025\/12\/IMG_9500-696x522.jpeg 696w, https:\/\/lesexplorateurscatalans.fr\/wp-content\/uploads\/2025\/12\/IMG_9500-1068x801.jpeg 1068w, https:\/\/lesexplorateurscatalans.fr\/wp-content\/uploads\/2025\/12\/IMG_9500-1920x1440.jpeg 1920w, https:\/\/lesexplorateurscatalans.fr\/wp-content\/uploads\/2025\/12\/IMG_9500-265x198.jpeg 265w, https:\/\/lesexplorateurscatalans.fr\/wp-content\/uploads\/2025\/12\/IMG_9500.jpeg 2048w\" sizes=\"auto, (max-width: 1024px) 100vw, 1024px\" \/><\/figure>\n\n\n\n<figure class=\"wp-block-image size-large\"><img loading=\"lazy\" decoding=\"async\" width=\"768\" height=\"1024\" data-id=\"1210\" src=\"https:\/\/lesexplorateurscatalans.fr\/wp-content\/uploads\/2025\/12\/IMG_9504-768x1024.jpeg\" alt=\"\" class=\"wp-image-1210\" srcset=\"https:\/\/lesexplorateurscatalans.fr\/wp-content\/uploads\/2025\/12\/IMG_9504-768x1024.jpeg 768w, https:\/\/lesexplorateurscatalans.fr\/wp-content\/uploads\/2025\/12\/IMG_9504-225x300.jpeg 225w, https:\/\/lesexplorateurscatalans.fr\/wp-content\/uploads\/2025\/12\/IMG_9504-1152x1536.jpeg 1152w, https:\/\/lesexplorateurscatalans.fr\/wp-content\/uploads\/2025\/12\/IMG_9504-315x420.jpeg 315w, https:\/\/lesexplorateurscatalans.fr\/wp-content\/uploads\/2025\/12\/IMG_9504-696x928.jpeg 696w, https:\/\/lesexplorateurscatalans.fr\/wp-content\/uploads\/2025\/12\/IMG_9504-1068x1424.jpeg 1068w, https:\/\/lesexplorateurscatalans.fr\/wp-content\/uploads\/2025\/12\/IMG_9504.jpeg 1536w\" sizes=\"auto, (max-width: 768px) 100vw, 768px\" \/><\/figure>\n\n\n\n<figure class=\"wp-block-image size-large\"><img loading=\"lazy\" decoding=\"async\" width=\"1024\" height=\"768\" data-id=\"1209\" src=\"https:\/\/lesexplorateurscatalans.fr\/wp-content\/uploads\/2025\/12\/IMG_9506-1024x768.jpeg\" alt=\"\" class=\"wp-image-1209\" srcset=\"https:\/\/lesexplorateurscatalans.fr\/wp-content\/uploads\/2025\/12\/IMG_9506-1024x768.jpeg 1024w, https:\/\/lesexplorateurscatalans.fr\/wp-content\/uploads\/2025\/12\/IMG_9506-300x225.jpeg 300w, https:\/\/lesexplorateurscatalans.fr\/wp-content\/uploads\/2025\/12\/IMG_9506-768x576.jpeg 768w, https:\/\/lesexplorateurscatalans.fr\/wp-content\/uploads\/2025\/12\/IMG_9506-1536x1152.jpeg 1536w, https:\/\/lesexplorateurscatalans.fr\/wp-content\/uploads\/2025\/12\/IMG_9506-560x420.jpeg 560w, https:\/\/lesexplorateurscatalans.fr\/wp-content\/uploads\/2025\/12\/IMG_9506-80x60.jpeg 80w, https:\/\/lesexplorateurscatalans.fr\/wp-content\/uploads\/2025\/12\/IMG_9506-696x522.jpeg 696w, https:\/\/lesexplorateurscatalans.fr\/wp-content\/uploads\/2025\/12\/IMG_9506-1068x801.jpeg 1068w, https:\/\/lesexplorateurscatalans.fr\/wp-content\/uploads\/2025\/12\/IMG_9506-1920x1440.jpeg 1920w, https:\/\/lesexplorateurscatalans.fr\/wp-content\/uploads\/2025\/12\/IMG_9506-265x198.jpeg 265w, https:\/\/lesexplorateurscatalans.fr\/wp-content\/uploads\/2025\/12\/IMG_9506.jpeg 2048w\" sizes=\"auto, (max-width: 1024px) 100vw, 1024px\" \/><\/figure>\n\n\n\n<figure class=\"wp-block-image size-large\"><img loading=\"lazy\" decoding=\"async\" width=\"768\" height=\"1024\" data-id=\"1212\" src=\"https:\/\/lesexplorateurscatalans.fr\/wp-content\/uploads\/2025\/12\/IMG_9507-768x1024.jpeg\" alt=\"\" class=\"wp-image-1212\" srcset=\"https:\/\/lesexplorateurscatalans.fr\/wp-content\/uploads\/2025\/12\/IMG_9507-768x1024.jpeg 768w, https:\/\/lesexplorateurscatalans.fr\/wp-content\/uploads\/2025\/12\/IMG_9507-225x300.jpeg 225w, https:\/\/lesexplorateurscatalans.fr\/wp-content\/uploads\/2025\/12\/IMG_9507-1152x1536.jpeg 1152w, https:\/\/lesexplorateurscatalans.fr\/wp-content\/uploads\/2025\/12\/IMG_9507-315x420.jpeg 315w, https:\/\/lesexplorateurscatalans.fr\/wp-content\/uploads\/2025\/12\/IMG_9507-696x928.jpeg 696w, https:\/\/lesexplorateurscatalans.fr\/wp-content\/uploads\/2025\/12\/IMG_9507-1068x1424.jpeg 1068w, https:\/\/lesexplorateurscatalans.fr\/wp-content\/uploads\/2025\/12\/IMG_9507.jpeg 1536w\" sizes=\"auto, (max-width: 768px) 100vw, 768px\" \/><\/figure>\n\n\n\n<figure class=\"wp-block-image size-large\"><img loading=\"lazy\" decoding=\"async\" width=\"768\" height=\"1024\" data-id=\"1213\" src=\"https:\/\/lesexplorateurscatalans.fr\/wp-content\/uploads\/2025\/12\/IMG_9508-768x1024.jpeg\" alt=\"\" class=\"wp-image-1213\" srcset=\"https:\/\/lesexplorateurscatalans.fr\/wp-content\/uploads\/2025\/12\/IMG_9508-768x1024.jpeg 768w, https:\/\/lesexplorateurscatalans.fr\/wp-content\/uploads\/2025\/12\/IMG_9508-225x300.jpeg 225w, https:\/\/lesexplorateurscatalans.fr\/wp-content\/uploads\/2025\/12\/IMG_9508-1152x1536.jpeg 1152w, https:\/\/lesexplorateurscatalans.fr\/wp-content\/uploads\/2025\/12\/IMG_9508-315x420.jpeg 315w, https:\/\/lesexplorateurscatalans.fr\/wp-content\/uploads\/2025\/12\/IMG_9508-696x928.jpeg 696w, https:\/\/lesexplorateurscatalans.fr\/wp-content\/uploads\/2025\/12\/IMG_9508-1068x1424.jpeg 1068w, https:\/\/lesexplorateurscatalans.fr\/wp-content\/uploads\/2025\/12\/IMG_9508.jpeg 1536w\" sizes=\"auto, (max-width: 768px) 100vw, 768px\" \/><\/figure>\n\n\n\n<figure class=\"wp-block-image size-large\"><img loading=\"lazy\" decoding=\"async\" width=\"1024\" height=\"768\" data-id=\"1215\" src=\"https:\/\/lesexplorateurscatalans.fr\/wp-content\/uploads\/2025\/12\/IMG_9510-1024x768.jpeg\" alt=\"\" class=\"wp-image-1215\" srcset=\"https:\/\/lesexplorateurscatalans.fr\/wp-content\/uploads\/2025\/12\/IMG_9510-1024x768.jpeg 1024w, https:\/\/lesexplorateurscatalans.fr\/wp-content\/uploads\/2025\/12\/IMG_9510-300x225.jpeg 300w, https:\/\/lesexplorateurscatalans.fr\/wp-content\/uploads\/2025\/12\/IMG_9510-768x576.jpeg 768w, https:\/\/lesexplorateurscatalans.fr\/wp-content\/uploads\/2025\/12\/IMG_9510-1536x1152.jpeg 1536w, https:\/\/lesexplorateurscatalans.fr\/wp-content\/uploads\/2025\/12\/IMG_9510-560x420.jpeg 560w, https:\/\/lesexplorateurscatalans.fr\/wp-content\/uploads\/2025\/12\/IMG_9510-80x60.jpeg 80w, https:\/\/lesexplorateurscatalans.fr\/wp-content\/uploads\/2025\/12\/IMG_9510-696x522.jpeg 696w, https:\/\/lesexplorateurscatalans.fr\/wp-content\/uploads\/2025\/12\/IMG_9510-1068x801.jpeg 1068w, https:\/\/lesexplorateurscatalans.fr\/wp-content\/uploads\/2025\/12\/IMG_9510-1920x1440.jpeg 1920w, https:\/\/lesexplorateurscatalans.fr\/wp-content\/uploads\/2025\/12\/IMG_9510-265x198.jpeg 265w, https:\/\/lesexplorateurscatalans.fr\/wp-content\/uploads\/2025\/12\/IMG_9510.jpeg 2048w\" sizes=\"auto, (max-width: 1024px) 100vw, 1024px\" \/><\/figure>\n\n\n\n<figure class=\"wp-block-image size-large\"><img loading=\"lazy\" decoding=\"async\" width=\"1024\" height=\"768\" data-id=\"1216\" src=\"https:\/\/lesexplorateurscatalans.fr\/wp-content\/uploads\/2025\/12\/IMG_9511-1024x768.jpeg\" alt=\"\" class=\"wp-image-1216\" srcset=\"https:\/\/lesexplorateurscatalans.fr\/wp-content\/uploads\/2025\/12\/IMG_9511-1024x768.jpeg 1024w, https:\/\/lesexplorateurscatalans.fr\/wp-content\/uploads\/2025\/12\/IMG_9511-300x225.jpeg 300w, https:\/\/lesexplorateurscatalans.fr\/wp-content\/uploads\/2025\/12\/IMG_9511-768x576.jpeg 768w, https:\/\/lesexplorateurscatalans.fr\/wp-content\/uploads\/2025\/12\/IMG_9511-1536x1152.jpeg 1536w, https:\/\/lesexplorateurscatalans.fr\/wp-content\/uploads\/2025\/12\/IMG_9511-560x420.jpeg 560w, https:\/\/lesexplorateurscatalans.fr\/wp-content\/uploads\/2025\/12\/IMG_9511-80x60.jpeg 80w, https:\/\/lesexplorateurscatalans.fr\/wp-content\/uploads\/2025\/12\/IMG_9511-696x522.jpeg 696w, https:\/\/lesexplorateurscatalans.fr\/wp-content\/uploads\/2025\/12\/IMG_9511-1068x801.jpeg 1068w, https:\/\/lesexplorateurscatalans.fr\/wp-content\/uploads\/2025\/12\/IMG_9511-1920x1440.jpeg 1920w, https:\/\/lesexplorateurscatalans.fr\/wp-content\/uploads\/2025\/12\/IMG_9511-265x198.jpeg 265w, https:\/\/lesexplorateurscatalans.fr\/wp-content\/uploads\/2025\/12\/IMG_9511.jpeg 2048w\" sizes=\"auto, (max-width: 1024px) 100vw, 1024px\" \/><\/figure>\n\n\n\n<figure class=\"wp-block-image size-large\"><img loading=\"lazy\" decoding=\"async\" width=\"1024\" height=\"768\" data-id=\"1217\" src=\"https:\/\/lesexplorateurscatalans.fr\/wp-content\/uploads\/2025\/12\/IMG_9512-1024x768.jpeg\" alt=\"\" class=\"wp-image-1217\" srcset=\"https:\/\/lesexplorateurscatalans.fr\/wp-content\/uploads\/2025\/12\/IMG_9512-1024x768.jpeg 1024w, https:\/\/lesexplorateurscatalans.fr\/wp-content\/uploads\/2025\/12\/IMG_9512-300x225.jpeg 300w, https:\/\/lesexplorateurscatalans.fr\/wp-content\/uploads\/2025\/12\/IMG_9512-768x576.jpeg 768w, https:\/\/lesexplorateurscatalans.fr\/wp-content\/uploads\/2025\/12\/IMG_9512-1536x1152.jpeg 1536w, https:\/\/lesexplorateurscatalans.fr\/wp-content\/uploads\/2025\/12\/IMG_9512-560x420.jpeg 560w, https:\/\/lesexplorateurscatalans.fr\/wp-content\/uploads\/2025\/12\/IMG_9512-80x60.jpeg 80w, https:\/\/lesexplorateurscatalans.fr\/wp-content\/uploads\/2025\/12\/IMG_9512-696x522.jpeg 696w, https:\/\/lesexplorateurscatalans.fr\/wp-content\/uploads\/2025\/12\/IMG_9512-1068x801.jpeg 1068w, https:\/\/lesexplorateurscatalans.fr\/wp-content\/uploads\/2025\/12\/IMG_9512-1920x1440.jpeg 1920w, https:\/\/lesexplorateurscatalans.fr\/wp-content\/uploads\/2025\/12\/IMG_9512-265x198.jpeg 265w, https:\/\/lesexplorateurscatalans.fr\/wp-content\/uploads\/2025\/12\/IMG_9512.jpeg 2048w\" sizes=\"auto, (max-width: 1024px) 100vw, 1024px\" \/><\/figure>\n\n\n\n<figure class=\"wp-block-image size-large\"><img loading=\"lazy\" decoding=\"async\" width=\"1024\" height=\"768\" data-id=\"1218\" src=\"https:\/\/lesexplorateurscatalans.fr\/wp-content\/uploads\/2025\/12\/IMG_9514-1024x768.jpeg\" alt=\"\" class=\"wp-image-1218\" srcset=\"https:\/\/lesexplorateurscatalans.fr\/wp-content\/uploads\/2025\/12\/IMG_9514-1024x768.jpeg 1024w, https:\/\/lesexplorateurscatalans.fr\/wp-content\/uploads\/2025\/12\/IMG_9514-300x225.jpeg 300w, https:\/\/lesexplorateurscatalans.fr\/wp-content\/uploads\/2025\/12\/IMG_9514-768x576.jpeg 768w, https:\/\/lesexplorateurscatalans.fr\/wp-content\/uploads\/2025\/12\/IMG_9514-1536x1152.jpeg 1536w, https:\/\/lesexplorateurscatalans.fr\/wp-content\/uploads\/2025\/12\/IMG_9514-560x420.jpeg 560w, https:\/\/lesexplorateurscatalans.fr\/wp-content\/uploads\/2025\/12\/IMG_9514-80x60.jpeg 80w, https:\/\/lesexplorateurscatalans.fr\/wp-content\/uploads\/2025\/12\/IMG_9514-696x522.jpeg 696w, https:\/\/lesexplorateurscatalans.fr\/wp-content\/uploads\/2025\/12\/IMG_9514-1068x801.jpeg 1068w, https:\/\/lesexplorateurscatalans.fr\/wp-content\/uploads\/2025\/12\/IMG_9514-1920x1440.jpeg 1920w, https:\/\/lesexplorateurscatalans.fr\/wp-content\/uploads\/2025\/12\/IMG_9514-265x198.jpeg 265w, https:\/\/lesexplorateurscatalans.fr\/wp-content\/uploads\/2025\/12\/IMG_9514.jpeg 2048w\" sizes=\"auto, (max-width: 1024px) 100vw, 1024px\" \/><\/figure>\n\n\n\n<figure class=\"wp-block-image size-large\"><img loading=\"lazy\" decoding=\"async\" width=\"1024\" height=\"768\" data-id=\"1219\" src=\"https:\/\/lesexplorateurscatalans.fr\/wp-content\/uploads\/2025\/12\/IMG_9517-1024x768.jpeg\" alt=\"\" class=\"wp-image-1219\" srcset=\"https:\/\/lesexplorateurscatalans.fr\/wp-content\/uploads\/2025\/12\/IMG_9517-1024x768.jpeg 1024w, https:\/\/lesexplorateurscatalans.fr\/wp-content\/uploads\/2025\/12\/IMG_9517-300x225.jpeg 300w, https:\/\/lesexplorateurscatalans.fr\/wp-content\/uploads\/2025\/12\/IMG_9517-768x576.jpeg 768w, https:\/\/lesexplorateurscatalans.fr\/wp-content\/uploads\/2025\/12\/IMG_9517-1536x1152.jpeg 1536w, https:\/\/lesexplorateurscatalans.fr\/wp-content\/uploads\/2025\/12\/IMG_9517-560x420.jpeg 560w, https:\/\/lesexplorateurscatalans.fr\/wp-content\/uploads\/2025\/12\/IMG_9517-80x60.jpeg 80w, https:\/\/lesexplorateurscatalans.fr\/wp-content\/uploads\/2025\/12\/IMG_9517-696x522.jpeg 696w, https:\/\/lesexplorateurscatalans.fr\/wp-content\/uploads\/2025\/12\/IMG_9517-1068x801.jpeg 1068w, https:\/\/lesexplorateurscatalans.fr\/wp-content\/uploads\/2025\/12\/IMG_9517-1920x1440.jpeg 1920w, https:\/\/lesexplorateurscatalans.fr\/wp-content\/uploads\/2025\/12\/IMG_9517-265x198.jpeg 265w, https:\/\/lesexplorateurscatalans.fr\/wp-content\/uploads\/2025\/12\/IMG_9517.jpeg 2048w\" sizes=\"auto, (max-width: 1024px) 100vw, 1024px\" \/><\/figure>\n\n\n\n<figure class=\"wp-block-image size-large\"><img loading=\"lazy\" decoding=\"async\" width=\"1024\" height=\"768\" data-id=\"1220\" src=\"https:\/\/lesexplorateurscatalans.fr\/wp-content\/uploads\/2025\/12\/IMG_9518-1024x768.jpeg\" alt=\"\" class=\"wp-image-1220\" srcset=\"https:\/\/lesexplorateurscatalans.fr\/wp-content\/uploads\/2025\/12\/IMG_9518-1024x768.jpeg 1024w, https:\/\/lesexplorateurscatalans.fr\/wp-content\/uploads\/2025\/12\/IMG_9518-300x225.jpeg 300w, https:\/\/lesexplorateurscatalans.fr\/wp-content\/uploads\/2025\/12\/IMG_9518-768x576.jpeg 768w, https:\/\/lesexplorateurscatalans.fr\/wp-content\/uploads\/2025\/12\/IMG_9518-1536x1152.jpeg 1536w, https:\/\/lesexplorateurscatalans.fr\/wp-content\/uploads\/2025\/12\/IMG_9518-560x420.jpeg 560w, https:\/\/lesexplorateurscatalans.fr\/wp-content\/uploads\/2025\/12\/IMG_9518-80x60.jpeg 80w, https:\/\/lesexplorateurscatalans.fr\/wp-content\/uploads\/2025\/12\/IMG_9518-696x522.jpeg 696w, https:\/\/lesexplorateurscatalans.fr\/wp-content\/uploads\/2025\/12\/IMG_9518-1068x801.jpeg 1068w, https:\/\/lesexplorateurscatalans.fr\/wp-content\/uploads\/2025\/12\/IMG_9518-1920x1440.jpeg 1920w, https:\/\/lesexplorateurscatalans.fr\/wp-content\/uploads\/2025\/12\/IMG_9518-265x198.jpeg 265w, https:\/\/lesexplorateurscatalans.fr\/wp-content\/uploads\/2025\/12\/IMG_9518.jpeg 2048w\" sizes=\"auto, (max-width: 1024px) 100vw, 1024px\" \/><\/figure>\n\n\n\n<figure class=\"wp-block-image size-large\"><img loading=\"lazy\" decoding=\"async\" width=\"1024\" height=\"768\" data-id=\"1221\" src=\"https:\/\/lesexplorateurscatalans.fr\/wp-content\/uploads\/2025\/12\/IMG_9520-1024x768.jpeg\" alt=\"\" class=\"wp-image-1221\" srcset=\"https:\/\/lesexplorateurscatalans.fr\/wp-content\/uploads\/2025\/12\/IMG_9520-1024x768.jpeg 1024w, https:\/\/lesexplorateurscatalans.fr\/wp-content\/uploads\/2025\/12\/IMG_9520-300x225.jpeg 300w, https:\/\/lesexplorateurscatalans.fr\/wp-content\/uploads\/2025\/12\/IMG_9520-768x576.jpeg 768w, https:\/\/lesexplorateurscatalans.fr\/wp-content\/uploads\/2025\/12\/IMG_9520-1536x1152.jpeg 1536w, https:\/\/lesexplorateurscatalans.fr\/wp-content\/uploads\/2025\/12\/IMG_9520-560x420.jpeg 560w, https:\/\/lesexplorateurscatalans.fr\/wp-content\/uploads\/2025\/12\/IMG_9520-80x60.jpeg 80w, https:\/\/lesexplorateurscatalans.fr\/wp-content\/uploads\/2025\/12\/IMG_9520-696x522.jpeg 696w, https:\/\/lesexplorateurscatalans.fr\/wp-content\/uploads\/2025\/12\/IMG_9520-1068x801.jpeg 1068w, https:\/\/lesexplorateurscatalans.fr\/wp-content\/uploads\/2025\/12\/IMG_9520-1920x1440.jpeg 1920w, https:\/\/lesexplorateurscatalans.fr\/wp-content\/uploads\/2025\/12\/IMG_9520-265x198.jpeg 265w, https:\/\/lesexplorateurscatalans.fr\/wp-content\/uploads\/2025\/12\/IMG_9520.jpeg 2048w\" sizes=\"auto, (max-width: 1024px) 100vw, 1024px\" \/><\/figure>\n\n\n\n<figure class=\"wp-block-image size-large\"><img loading=\"lazy\" decoding=\"async\" width=\"1024\" height=\"768\" data-id=\"1222\" src=\"https:\/\/lesexplorateurscatalans.fr\/wp-content\/uploads\/2025\/12\/IMG_9523-1024x768.jpeg\" alt=\"\" class=\"wp-image-1222\" srcset=\"https:\/\/lesexplorateurscatalans.fr\/wp-content\/uploads\/2025\/12\/IMG_9523-1024x768.jpeg 1024w, https:\/\/lesexplorateurscatalans.fr\/wp-content\/uploads\/2025\/12\/IMG_9523-300x225.jpeg 300w, https:\/\/lesexplorateurscatalans.fr\/wp-content\/uploads\/2025\/12\/IMG_9523-768x576.jpeg 768w, https:\/\/lesexplorateurscatalans.fr\/wp-content\/uploads\/2025\/12\/IMG_9523-1536x1152.jpeg 1536w, https:\/\/lesexplorateurscatalans.fr\/wp-content\/uploads\/2025\/12\/IMG_9523-560x420.jpeg 560w, https:\/\/lesexplorateurscatalans.fr\/wp-content\/uploads\/2025\/12\/IMG_9523-80x60.jpeg 80w, https:\/\/lesexplorateurscatalans.fr\/wp-content\/uploads\/2025\/12\/IMG_9523-696x522.jpeg 696w, https:\/\/lesexplorateurscatalans.fr\/wp-content\/uploads\/2025\/12\/IMG_9523-1068x801.jpeg 1068w, https:\/\/lesexplorateurscatalans.fr\/wp-content\/uploads\/2025\/12\/IMG_9523-1920x1440.jpeg 1920w, https:\/\/lesexplorateurscatalans.fr\/wp-content\/uploads\/2025\/12\/IMG_9523-265x198.jpeg 265w, https:\/\/lesexplorateurscatalans.fr\/wp-content\/uploads\/2025\/12\/IMG_9523.jpeg 2048w\" sizes=\"auto, (max-width: 1024px) 100vw, 1024px\" \/><\/figure>\n\n\n\n<figure class=\"wp-block-image size-large\"><img loading=\"lazy\" decoding=\"async\" width=\"1024\" height=\"768\" data-id=\"1223\" src=\"https:\/\/lesexplorateurscatalans.fr\/wp-content\/uploads\/2025\/12\/IMG_9524-1024x768.jpeg\" alt=\"\" class=\"wp-image-1223\" srcset=\"https:\/\/lesexplorateurscatalans.fr\/wp-content\/uploads\/2025\/12\/IMG_9524-1024x768.jpeg 1024w, https:\/\/lesexplorateurscatalans.fr\/wp-content\/uploads\/2025\/12\/IMG_9524-300x225.jpeg 300w, https:\/\/lesexplorateurscatalans.fr\/wp-content\/uploads\/2025\/12\/IMG_9524-768x576.jpeg 768w, https:\/\/lesexplorateurscatalans.fr\/wp-content\/uploads\/2025\/12\/IMG_9524-1536x1152.jpeg 1536w, https:\/\/lesexplorateurscatalans.fr\/wp-content\/uploads\/2025\/12\/IMG_9524-560x420.jpeg 560w, https:\/\/lesexplorateurscatalans.fr\/wp-content\/uploads\/2025\/12\/IMG_9524-80x60.jpeg 80w, https:\/\/lesexplorateurscatalans.fr\/wp-content\/uploads\/2025\/12\/IMG_9524-696x522.jpeg 696w, https:\/\/lesexplorateurscatalans.fr\/wp-content\/uploads\/2025\/12\/IMG_9524-1068x801.jpeg 1068w, https:\/\/lesexplorateurscatalans.fr\/wp-content\/uploads\/2025\/12\/IMG_9524-1920x1440.jpeg 1920w, https:\/\/lesexplorateurscatalans.fr\/wp-content\/uploads\/2025\/12\/IMG_9524-265x198.jpeg 265w, https:\/\/lesexplorateurscatalans.fr\/wp-content\/uploads\/2025\/12\/IMG_9524.jpeg 2048w\" sizes=\"auto, (max-width: 1024px) 100vw, 1024px\" \/><\/figure>\n\n\n\n<figure class=\"wp-block-image size-large\"><img loading=\"lazy\" decoding=\"async\" width=\"1024\" height=\"768\" data-id=\"1225\" src=\"https:\/\/lesexplorateurscatalans.fr\/wp-content\/uploads\/2025\/12\/IMG_9526-1024x768.jpeg\" alt=\"\" class=\"wp-image-1225\" srcset=\"https:\/\/lesexplorateurscatalans.fr\/wp-content\/uploads\/2025\/12\/IMG_9526-1024x768.jpeg 1024w, https:\/\/lesexplorateurscatalans.fr\/wp-content\/uploads\/2025\/12\/IMG_9526-300x225.jpeg 300w, https:\/\/lesexplorateurscatalans.fr\/wp-content\/uploads\/2025\/12\/IMG_9526-768x576.jpeg 768w, https:\/\/lesexplorateurscatalans.fr\/wp-content\/uploads\/2025\/12\/IMG_9526-1536x1152.jpeg 1536w, https:\/\/lesexplorateurscatalans.fr\/wp-content\/uploads\/2025\/12\/IMG_9526-560x420.jpeg 560w, https:\/\/lesexplorateurscatalans.fr\/wp-content\/uploads\/2025\/12\/IMG_9526-80x60.jpeg 80w, https:\/\/lesexplorateurscatalans.fr\/wp-content\/uploads\/2025\/12\/IMG_9526-696x522.jpeg 696w, https:\/\/lesexplorateurscatalans.fr\/wp-content\/uploads\/2025\/12\/IMG_9526-1068x801.jpeg 1068w, https:\/\/lesexplorateurscatalans.fr\/wp-content\/uploads\/2025\/12\/IMG_9526-1920x1440.jpeg 1920w, https:\/\/lesexplorateurscatalans.fr\/wp-content\/uploads\/2025\/12\/IMG_9526-265x198.jpeg 265w, https:\/\/lesexplorateurscatalans.fr\/wp-content\/uploads\/2025\/12\/IMG_9526.jpeg 2048w\" sizes=\"auto, (max-width: 1024px) 100vw, 1024px\" \/><\/figure>\n\n\n\n<figure class=\"wp-block-image size-large\"><img loading=\"lazy\" decoding=\"async\" width=\"1024\" height=\"768\" data-id=\"1226\" src=\"https:\/\/lesexplorateurscatalans.fr\/wp-content\/uploads\/2025\/12\/IMG_9527-1024x768.jpeg\" alt=\"\" class=\"wp-image-1226\" srcset=\"https:\/\/lesexplorateurscatalans.fr\/wp-content\/uploads\/2025\/12\/IMG_9527-1024x768.jpeg 1024w, https:\/\/lesexplorateurscatalans.fr\/wp-content\/uploads\/2025\/12\/IMG_9527-300x225.jpeg 300w, https:\/\/lesexplorateurscatalans.fr\/wp-content\/uploads\/2025\/12\/IMG_9527-768x576.jpeg 768w, https:\/\/lesexplorateurscatalans.fr\/wp-content\/uploads\/2025\/12\/IMG_9527-1536x1152.jpeg 1536w, https:\/\/lesexplorateurscatalans.fr\/wp-content\/uploads\/2025\/12\/IMG_9527-560x420.jpeg 560w, https:\/\/lesexplorateurscatalans.fr\/wp-content\/uploads\/2025\/12\/IMG_9527-80x60.jpeg 80w, https:\/\/lesexplorateurscatalans.fr\/wp-content\/uploads\/2025\/12\/IMG_9527-696x522.jpeg 696w, https:\/\/lesexplorateurscatalans.fr\/wp-content\/uploads\/2025\/12\/IMG_9527-1068x801.jpeg 1068w, https:\/\/lesexplorateurscatalans.fr\/wp-content\/uploads\/2025\/12\/IMG_9527-1920x1440.jpeg 1920w, https:\/\/lesexplorateurscatalans.fr\/wp-content\/uploads\/2025\/12\/IMG_9527-265x198.jpeg 265w, https:\/\/lesexplorateurscatalans.fr\/wp-content\/uploads\/2025\/12\/IMG_9527.jpeg 2048w\" sizes=\"auto, (max-width: 1024px) 100vw, 1024px\" \/><\/figure>\n\n\n\n<figure class=\"wp-block-image size-large\"><img loading=\"lazy\" decoding=\"async\" width=\"1024\" height=\"768\" data-id=\"1227\" src=\"https:\/\/lesexplorateurscatalans.fr\/wp-content\/uploads\/2025\/12\/IMG_9529-1024x768.jpeg\" alt=\"\" class=\"wp-image-1227\" srcset=\"https:\/\/lesexplorateurscatalans.fr\/wp-content\/uploads\/2025\/12\/IMG_9529-1024x768.jpeg 1024w, https:\/\/lesexplorateurscatalans.fr\/wp-content\/uploads\/2025\/12\/IMG_9529-300x225.jpeg 300w, https:\/\/lesexplorateurscatalans.fr\/wp-content\/uploads\/2025\/12\/IMG_9529-768x576.jpeg 768w, https:\/\/lesexplorateurscatalans.fr\/wp-content\/uploads\/2025\/12\/IMG_9529-1536x1152.jpeg 1536w, https:\/\/lesexplorateurscatalans.fr\/wp-content\/uploads\/2025\/12\/IMG_9529-560x420.jpeg 560w, https:\/\/lesexplorateurscatalans.fr\/wp-content\/uploads\/2025\/12\/IMG_9529-80x60.jpeg 80w, https:\/\/lesexplorateurscatalans.fr\/wp-content\/uploads\/2025\/12\/IMG_9529-696x522.jpeg 696w, https:\/\/lesexplorateurscatalans.fr\/wp-content\/uploads\/2025\/12\/IMG_9529-1068x801.jpeg 1068w, https:\/\/lesexplorateurscatalans.fr\/wp-content\/uploads\/2025\/12\/IMG_9529-1920x1440.jpeg 1920w, https:\/\/lesexplorateurscatalans.fr\/wp-content\/uploads\/2025\/12\/IMG_9529-265x198.jpeg 265w, https:\/\/lesexplorateurscatalans.fr\/wp-content\/uploads\/2025\/12\/IMG_9529.jpeg 2048w\" sizes=\"auto, (max-width: 1024px) 100vw, 1024px\" \/><\/figure>\n\n\n\n<figure class=\"wp-block-image size-large\"><img loading=\"lazy\" decoding=\"async\" width=\"1024\" height=\"768\" data-id=\"1229\" src=\"https:\/\/lesexplorateurscatalans.fr\/wp-content\/uploads\/2025\/12\/IMG_9531-1024x768.jpeg\" alt=\"\" class=\"wp-image-1229\" srcset=\"https:\/\/lesexplorateurscatalans.fr\/wp-content\/uploads\/2025\/12\/IMG_9531-1024x768.jpeg 1024w, https:\/\/lesexplorateurscatalans.fr\/wp-content\/uploads\/2025\/12\/IMG_9531-300x225.jpeg 300w, https:\/\/lesexplorateurscatalans.fr\/wp-content\/uploads\/2025\/12\/IMG_9531-768x576.jpeg 768w, https:\/\/lesexplorateurscatalans.fr\/wp-content\/uploads\/2025\/12\/IMG_9531-1536x1152.jpeg 1536w, https:\/\/lesexplorateurscatalans.fr\/wp-content\/uploads\/2025\/12\/IMG_9531-560x420.jpeg 560w, https:\/\/lesexplorateurscatalans.fr\/wp-content\/uploads\/2025\/12\/IMG_9531-80x60.jpeg 80w, https:\/\/lesexplorateurscatalans.fr\/wp-content\/uploads\/2025\/12\/IMG_9531-696x522.jpeg 696w, https:\/\/lesexplorateurscatalans.fr\/wp-content\/uploads\/2025\/12\/IMG_9531-1068x801.jpeg 1068w, https:\/\/lesexplorateurscatalans.fr\/wp-content\/uploads\/2025\/12\/IMG_9531-1920x1440.jpeg 1920w, https:\/\/lesexplorateurscatalans.fr\/wp-content\/uploads\/2025\/12\/IMG_9531-265x198.jpeg 265w, https:\/\/lesexplorateurscatalans.fr\/wp-content\/uploads\/2025\/12\/IMG_9531.jpeg 2048w\" sizes=\"auto, (max-width: 1024px) 100vw, 1024px\" \/><\/figure>\n\n\n\n<figure class=\"wp-block-image size-large\"><img loading=\"lazy\" decoding=\"async\" width=\"1024\" height=\"768\" data-id=\"1230\" src=\"https:\/\/lesexplorateurscatalans.fr\/wp-content\/uploads\/2025\/12\/IMG_9534-1024x768.jpeg\" alt=\"\" class=\"wp-image-1230\" srcset=\"https:\/\/lesexplorateurscatalans.fr\/wp-content\/uploads\/2025\/12\/IMG_9534-1024x768.jpeg 1024w, https:\/\/lesexplorateurscatalans.fr\/wp-content\/uploads\/2025\/12\/IMG_9534-300x225.jpeg 300w, https:\/\/lesexplorateurscatalans.fr\/wp-content\/uploads\/2025\/12\/IMG_9534-768x576.jpeg 768w, https:\/\/lesexplorateurscatalans.fr\/wp-content\/uploads\/2025\/12\/IMG_9534-1536x1152.jpeg 1536w, https:\/\/lesexplorateurscatalans.fr\/wp-content\/uploads\/2025\/12\/IMG_9534-560x420.jpeg 560w, https:\/\/lesexplorateurscatalans.fr\/wp-content\/uploads\/2025\/12\/IMG_9534-80x60.jpeg 80w, https:\/\/lesexplorateurscatalans.fr\/wp-content\/uploads\/2025\/12\/IMG_9534-696x522.jpeg 696w, https:\/\/lesexplorateurscatalans.fr\/wp-content\/uploads\/2025\/12\/IMG_9534-1068x801.jpeg 1068w, https:\/\/lesexplorateurscatalans.fr\/wp-content\/uploads\/2025\/12\/IMG_9534-1920x1440.jpeg 1920w, https:\/\/lesexplorateurscatalans.fr\/wp-content\/uploads\/2025\/12\/IMG_9534-265x198.jpeg 265w, https:\/\/lesexplorateurscatalans.fr\/wp-content\/uploads\/2025\/12\/IMG_9534.jpeg 2048w\" sizes=\"auto, (max-width: 1024px) 100vw, 1024px\" \/><\/figure>\n\n\n\n<figure class=\"wp-block-image size-large\"><img loading=\"lazy\" decoding=\"async\" width=\"1024\" height=\"768\" data-id=\"1231\" src=\"https:\/\/lesexplorateurscatalans.fr\/wp-content\/uploads\/2025\/12\/IMG_9535-1024x768.jpeg\" alt=\"\" class=\"wp-image-1231\" srcset=\"https:\/\/lesexplorateurscatalans.fr\/wp-content\/uploads\/2025\/12\/IMG_9535-1024x768.jpeg 1024w, https:\/\/lesexplorateurscatalans.fr\/wp-content\/uploads\/2025\/12\/IMG_9535-300x225.jpeg 300w, https:\/\/lesexplorateurscatalans.fr\/wp-content\/uploads\/2025\/12\/IMG_9535-768x576.jpeg 768w, https:\/\/lesexplorateurscatalans.fr\/wp-content\/uploads\/2025\/12\/IMG_9535-1536x1152.jpeg 1536w, https:\/\/lesexplorateurscatalans.fr\/wp-content\/uploads\/2025\/12\/IMG_9535-560x420.jpeg 560w, https:\/\/lesexplorateurscatalans.fr\/wp-content\/uploads\/2025\/12\/IMG_9535-80x60.jpeg 80w, https:\/\/lesexplorateurscatalans.fr\/wp-content\/uploads\/2025\/12\/IMG_9535-696x522.jpeg 696w, https:\/\/lesexplorateurscatalans.fr\/wp-content\/uploads\/2025\/12\/IMG_9535-1068x801.jpeg 1068w, https:\/\/lesexplorateurscatalans.fr\/wp-content\/uploads\/2025\/12\/IMG_9535-1920x1440.jpeg 1920w, https:\/\/lesexplorateurscatalans.fr\/wp-content\/uploads\/2025\/12\/IMG_9535-265x198.jpeg 265w, https:\/\/lesexplorateurscatalans.fr\/wp-content\/uploads\/2025\/12\/IMG_9535.jpeg 2048w\" sizes=\"auto, (max-width: 1024px) 100vw, 1024px\" \/><\/figure>\n\n\n\n<figure class=\"wp-block-image size-large\"><img loading=\"lazy\" decoding=\"async\" width=\"1024\" height=\"768\" data-id=\"1232\" src=\"https:\/\/lesexplorateurscatalans.fr\/wp-content\/uploads\/2025\/12\/IMG_9536-1024x768.jpeg\" alt=\"\" class=\"wp-image-1232\" srcset=\"https:\/\/lesexplorateurscatalans.fr\/wp-content\/uploads\/2025\/12\/IMG_9536-1024x768.jpeg 1024w, https:\/\/lesexplorateurscatalans.fr\/wp-content\/uploads\/2025\/12\/IMG_9536-300x225.jpeg 300w, https:\/\/lesexplorateurscatalans.fr\/wp-content\/uploads\/2025\/12\/IMG_9536-768x576.jpeg 768w, https:\/\/lesexplorateurscatalans.fr\/wp-content\/uploads\/2025\/12\/IMG_9536-1536x1152.jpeg 1536w, https:\/\/lesexplorateurscatalans.fr\/wp-content\/uploads\/2025\/12\/IMG_9536-560x420.jpeg 560w, https:\/\/lesexplorateurscatalans.fr\/wp-content\/uploads\/2025\/12\/IMG_9536-80x60.jpeg 80w, https:\/\/lesexplorateurscatalans.fr\/wp-content\/uploads\/2025\/12\/IMG_9536-696x522.jpeg 696w, https:\/\/lesexplorateurscatalans.fr\/wp-content\/uploads\/2025\/12\/IMG_9536-1068x801.jpeg 1068w, https:\/\/lesexplorateurscatalans.fr\/wp-content\/uploads\/2025\/12\/IMG_9536-1920x1440.jpeg 1920w, https:\/\/lesexplorateurscatalans.fr\/wp-content\/uploads\/2025\/12\/IMG_9536-265x198.jpeg 265w, https:\/\/lesexplorateurscatalans.fr\/wp-content\/uploads\/2025\/12\/IMG_9536.jpeg 2048w\" sizes=\"auto, (max-width: 1024px) 100vw, 1024px\" \/><\/figure>\n\n\n\n<figure class=\"wp-block-image size-large\"><img loading=\"lazy\" decoding=\"async\" width=\"1024\" height=\"768\" data-id=\"1233\" src=\"https:\/\/lesexplorateurscatalans.fr\/wp-content\/uploads\/2025\/12\/IMG_9537-1024x768.jpeg\" alt=\"\" class=\"wp-image-1233\" srcset=\"https:\/\/lesexplorateurscatalans.fr\/wp-content\/uploads\/2025\/12\/IMG_9537-1024x768.jpeg 1024w, https:\/\/lesexplorateurscatalans.fr\/wp-content\/uploads\/2025\/12\/IMG_9537-300x225.jpeg 300w, https:\/\/lesexplorateurscatalans.fr\/wp-content\/uploads\/2025\/12\/IMG_9537-768x576.jpeg 768w, https:\/\/lesexplorateurscatalans.fr\/wp-content\/uploads\/2025\/12\/IMG_9537-1536x1152.jpeg 1536w, https:\/\/lesexplorateurscatalans.fr\/wp-content\/uploads\/2025\/12\/IMG_9537-560x420.jpeg 560w, https:\/\/lesexplorateurscatalans.fr\/wp-content\/uploads\/2025\/12\/IMG_9537-80x60.jpeg 80w, https:\/\/lesexplorateurscatalans.fr\/wp-content\/uploads\/2025\/12\/IMG_9537-696x522.jpeg 696w, https:\/\/lesexplorateurscatalans.fr\/wp-content\/uploads\/2025\/12\/IMG_9537-1068x801.jpeg 1068w, https:\/\/lesexplorateurscatalans.fr\/wp-content\/uploads\/2025\/12\/IMG_9537-1920x1440.jpeg 1920w, https:\/\/lesexplorateurscatalans.fr\/wp-content\/uploads\/2025\/12\/IMG_9537-265x198.jpeg 265w, https:\/\/lesexplorateurscatalans.fr\/wp-content\/uploads\/2025\/12\/IMG_9537.jpeg 2048w\" sizes=\"auto, (max-width: 1024px) 100vw, 1024px\" \/><\/figure>\n\n\n\n<figure class=\"wp-block-image size-large\"><img loading=\"lazy\" decoding=\"async\" width=\"1024\" height=\"768\" data-id=\"1234\" src=\"https:\/\/lesexplorateurscatalans.fr\/wp-content\/uploads\/2025\/12\/IMG_9539-1024x768.jpeg\" alt=\"\" class=\"wp-image-1234\" srcset=\"https:\/\/lesexplorateurscatalans.fr\/wp-content\/uploads\/2025\/12\/IMG_9539-1024x768.jpeg 1024w, https:\/\/lesexplorateurscatalans.fr\/wp-content\/uploads\/2025\/12\/IMG_9539-300x225.jpeg 300w, https:\/\/lesexplorateurscatalans.fr\/wp-content\/uploads\/2025\/12\/IMG_9539-768x576.jpeg 768w, https:\/\/lesexplorateurscatalans.fr\/wp-content\/uploads\/2025\/12\/IMG_9539-1536x1152.jpeg 1536w, https:\/\/lesexplorateurscatalans.fr\/wp-content\/uploads\/2025\/12\/IMG_9539-560x420.jpeg 560w, https:\/\/lesexplorateurscatalans.fr\/wp-content\/uploads\/2025\/12\/IMG_9539-80x60.jpeg 80w, https:\/\/lesexplorateurscatalans.fr\/wp-content\/uploads\/2025\/12\/IMG_9539-696x522.jpeg 696w, https:\/\/lesexplorateurscatalans.fr\/wp-content\/uploads\/2025\/12\/IMG_9539-1068x801.jpeg 1068w, https:\/\/lesexplorateurscatalans.fr\/wp-content\/uploads\/2025\/12\/IMG_9539-1920x1440.jpeg 1920w, https:\/\/lesexplorateurscatalans.fr\/wp-content\/uploads\/2025\/12\/IMG_9539-265x198.jpeg 265w, https:\/\/lesexplorateurscatalans.fr\/wp-content\/uploads\/2025\/12\/IMG_9539.jpeg 2048w\" sizes=\"auto, (max-width: 1024px) 100vw, 1024px\" \/><\/figure>\n\n\n\n<figure class=\"wp-block-image size-large\"><img loading=\"lazy\" decoding=\"async\" width=\"1024\" height=\"768\" data-id=\"1236\" src=\"https:\/\/lesexplorateurscatalans.fr\/wp-content\/uploads\/2025\/12\/IMG_9541-1024x768.jpeg\" alt=\"\" class=\"wp-image-1236\" srcset=\"https:\/\/lesexplorateurscatalans.fr\/wp-content\/uploads\/2025\/12\/IMG_9541-1024x768.jpeg 1024w, https:\/\/lesexplorateurscatalans.fr\/wp-content\/uploads\/2025\/12\/IMG_9541-300x225.jpeg 300w, https:\/\/lesexplorateurscatalans.fr\/wp-content\/uploads\/2025\/12\/IMG_9541-768x576.jpeg 768w, https:\/\/lesexplorateurscatalans.fr\/wp-content\/uploads\/2025\/12\/IMG_9541-1536x1152.jpeg 1536w, https:\/\/lesexplorateurscatalans.fr\/wp-content\/uploads\/2025\/12\/IMG_9541-560x420.jpeg 560w, https:\/\/lesexplorateurscatalans.fr\/wp-content\/uploads\/2025\/12\/IMG_9541-80x60.jpeg 80w, https:\/\/lesexplorateurscatalans.fr\/wp-content\/uploads\/2025\/12\/IMG_9541-696x522.jpeg 696w, https:\/\/lesexplorateurscatalans.fr\/wp-content\/uploads\/2025\/12\/IMG_9541-1068x801.jpeg 1068w, https:\/\/lesexplorateurscatalans.fr\/wp-content\/uploads\/2025\/12\/IMG_9541-1920x1440.jpeg 1920w, https:\/\/lesexplorateurscatalans.fr\/wp-content\/uploads\/2025\/12\/IMG_9541-265x198.jpeg 265w, https:\/\/lesexplorateurscatalans.fr\/wp-content\/uploads\/2025\/12\/IMG_9541.jpeg 2048w\" sizes=\"auto, (max-width: 1024px) 100vw, 1024px\" \/><\/figure>\n\n\n\n<figure class=\"wp-block-image size-large\"><img loading=\"lazy\" decoding=\"async\" width=\"1024\" height=\"768\" data-id=\"1238\" src=\"https:\/\/lesexplorateurscatalans.fr\/wp-content\/uploads\/2025\/12\/IMG_9544-1024x768.jpeg\" alt=\"\" class=\"wp-image-1238\" srcset=\"https:\/\/lesexplorateurscatalans.fr\/wp-content\/uploads\/2025\/12\/IMG_9544-1024x768.jpeg 1024w, https:\/\/lesexplorateurscatalans.fr\/wp-content\/uploads\/2025\/12\/IMG_9544-300x225.jpeg 300w, https:\/\/lesexplorateurscatalans.fr\/wp-content\/uploads\/2025\/12\/IMG_9544-768x576.jpeg 768w, https:\/\/lesexplorateurscatalans.fr\/wp-content\/uploads\/2025\/12\/IMG_9544-1536x1152.jpeg 1536w, https:\/\/lesexplorateurscatalans.fr\/wp-content\/uploads\/2025\/12\/IMG_9544-560x420.jpeg 560w, https:\/\/lesexplorateurscatalans.fr\/wp-content\/uploads\/2025\/12\/IMG_9544-80x60.jpeg 80w, https:\/\/lesexplorateurscatalans.fr\/wp-content\/uploads\/2025\/12\/IMG_9544-696x522.jpeg 696w, https:\/\/lesexplorateurscatalans.fr\/wp-content\/uploads\/2025\/12\/IMG_9544-1068x801.jpeg 1068w, https:\/\/lesexplorateurscatalans.fr\/wp-content\/uploads\/2025\/12\/IMG_9544-1920x1440.jpeg 1920w, https:\/\/lesexplorateurscatalans.fr\/wp-content\/uploads\/2025\/12\/IMG_9544-265x198.jpeg 265w, https:\/\/lesexplorateurscatalans.fr\/wp-content\/uploads\/2025\/12\/IMG_9544.jpeg 2048w\" sizes=\"auto, (max-width: 1024px) 100vw, 1024px\" \/><\/figure>\n\n\n\n<figure class=\"wp-block-image size-large\"><img loading=\"lazy\" decoding=\"async\" width=\"1024\" height=\"768\" data-id=\"1239\" src=\"https:\/\/lesexplorateurscatalans.fr\/wp-content\/uploads\/2025\/12\/IMG_9545-1024x768.jpeg\" alt=\"\" class=\"wp-image-1239\" srcset=\"https:\/\/lesexplorateurscatalans.fr\/wp-content\/uploads\/2025\/12\/IMG_9545-1024x768.jpeg 1024w, https:\/\/lesexplorateurscatalans.fr\/wp-content\/uploads\/2025\/12\/IMG_9545-300x225.jpeg 300w, https:\/\/lesexplorateurscatalans.fr\/wp-content\/uploads\/2025\/12\/IMG_9545-768x576.jpeg 768w, https:\/\/lesexplorateurscatalans.fr\/wp-content\/uploads\/2025\/12\/IMG_9545-1536x1152.jpeg 1536w, https:\/\/lesexplorateurscatalans.fr\/wp-content\/uploads\/2025\/12\/IMG_9545-560x420.jpeg 560w, https:\/\/lesexplorateurscatalans.fr\/wp-content\/uploads\/2025\/12\/IMG_9545-80x60.jpeg 80w, https:\/\/lesexplorateurscatalans.fr\/wp-content\/uploads\/2025\/12\/IMG_9545-696x522.jpeg 696w, https:\/\/lesexplorateurscatalans.fr\/wp-content\/uploads\/2025\/12\/IMG_9545-1068x801.jpeg 1068w, https:\/\/lesexplorateurscatalans.fr\/wp-content\/uploads\/2025\/12\/IMG_9545-1920x1440.jpeg 1920w, https:\/\/lesexplorateurscatalans.fr\/wp-content\/uploads\/2025\/12\/IMG_9545-265x198.jpeg 265w, https:\/\/lesexplorateurscatalans.fr\/wp-content\/uploads\/2025\/12\/IMG_9545.jpeg 2048w\" sizes=\"auto, (max-width: 1024px) 100vw, 1024px\" \/><\/figure>\n\n\n\n<figure class=\"wp-block-image size-large\"><img loading=\"lazy\" decoding=\"async\" width=\"1024\" height=\"768\" data-id=\"1240\" src=\"https:\/\/lesexplorateurscatalans.fr\/wp-content\/uploads\/2025\/12\/IMG_9546-1024x768.jpeg\" alt=\"\" class=\"wp-image-1240\" srcset=\"https:\/\/lesexplorateurscatalans.fr\/wp-content\/uploads\/2025\/12\/IMG_9546-1024x768.jpeg 1024w, https:\/\/lesexplorateurscatalans.fr\/wp-content\/uploads\/2025\/12\/IMG_9546-300x225.jpeg 300w, https:\/\/lesexplorateurscatalans.fr\/wp-content\/uploads\/2025\/12\/IMG_9546-768x576.jpeg 768w, https:\/\/lesexplorateurscatalans.fr\/wp-content\/uploads\/2025\/12\/IMG_9546-1536x1152.jpeg 1536w, https:\/\/lesexplorateurscatalans.fr\/wp-content\/uploads\/2025\/12\/IMG_9546-560x420.jpeg 560w, https:\/\/lesexplorateurscatalans.fr\/wp-content\/uploads\/2025\/12\/IMG_9546-80x60.jpeg 80w, https:\/\/lesexplorateurscatalans.fr\/wp-content\/uploads\/2025\/12\/IMG_9546-696x522.jpeg 696w, https:\/\/lesexplorateurscatalans.fr\/wp-content\/uploads\/2025\/12\/IMG_9546-1068x801.jpeg 1068w, https:\/\/lesexplorateurscatalans.fr\/wp-content\/uploads\/2025\/12\/IMG_9546-1920x1440.jpeg 1920w, https:\/\/lesexplorateurscatalans.fr\/wp-content\/uploads\/2025\/12\/IMG_9546-265x198.jpeg 265w, https:\/\/lesexplorateurscatalans.fr\/wp-content\/uploads\/2025\/12\/IMG_9546.jpeg 2048w\" sizes=\"auto, (max-width: 1024px) 100vw, 1024px\" \/><\/figure>\n\n\n\n<figure class=\"wp-block-image size-large\"><img loading=\"lazy\" decoding=\"async\" width=\"1024\" height=\"768\" data-id=\"1242\" src=\"https:\/\/lesexplorateurscatalans.fr\/wp-content\/uploads\/2025\/12\/IMG_9497-1024x768.jpeg\" alt=\"\" class=\"wp-image-1242\" srcset=\"https:\/\/lesexplorateurscatalans.fr\/wp-content\/uploads\/2025\/12\/IMG_9497-1024x768.jpeg 1024w, https:\/\/lesexplorateurscatalans.fr\/wp-content\/uploads\/2025\/12\/IMG_9497-300x225.jpeg 300w, https:\/\/lesexplorateurscatalans.fr\/wp-content\/uploads\/2025\/12\/IMG_9497-768x576.jpeg 768w, https:\/\/lesexplorateurscatalans.fr\/wp-content\/uploads\/2025\/12\/IMG_9497-1536x1152.jpeg 1536w, https:\/\/lesexplorateurscatalans.fr\/wp-content\/uploads\/2025\/12\/IMG_9497-560x420.jpeg 560w, https:\/\/lesexplorateurscatalans.fr\/wp-content\/uploads\/2025\/12\/IMG_9497-80x60.jpeg 80w, https:\/\/lesexplorateurscatalans.fr\/wp-content\/uploads\/2025\/12\/IMG_9497-696x522.jpeg 696w, https:\/\/lesexplorateurscatalans.fr\/wp-content\/uploads\/2025\/12\/IMG_9497-1068x801.jpeg 1068w, https:\/\/lesexplorateurscatalans.fr\/wp-content\/uploads\/2025\/12\/IMG_9497-1920x1440.jpeg 1920w, https:\/\/lesexplorateurscatalans.fr\/wp-content\/uploads\/2025\/12\/IMG_9497-265x198.jpeg 265w, https:\/\/lesexplorateurscatalans.fr\/wp-content\/uploads\/2025\/12\/IMG_9497.jpeg 2048w\" sizes=\"auto, (max-width: 1024px) 100vw, 1024px\" \/><\/figure>\n\n\n\n<figure class=\"wp-block-image size-large\"><img loading=\"lazy\" decoding=\"async\" width=\"1024\" height=\"768\" data-id=\"1243\" src=\"https:\/\/lesexplorateurscatalans.fr\/wp-content\/uploads\/2025\/12\/IMG_9501-1024x768.jpeg\" alt=\"\" class=\"wp-image-1243\" srcset=\"https:\/\/lesexplorateurscatalans.fr\/wp-content\/uploads\/2025\/12\/IMG_9501-1024x768.jpeg 1024w, https:\/\/lesexplorateurscatalans.fr\/wp-content\/uploads\/2025\/12\/IMG_9501-300x225.jpeg 300w, https:\/\/lesexplorateurscatalans.fr\/wp-content\/uploads\/2025\/12\/IMG_9501-768x576.jpeg 768w, https:\/\/lesexplorateurscatalans.fr\/wp-content\/uploads\/2025\/12\/IMG_9501-1536x1152.jpeg 1536w, https:\/\/lesexplorateurscatalans.fr\/wp-content\/uploads\/2025\/12\/IMG_9501-560x420.jpeg 560w, https:\/\/lesexplorateurscatalans.fr\/wp-content\/uploads\/2025\/12\/IMG_9501-80x60.jpeg 80w, https:\/\/lesexplorateurscatalans.fr\/wp-content\/uploads\/2025\/12\/IMG_9501-696x522.jpeg 696w, https:\/\/lesexplorateurscatalans.fr\/wp-content\/uploads\/2025\/12\/IMG_9501-1068x801.jpeg 1068w, https:\/\/lesexplorateurscatalans.fr\/wp-content\/uploads\/2025\/12\/IMG_9501-1920x1440.jpeg 1920w, https:\/\/lesexplorateurscatalans.fr\/wp-content\/uploads\/2025\/12\/IMG_9501-265x198.jpeg 265w, https:\/\/lesexplorateurscatalans.fr\/wp-content\/uploads\/2025\/12\/IMG_9501.jpeg 2048w\" sizes=\"auto, (max-width: 1024px) 100vw, 1024px\" \/><\/figure>\n\n\n\n<figure class=\"wp-block-image size-large\"><img loading=\"lazy\" decoding=\"async\" width=\"1024\" height=\"768\" data-id=\"1244\" src=\"https:\/\/lesexplorateurscatalans.fr\/wp-content\/uploads\/2025\/12\/IMG_9502-1024x768.jpeg\" alt=\"\" class=\"wp-image-1244\" srcset=\"https:\/\/lesexplorateurscatalans.fr\/wp-content\/uploads\/2025\/12\/IMG_9502-1024x768.jpeg 1024w, https:\/\/lesexplorateurscatalans.fr\/wp-content\/uploads\/2025\/12\/IMG_9502-300x225.jpeg 300w, https:\/\/lesexplorateurscatalans.fr\/wp-content\/uploads\/2025\/12\/IMG_9502-768x576.jpeg 768w, https:\/\/lesexplorateurscatalans.fr\/wp-content\/uploads\/2025\/12\/IMG_9502-1536x1152.jpeg 1536w, https:\/\/lesexplorateurscatalans.fr\/wp-content\/uploads\/2025\/12\/IMG_9502-560x420.jpeg 560w, https:\/\/lesexplorateurscatalans.fr\/wp-content\/uploads\/2025\/12\/IMG_9502-80x60.jpeg 80w, https:\/\/lesexplorateurscatalans.fr\/wp-content\/uploads\/2025\/12\/IMG_9502-696x522.jpeg 696w, https:\/\/lesexplorateurscatalans.fr\/wp-content\/uploads\/2025\/12\/IMG_9502-1068x801.jpeg 1068w, https:\/\/lesexplorateurscatalans.fr\/wp-content\/uploads\/2025\/12\/IMG_9502-1920x1440.jpeg 1920w, https:\/\/lesexplorateurscatalans.fr\/wp-content\/uploads\/2025\/12\/IMG_9502-265x198.jpeg 265w, https:\/\/lesexplorateurscatalans.fr\/wp-content\/uploads\/2025\/12\/IMG_9502.jpeg 2048w\" sizes=\"auto, (max-width: 1024px) 100vw, 1024px\" \/><\/figure>\n\n\n\n<figure class=\"wp-block-image size-large\"><img loading=\"lazy\" decoding=\"async\" width=\"1024\" height=\"768\" data-id=\"1246\" src=\"https:\/\/lesexplorateurscatalans.fr\/wp-content\/uploads\/2025\/12\/IMG_9505-1024x768.jpeg\" alt=\"\" class=\"wp-image-1246\" srcset=\"https:\/\/lesexplorateurscatalans.fr\/wp-content\/uploads\/2025\/12\/IMG_9505-1024x768.jpeg 1024w, https:\/\/lesexplorateurscatalans.fr\/wp-content\/uploads\/2025\/12\/IMG_9505-300x225.jpeg 300w, https:\/\/lesexplorateurscatalans.fr\/wp-content\/uploads\/2025\/12\/IMG_9505-768x576.jpeg 768w, https:\/\/lesexplorateurscatalans.fr\/wp-content\/uploads\/2025\/12\/IMG_9505-1536x1152.jpeg 1536w, https:\/\/lesexplorateurscatalans.fr\/wp-content\/uploads\/2025\/12\/IMG_9505-560x420.jpeg 560w, https:\/\/lesexplorateurscatalans.fr\/wp-content\/uploads\/2025\/12\/IMG_9505-80x60.jpeg 80w, https:\/\/lesexplorateurscatalans.fr\/wp-content\/uploads\/2025\/12\/IMG_9505-696x522.jpeg 696w, https:\/\/lesexplorateurscatalans.fr\/wp-content\/uploads\/2025\/12\/IMG_9505-1068x801.jpeg 1068w, https:\/\/lesexplorateurscatalans.fr\/wp-content\/uploads\/2025\/12\/IMG_9505-1920x1440.jpeg 1920w, https:\/\/lesexplorateurscatalans.fr\/wp-content\/uploads\/2025\/12\/IMG_9505-265x198.jpeg 265w, https:\/\/lesexplorateurscatalans.fr\/wp-content\/uploads\/2025\/12\/IMG_9505.jpeg 2048w\" sizes=\"auto, (max-width: 1024px) 100vw, 1024px\" \/><\/figure>\n\n\n\n<figure class=\"wp-block-image size-large\"><img loading=\"lazy\" decoding=\"async\" width=\"1024\" height=\"768\" data-id=\"1247\" src=\"https:\/\/lesexplorateurscatalans.fr\/wp-content\/uploads\/2025\/12\/IMG_9513-1024x768.jpeg\" alt=\"\" class=\"wp-image-1247\" srcset=\"https:\/\/lesexplorateurscatalans.fr\/wp-content\/uploads\/2025\/12\/IMG_9513-1024x768.jpeg 1024w, https:\/\/lesexplorateurscatalans.fr\/wp-content\/uploads\/2025\/12\/IMG_9513-300x225.jpeg 300w, https:\/\/lesexplorateurscatalans.fr\/wp-content\/uploads\/2025\/12\/IMG_9513-768x576.jpeg 768w, https:\/\/lesexplorateurscatalans.fr\/wp-content\/uploads\/2025\/12\/IMG_9513-1536x1152.jpeg 1536w, https:\/\/lesexplorateurscatalans.fr\/wp-content\/uploads\/2025\/12\/IMG_9513-560x420.jpeg 560w, https:\/\/lesexplorateurscatalans.fr\/wp-content\/uploads\/2025\/12\/IMG_9513-80x60.jpeg 80w, https:\/\/lesexplorateurscatalans.fr\/wp-content\/uploads\/2025\/12\/IMG_9513-696x522.jpeg 696w, https:\/\/lesexplorateurscatalans.fr\/wp-content\/uploads\/2025\/12\/IMG_9513-1068x801.jpeg 1068w, https:\/\/lesexplorateurscatalans.fr\/wp-content\/uploads\/2025\/12\/IMG_9513-1920x1440.jpeg 1920w, https:\/\/lesexplorateurscatalans.fr\/wp-content\/uploads\/2025\/12\/IMG_9513-265x198.jpeg 265w, https:\/\/lesexplorateurscatalans.fr\/wp-content\/uploads\/2025\/12\/IMG_9513.jpeg 2048w\" sizes=\"auto, (max-width: 1024px) 100vw, 1024px\" \/><\/figure>\n\n\n\n<figure class=\"wp-block-image size-large\"><img loading=\"lazy\" decoding=\"async\" width=\"1024\" height=\"768\" data-id=\"1248\" src=\"https:\/\/lesexplorateurscatalans.fr\/wp-content\/uploads\/2025\/12\/IMG_9516-1024x768.jpeg\" alt=\"\" class=\"wp-image-1248\" srcset=\"https:\/\/lesexplorateurscatalans.fr\/wp-content\/uploads\/2025\/12\/IMG_9516-1024x768.jpeg 1024w, https:\/\/lesexplorateurscatalans.fr\/wp-content\/uploads\/2025\/12\/IMG_9516-300x225.jpeg 300w, https:\/\/lesexplorateurscatalans.fr\/wp-content\/uploads\/2025\/12\/IMG_9516-768x576.jpeg 768w, https:\/\/lesexplorateurscatalans.fr\/wp-content\/uploads\/2025\/12\/IMG_9516-1536x1152.jpeg 1536w, https:\/\/lesexplorateurscatalans.fr\/wp-content\/uploads\/2025\/12\/IMG_9516-560x420.jpeg 560w, https:\/\/lesexplorateurscatalans.fr\/wp-content\/uploads\/2025\/12\/IMG_9516-80x60.jpeg 80w, https:\/\/lesexplorateurscatalans.fr\/wp-content\/uploads\/2025\/12\/IMG_9516-696x522.jpeg 696w, https:\/\/lesexplorateurscatalans.fr\/wp-content\/uploads\/2025\/12\/IMG_9516-1068x801.jpeg 1068w, https:\/\/lesexplorateurscatalans.fr\/wp-content\/uploads\/2025\/12\/IMG_9516-1920x1440.jpeg 1920w, https:\/\/lesexplorateurscatalans.fr\/wp-content\/uploads\/2025\/12\/IMG_9516-265x198.jpeg 265w, https:\/\/lesexplorateurscatalans.fr\/wp-content\/uploads\/2025\/12\/IMG_9516.jpeg 2048w\" sizes=\"auto, (max-width: 1024px) 100vw, 1024px\" \/><\/figure>\n\n\n\n<figure class=\"wp-block-image size-large\"><img loading=\"lazy\" decoding=\"async\" width=\"1024\" height=\"768\" data-id=\"1249\" src=\"https:\/\/lesexplorateurscatalans.fr\/wp-content\/uploads\/2025\/12\/IMG_9519-1024x768.jpeg\" alt=\"\" class=\"wp-image-1249\" srcset=\"https:\/\/lesexplorateurscatalans.fr\/wp-content\/uploads\/2025\/12\/IMG_9519-1024x768.jpeg 1024w, https:\/\/lesexplorateurscatalans.fr\/wp-content\/uploads\/2025\/12\/IMG_9519-300x225.jpeg 300w, https:\/\/lesexplorateurscatalans.fr\/wp-content\/uploads\/2025\/12\/IMG_9519-768x576.jpeg 768w, https:\/\/lesexplorateurscatalans.fr\/wp-content\/uploads\/2025\/12\/IMG_9519-1536x1152.jpeg 1536w, https:\/\/lesexplorateurscatalans.fr\/wp-content\/uploads\/2025\/12\/IMG_9519-560x420.jpeg 560w, https:\/\/lesexplorateurscatalans.fr\/wp-content\/uploads\/2025\/12\/IMG_9519-80x60.jpeg 80w, https:\/\/lesexplorateurscatalans.fr\/wp-content\/uploads\/2025\/12\/IMG_9519-696x522.jpeg 696w, https:\/\/lesexplorateurscatalans.fr\/wp-content\/uploads\/2025\/12\/IMG_9519-1068x801.jpeg 1068w, https:\/\/lesexplorateurscatalans.fr\/wp-content\/uploads\/2025\/12\/IMG_9519-1920x1440.jpeg 1920w, https:\/\/lesexplorateurscatalans.fr\/wp-content\/uploads\/2025\/12\/IMG_9519-265x198.jpeg 265w, https:\/\/lesexplorateurscatalans.fr\/wp-content\/uploads\/2025\/12\/IMG_9519.jpeg 2048w\" sizes=\"auto, (max-width: 1024px) 100vw, 1024px\" \/><\/figure>\n\n\n\n<figure class=\"wp-block-image size-large\"><img loading=\"lazy\" decoding=\"async\" width=\"1024\" height=\"768\" data-id=\"1250\" src=\"https:\/\/lesexplorateurscatalans.fr\/wp-content\/uploads\/2025\/12\/IMG_9521-1024x768.jpeg\" alt=\"\" class=\"wp-image-1250\" srcset=\"https:\/\/lesexplorateurscatalans.fr\/wp-content\/uploads\/2025\/12\/IMG_9521-1024x768.jpeg 1024w, https:\/\/lesexplorateurscatalans.fr\/wp-content\/uploads\/2025\/12\/IMG_9521-300x225.jpeg 300w, https:\/\/lesexplorateurscatalans.fr\/wp-content\/uploads\/2025\/12\/IMG_9521-768x576.jpeg 768w, https:\/\/lesexplorateurscatalans.fr\/wp-content\/uploads\/2025\/12\/IMG_9521-1536x1152.jpeg 1536w, https:\/\/lesexplorateurscatalans.fr\/wp-content\/uploads\/2025\/12\/IMG_9521-560x420.jpeg 560w, https:\/\/lesexplorateurscatalans.fr\/wp-content\/uploads\/2025\/12\/IMG_9521-80x60.jpeg 80w, https:\/\/lesexplorateurscatalans.fr\/wp-content\/uploads\/2025\/12\/IMG_9521-696x522.jpeg 696w, https:\/\/lesexplorateurscatalans.fr\/wp-content\/uploads\/2025\/12\/IMG_9521-1068x801.jpeg 1068w, https:\/\/lesexplorateurscatalans.fr\/wp-content\/uploads\/2025\/12\/IMG_9521-1920x1440.jpeg 1920w, https:\/\/lesexplorateurscatalans.fr\/wp-content\/uploads\/2025\/12\/IMG_9521-265x198.jpeg 265w, https:\/\/lesexplorateurscatalans.fr\/wp-content\/uploads\/2025\/12\/IMG_9521.jpeg 2048w\" sizes=\"auto, (max-width: 1024px) 100vw, 1024px\" \/><\/figure>\n\n\n\n<figure class=\"wp-block-image size-large\"><img loading=\"lazy\" decoding=\"async\" width=\"1024\" height=\"768\" data-id=\"1251\" src=\"https:\/\/lesexplorateurscatalans.fr\/wp-content\/uploads\/2025\/12\/IMG_9522-1024x768.jpeg\" alt=\"\" class=\"wp-image-1251\" srcset=\"https:\/\/lesexplorateurscatalans.fr\/wp-content\/uploads\/2025\/12\/IMG_9522-1024x768.jpeg 1024w, https:\/\/lesexplorateurscatalans.fr\/wp-content\/uploads\/2025\/12\/IMG_9522-300x225.jpeg 300w, https:\/\/lesexplorateurscatalans.fr\/wp-content\/uploads\/2025\/12\/IMG_9522-768x576.jpeg 768w, https:\/\/lesexplorateurscatalans.fr\/wp-content\/uploads\/2025\/12\/IMG_9522-1536x1152.jpeg 1536w, https:\/\/lesexplorateurscatalans.fr\/wp-content\/uploads\/2025\/12\/IMG_9522-560x420.jpeg 560w, https:\/\/lesexplorateurscatalans.fr\/wp-content\/uploads\/2025\/12\/IMG_9522-80x60.jpeg 80w, https:\/\/lesexplorateurscatalans.fr\/wp-content\/uploads\/2025\/12\/IMG_9522-696x522.jpeg 696w, https:\/\/lesexplorateurscatalans.fr\/wp-content\/uploads\/2025\/12\/IMG_9522-1068x801.jpeg 1068w, https:\/\/lesexplorateurscatalans.fr\/wp-content\/uploads\/2025\/12\/IMG_9522-1920x1440.jpeg 1920w, https:\/\/lesexplorateurscatalans.fr\/wp-content\/uploads\/2025\/12\/IMG_9522-265x198.jpeg 265w, https:\/\/lesexplorateurscatalans.fr\/wp-content\/uploads\/2025\/12\/IMG_9522.jpeg 2048w\" sizes=\"auto, (max-width: 1024px) 100vw, 1024px\" \/><\/figure>\n\n\n\n<figure class=\"wp-block-image size-large\"><img loading=\"lazy\" decoding=\"async\" width=\"1024\" height=\"768\" data-id=\"1252\" src=\"https:\/\/lesexplorateurscatalans.fr\/wp-content\/uploads\/2025\/12\/IMG_9528-1024x768.jpeg\" alt=\"\" class=\"wp-image-1252\" srcset=\"https:\/\/lesexplorateurscatalans.fr\/wp-content\/uploads\/2025\/12\/IMG_9528-1024x768.jpeg 1024w, https:\/\/lesexplorateurscatalans.fr\/wp-content\/uploads\/2025\/12\/IMG_9528-300x225.jpeg 300w, https:\/\/lesexplorateurscatalans.fr\/wp-content\/uploads\/2025\/12\/IMG_9528-768x576.jpeg 768w, https:\/\/lesexplorateurscatalans.fr\/wp-content\/uploads\/2025\/12\/IMG_9528-1536x1152.jpeg 1536w, https:\/\/lesexplorateurscatalans.fr\/wp-content\/uploads\/2025\/12\/IMG_9528-560x420.jpeg 560w, https:\/\/lesexplorateurscatalans.fr\/wp-content\/uploads\/2025\/12\/IMG_9528-80x60.jpeg 80w, https:\/\/lesexplorateurscatalans.fr\/wp-content\/uploads\/2025\/12\/IMG_9528-696x522.jpeg 696w, https:\/\/lesexplorateurscatalans.fr\/wp-content\/uploads\/2025\/12\/IMG_9528-1068x801.jpeg 1068w, https:\/\/lesexplorateurscatalans.fr\/wp-content\/uploads\/2025\/12\/IMG_9528-1920x1440.jpeg 1920w, https:\/\/lesexplorateurscatalans.fr\/wp-content\/uploads\/2025\/12\/IMG_9528-265x198.jpeg 265w, https:\/\/lesexplorateurscatalans.fr\/wp-content\/uploads\/2025\/12\/IMG_9528.jpeg 2048w\" sizes=\"auto, (max-width: 1024px) 100vw, 1024px\" \/><\/figure>\n\n\n\n<figure class=\"wp-block-image size-large\"><img loading=\"lazy\" decoding=\"async\" width=\"1024\" height=\"768\" data-id=\"1254\" src=\"https:\/\/lesexplorateurscatalans.fr\/wp-content\/uploads\/2025\/12\/IMG_9532-1024x768.jpeg\" alt=\"\" class=\"wp-image-1254\" srcset=\"https:\/\/lesexplorateurscatalans.fr\/wp-content\/uploads\/2025\/12\/IMG_9532-1024x768.jpeg 1024w, https:\/\/lesexplorateurscatalans.fr\/wp-content\/uploads\/2025\/12\/IMG_9532-300x225.jpeg 300w, https:\/\/lesexplorateurscatalans.fr\/wp-content\/uploads\/2025\/12\/IMG_9532-768x576.jpeg 768w, https:\/\/lesexplorateurscatalans.fr\/wp-content\/uploads\/2025\/12\/IMG_9532-1536x1152.jpeg 1536w, https:\/\/lesexplorateurscatalans.fr\/wp-content\/uploads\/2025\/12\/IMG_9532-560x420.jpeg 560w, https:\/\/lesexplorateurscatalans.fr\/wp-content\/uploads\/2025\/12\/IMG_9532-80x60.jpeg 80w, https:\/\/lesexplorateurscatalans.fr\/wp-content\/uploads\/2025\/12\/IMG_9532-696x522.jpeg 696w, https:\/\/lesexplorateurscatalans.fr\/wp-content\/uploads\/2025\/12\/IMG_9532-1068x801.jpeg 1068w, https:\/\/lesexplorateurscatalans.fr\/wp-content\/uploads\/2025\/12\/IMG_9532-1920x1440.jpeg 1920w, https:\/\/lesexplorateurscatalans.fr\/wp-content\/uploads\/2025\/12\/IMG_9532-265x198.jpeg 265w, https:\/\/lesexplorateurscatalans.fr\/wp-content\/uploads\/2025\/12\/IMG_9532.jpeg 2048w\" sizes=\"auto, (max-width: 1024px) 100vw, 1024px\" \/><\/figure>\n\n\n\n<figure class=\"wp-block-image size-large\"><img loading=\"lazy\" decoding=\"async\" width=\"1024\" height=\"768\" data-id=\"1255\" src=\"https:\/\/lesexplorateurscatalans.fr\/wp-content\/uploads\/2025\/12\/IMG_9540-1024x768.jpeg\" alt=\"\" class=\"wp-image-1255\" srcset=\"https:\/\/lesexplorateurscatalans.fr\/wp-content\/uploads\/2025\/12\/IMG_9540-1024x768.jpeg 1024w, https:\/\/lesexplorateurscatalans.fr\/wp-content\/uploads\/2025\/12\/IMG_9540-300x225.jpeg 300w, https:\/\/lesexplorateurscatalans.fr\/wp-content\/uploads\/2025\/12\/IMG_9540-768x576.jpeg 768w, https:\/\/lesexplorateurscatalans.fr\/wp-content\/uploads\/2025\/12\/IMG_9540-1536x1152.jpeg 1536w, https:\/\/lesexplorateurscatalans.fr\/wp-content\/uploads\/2025\/12\/IMG_9540-560x420.jpeg 560w, https:\/\/lesexplorateurscatalans.fr\/wp-content\/uploads\/2025\/12\/IMG_9540-80x60.jpeg 80w, https:\/\/lesexplorateurscatalans.fr\/wp-content\/uploads\/2025\/12\/IMG_9540-696x522.jpeg 696w, https:\/\/lesexplorateurscatalans.fr\/wp-content\/uploads\/2025\/12\/IMG_9540-1068x801.jpeg 1068w, https:\/\/lesexplorateurscatalans.fr\/wp-content\/uploads\/2025\/12\/IMG_9540-1920x1440.jpeg 1920w, https:\/\/lesexplorateurscatalans.fr\/wp-content\/uploads\/2025\/12\/IMG_9540-265x198.jpeg 265w, https:\/\/lesexplorateurscatalans.fr\/wp-content\/uploads\/2025\/12\/IMG_9540.jpeg 2048w\" sizes=\"auto, (max-width: 1024px) 100vw, 1024px\" \/><\/figure>\n\n\n\n<figure class=\"wp-block-image size-large\"><img loading=\"lazy\" decoding=\"async\" width=\"768\" height=\"1024\" data-id=\"1256\" src=\"https:\/\/lesexplorateurscatalans.fr\/wp-content\/uploads\/2025\/12\/IMG_9542-768x1024.jpeg\" alt=\"\" class=\"wp-image-1256\" srcset=\"https:\/\/lesexplorateurscatalans.fr\/wp-content\/uploads\/2025\/12\/IMG_9542-768x1024.jpeg 768w, https:\/\/lesexplorateurscatalans.fr\/wp-content\/uploads\/2025\/12\/IMG_9542-225x300.jpeg 225w, https:\/\/lesexplorateurscatalans.fr\/wp-content\/uploads\/2025\/12\/IMG_9542-1152x1536.jpeg 1152w, https:\/\/lesexplorateurscatalans.fr\/wp-content\/uploads\/2025\/12\/IMG_9542-315x420.jpeg 315w, https:\/\/lesexplorateurscatalans.fr\/wp-content\/uploads\/2025\/12\/IMG_9542-696x928.jpeg 696w, https:\/\/lesexplorateurscatalans.fr\/wp-content\/uploads\/2025\/12\/IMG_9542-1068x1424.jpeg 1068w, https:\/\/lesexplorateurscatalans.fr\/wp-content\/uploads\/2025\/12\/IMG_9542.jpeg 1536w\" sizes=\"auto, (max-width: 768px) 100vw, 768px\" \/><\/figure>\n\n\n\n<figure class=\"wp-block-image size-large\"><img loading=\"lazy\" decoding=\"async\" width=\"1024\" height=\"768\" data-id=\"1257\" src=\"https:\/\/lesexplorateurscatalans.fr\/wp-content\/uploads\/2025\/12\/IMG_9491-1024x768.jpeg\" alt=\"\" class=\"wp-image-1257\" srcset=\"https:\/\/lesexplorateurscatalans.fr\/wp-content\/uploads\/2025\/12\/IMG_9491-1024x768.jpeg 1024w, https:\/\/lesexplorateurscatalans.fr\/wp-content\/uploads\/2025\/12\/IMG_9491-300x225.jpeg 300w, https:\/\/lesexplorateurscatalans.fr\/wp-content\/uploads\/2025\/12\/IMG_9491-768x576.jpeg 768w, https:\/\/lesexplorateurscatalans.fr\/wp-content\/uploads\/2025\/12\/IMG_9491-1536x1152.jpeg 1536w, https:\/\/lesexplorateurscatalans.fr\/wp-content\/uploads\/2025\/12\/IMG_9491-560x420.jpeg 560w, https:\/\/lesexplorateurscatalans.fr\/wp-content\/uploads\/2025\/12\/IMG_9491-80x60.jpeg 80w, https:\/\/lesexplorateurscatalans.fr\/wp-content\/uploads\/2025\/12\/IMG_9491-696x522.jpeg 696w, https:\/\/lesexplorateurscatalans.fr\/wp-content\/uploads\/2025\/12\/IMG_9491-1068x801.jpeg 1068w, https:\/\/lesexplorateurscatalans.fr\/wp-content\/uploads\/2025\/12\/IMG_9491-1920x1440.jpeg 1920w, https:\/\/lesexplorateurscatalans.fr\/wp-content\/uploads\/2025\/12\/IMG_9491-265x198.jpeg 265w, https:\/\/lesexplorateurscatalans.fr\/wp-content\/uploads\/2025\/12\/IMG_9491.jpeg 2048w\" sizes=\"auto, (max-width: 1024px) 100vw, 1024px\" \/><\/figure>\n\n\n\n<figure class=\"wp-block-image size-large\"><img loading=\"lazy\" decoding=\"async\" width=\"768\" height=\"1024\" data-id=\"1259\" src=\"https:\/\/lesexplorateurscatalans.fr\/wp-content\/uploads\/2025\/12\/IMG_9493-768x1024.jpeg\" alt=\"\" class=\"wp-image-1259\" srcset=\"https:\/\/lesexplorateurscatalans.fr\/wp-content\/uploads\/2025\/12\/IMG_9493-768x1024.jpeg 768w, https:\/\/lesexplorateurscatalans.fr\/wp-content\/uploads\/2025\/12\/IMG_9493-225x300.jpeg 225w, https:\/\/lesexplorateurscatalans.fr\/wp-content\/uploads\/2025\/12\/IMG_9493-1152x1536.jpeg 1152w, https:\/\/lesexplorateurscatalans.fr\/wp-content\/uploads\/2025\/12\/IMG_9493-315x420.jpeg 315w, https:\/\/lesexplorateurscatalans.fr\/wp-content\/uploads\/2025\/12\/IMG_9493-696x928.jpeg 696w, https:\/\/lesexplorateurscatalans.fr\/wp-content\/uploads\/2025\/12\/IMG_9493-1068x1424.jpeg 1068w, https:\/\/lesexplorateurscatalans.fr\/wp-content\/uploads\/2025\/12\/IMG_9493.jpeg 1536w\" sizes=\"auto, (max-width: 768px) 100vw, 768px\" \/><\/figure>\n\n\n\n<figure class=\"wp-block-image size-large\"><img loading=\"lazy\" decoding=\"async\" width=\"1024\" height=\"768\" data-id=\"1260\" src=\"https:\/\/lesexplorateurscatalans.fr\/wp-content\/uploads\/2025\/12\/IMG_9494-1024x768.jpeg\" alt=\"\" class=\"wp-image-1260\" srcset=\"https:\/\/lesexplorateurscatalans.fr\/wp-content\/uploads\/2025\/12\/IMG_9494-1024x768.jpeg 1024w, https:\/\/lesexplorateurscatalans.fr\/wp-content\/uploads\/2025\/12\/IMG_9494-300x225.jpeg 300w, https:\/\/lesexplorateurscatalans.fr\/wp-content\/uploads\/2025\/12\/IMG_9494-768x576.jpeg 768w, https:\/\/lesexplorateurscatalans.fr\/wp-content\/uploads\/2025\/12\/IMG_9494-1536x1152.jpeg 1536w, https:\/\/lesexplorateurscatalans.fr\/wp-content\/uploads\/2025\/12\/IMG_9494-560x420.jpeg 560w, https:\/\/lesexplorateurscatalans.fr\/wp-content\/uploads\/2025\/12\/IMG_9494-80x60.jpeg 80w, https:\/\/lesexplorateurscatalans.fr\/wp-content\/uploads\/2025\/12\/IMG_9494-696x522.jpeg 696w, https:\/\/lesexplorateurscatalans.fr\/wp-content\/uploads\/2025\/12\/IMG_9494-1068x801.jpeg 1068w, https:\/\/lesexplorateurscatalans.fr\/wp-content\/uploads\/2025\/12\/IMG_9494-1920x1440.jpeg 1920w, https:\/\/lesexplorateurscatalans.fr\/wp-content\/uploads\/2025\/12\/IMG_9494-265x198.jpeg 265w, https:\/\/lesexplorateurscatalans.fr\/wp-content\/uploads\/2025\/12\/IMG_9494.jpeg 2048w\" sizes=\"auto, (max-width: 1024px) 100vw, 1024px\" \/><\/figure>\n\n\n\n<figure class=\"wp-block-image size-large\"><img loading=\"lazy\" decoding=\"async\" width=\"1024\" height=\"768\" data-id=\"1261\" src=\"https:\/\/lesexplorateurscatalans.fr\/wp-content\/uploads\/2025\/12\/IMG_9495-1024x768.jpeg\" alt=\"\" class=\"wp-image-1261\" srcset=\"https:\/\/lesexplorateurscatalans.fr\/wp-content\/uploads\/2025\/12\/IMG_9495-1024x768.jpeg 1024w, https:\/\/lesexplorateurscatalans.fr\/wp-content\/uploads\/2025\/12\/IMG_9495-300x225.jpeg 300w, https:\/\/lesexplorateurscatalans.fr\/wp-content\/uploads\/2025\/12\/IMG_9495-768x576.jpeg 768w, https:\/\/lesexplorateurscatalans.fr\/wp-content\/uploads\/2025\/12\/IMG_9495-1536x1152.jpeg 1536w, https:\/\/lesexplorateurscatalans.fr\/wp-content\/uploads\/2025\/12\/IMG_9495-560x420.jpeg 560w, https:\/\/lesexplorateurscatalans.fr\/wp-content\/uploads\/2025\/12\/IMG_9495-80x60.jpeg 80w, https:\/\/lesexplorateurscatalans.fr\/wp-content\/uploads\/2025\/12\/IMG_9495-696x522.jpeg 696w, https:\/\/lesexplorateurscatalans.fr\/wp-content\/uploads\/2025\/12\/IMG_9495-1068x801.jpeg 1068w, https:\/\/lesexplorateurscatalans.fr\/wp-content\/uploads\/2025\/12\/IMG_9495-1920x1440.jpeg 1920w, https:\/\/lesexplorateurscatalans.fr\/wp-content\/uploads\/2025\/12\/IMG_9495-265x198.jpeg 265w, https:\/\/lesexplorateurscatalans.fr\/wp-content\/uploads\/2025\/12\/IMG_9495.jpeg 2048w\" sizes=\"auto, (max-width: 1024px) 100vw, 1024px\" \/><\/figure>\n<\/figure>\n","protected":false},"excerpt":{"rendered":"<p>Au c\u0153ur de la cit\u00e9 d\u2019Avignon, le Palais des Papes domine la ville et le Rh\u00f4ne de toute sa puissance. Monument embl\u00e9matique de Provence et v\u00e9ritable symbole de l\u2019influence papale au XIV\u1d49 si\u00e8cle, il est aujourd\u2019hui l\u2019un des plus grands palais gothiques d\u2019Europe.Lors de notre passage avec Les Explorateurs Catalans, impossible de ne pas se [&hellip;]<\/p>\n","protected":false},"author":1,"featured_media":1208,"comment_status":"open","ping_status":"open","sticky":false,"template":"","format":"standard","meta":{"tdm_status":"","tdm_grid_status":"","footnotes":""},"categories":[21,16],"tags":[304,293,305,259,42,256,302,303,295,306,291,307],"class_list":{"0":"post-1205","1":"post","2":"type-post","3":"status-publish","4":"format-standard","5":"has-post-thumbnail","7":"category-carnet-de-voyage","8":"category-randonnees","9":"tag-architecture-gothique","10":"tag-avignon","11":"tag-cite-des-papes","12":"tag-histoire-medievale","13":"tag-les-explorateurs-catalans","14":"tag-monument-historique","15":"tag-palais-des-papes","16":"tag-patrimoine-mondial","17":"tag-provence","18":"tag-tourisme-provence","19":"tag-vaucluse","20":"tag-visite-avignon"},"yoast_head":"<!-- This site is optimized with the Yoast SEO plugin v26.5 - https:\/\/yoast.com\/wordpress\/plugins\/seo\/ -->\n<title>Le Palais des Papes \u00e0 Avignon : un chef-d\u2019\u0153uvre m\u00e9di\u00e9val incontournable - Les Explorateurs Catalans<\/title>\n<meta name=\"description\" content=\"D\u00e9couvrez le Palais des Papes \u00e0 Avignon, chef-d\u2019\u0153uvre gothique et symbole de la cit\u00e9 m\u00e9di\u00e9vale. Une visite spectaculaire entre histoire, architecture et panorama unique.\" \/>\n<meta name=\"robots\" content=\"index, follow, max-snippet:-1, max-image-preview:large, max-video-preview:-1\" \/>\n<link rel=\"canonical\" href=\"https:\/\/lesexplorateurscatalans.fr\/index.php\/2025\/12\/10\/palais-des-papes-avignon\/\" \/>\n<meta property=\"og:locale\" content=\"fr_FR\" \/>\n<meta property=\"og:type\" content=\"article\" \/>\n<meta property=\"og:title\" content=\"Le Palais des Papes \u00e0 Avignon : un chef-d\u2019\u0153uvre m\u00e9di\u00e9val incontournable - Les Explorateurs Catalans\" \/>\n<meta property=\"og:description\" content=\"D\u00e9couvrez le Palais des Papes \u00e0 Avignon, chef-d\u2019\u0153uvre gothique et symbole de la cit\u00e9 m\u00e9di\u00e9vale. Une visite spectaculaire entre histoire, architecture et panorama unique.\" \/>\n<meta property=\"og:url\" content=\"https:\/\/lesexplorateurscatalans.fr\/index.php\/2025\/12\/10\/palais-des-papes-avignon\/\" \/>\n<meta property=\"og:site_name\" content=\"Les Explorateurs Catalans\" \/>\n<meta property=\"article:publisher\" content=\"https:\/\/www.facebook.com\/lesexplorateurscatalans\" \/>\n<meta property=\"article:author\" content=\"https:\/\/www.facebook.com\/lesexplorateurscatalans\" \/>\n<meta property=\"article:published_time\" content=\"2025-12-10T18:54:58+00:00\" \/>\n<meta property=\"article:modified_time\" content=\"2025-12-10T18:55:00+00:00\" \/>\n<meta property=\"og:image\" content=\"https:\/\/lesexplorateurscatalans.fr\/wp-content\/uploads\/2025\/12\/IMG_9499.jpeg\" \/>\n\t<meta property=\"og:image:width\" content=\"2048\" \/>\n\t<meta property=\"og:image:height\" content=\"1536\" \/>\n\t<meta property=\"og:image:type\" content=\"image\/jpeg\" \/>\n<meta name=\"author\" content=\"Les Explorateurs Catalans\" \/>\n<meta name=\"twitter:card\" content=\"summary_large_image\" \/>\n<meta name=\"twitter:label1\" content=\"\u00c9crit par\" \/>\n\t<meta name=\"twitter:data1\" content=\"Les Explorateurs Catalans\" \/>\n\t<meta name=\"twitter:label2\" content=\"Dur\u00e9e de lecture estim\u00e9e\" \/>\n\t<meta name=\"twitter:data2\" content=\"13 minutes\" \/>\n<script type=\"application\/ld+json\" class=\"yoast-schema-graph\">{\"@context\":\"https:\/\/schema.org\",\"@graph\":[{\"@type\":\"Article\",\"@id\":\"https:\/\/lesexplorateurscatalans.fr\/index.php\/2025\/12\/10\/palais-des-papes-avignon\/#article\",\"isPartOf\":{\"@id\":\"https:\/\/lesexplorateurscatalans.fr\/index.php\/2025\/12\/10\/palais-des-papes-avignon\/\"},\"author\":{\"name\":\"Les Explorateurs Catalans\",\"@id\":\"https:\/\/lesexplorateurscatalans.fr\/#\/schema\/person\/0f91d5fd7188c18ca62f2ea37a0f7d02\"},\"headline\":\"Le Palais des Papes \u00e0 Avignon : un chef-d\u2019\u0153uvre m\u00e9di\u00e9val incontournable\",\"datePublished\":\"2025-12-10T18:54:58+00:00\",\"dateModified\":\"2025-12-10T18:55:00+00:00\",\"mainEntityOfPage\":{\"@id\":\"https:\/\/lesexplorateurscatalans.fr\/index.php\/2025\/12\/10\/palais-des-papes-avignon\/\"},\"wordCount\":636,\"commentCount\":0,\"publisher\":{\"@id\":\"https:\/\/lesexplorateurscatalans.fr\/#organization\"},\"image\":{\"@id\":\"https:\/\/lesexplorateurscatalans.fr\/index.php\/2025\/12\/10\/palais-des-papes-avignon\/#primaryimage\"},\"thumbnailUrl\":\"https:\/\/lesexplorateurscatalans.fr\/wp-content\/uploads\/2025\/12\/IMG_9499.jpeg\",\"keywords\":[\"architecture gothique\",\"Avignon\",\"cit\u00e9 des papes\",\"Histoire m\u00e9di\u00e9vale\",\"Les Explorateurs Catalans\",\"Monument historique\",\"Palais des Papes\",\"patrimoine mondial\",\"Provence\",\"tourisme Provence\",\"Vaucluse\",\"visite Avignon\"],\"articleSection\":[\"Carnet de voyage\",\"Randonn\u00e9es\"],\"inLanguage\":\"fr-FR\",\"potentialAction\":[{\"@type\":\"CommentAction\",\"name\":\"Comment\",\"target\":[\"https:\/\/lesexplorateurscatalans.fr\/index.php\/2025\/12\/10\/palais-des-papes-avignon\/#respond\"]}]},{\"@type\":\"WebPage\",\"@id\":\"https:\/\/lesexplorateurscatalans.fr\/index.php\/2025\/12\/10\/palais-des-papes-avignon\/\",\"url\":\"https:\/\/lesexplorateurscatalans.fr\/index.php\/2025\/12\/10\/palais-des-papes-avignon\/\",\"name\":\"Le Palais des Papes \u00e0 Avignon : un chef-d\u2019\u0153uvre m\u00e9di\u00e9val incontournable - Les Explorateurs Catalans\",\"isPartOf\":{\"@id\":\"https:\/\/lesexplorateurscatalans.fr\/#website\"},\"primaryImageOfPage\":{\"@id\":\"https:\/\/lesexplorateurscatalans.fr\/index.php\/2025\/12\/10\/palais-des-papes-avignon\/#primaryimage\"},\"image\":{\"@id\":\"https:\/\/lesexplorateurscatalans.fr\/index.php\/2025\/12\/10\/palais-des-papes-avignon\/#primaryimage\"},\"thumbnailUrl\":\"https:\/\/lesexplorateurscatalans.fr\/wp-content\/uploads\/2025\/12\/IMG_9499.jpeg\",\"datePublished\":\"2025-12-10T18:54:58+00:00\",\"dateModified\":\"2025-12-10T18:55:00+00:00\",\"description\":\"D\u00e9couvrez le Palais des Papes \u00e0 Avignon, chef-d\u2019\u0153uvre gothique et symbole de la cit\u00e9 m\u00e9di\u00e9vale. Une visite spectaculaire entre histoire, architecture et panorama unique.\",\"breadcrumb\":{\"@id\":\"https:\/\/lesexplorateurscatalans.fr\/index.php\/2025\/12\/10\/palais-des-papes-avignon\/#breadcrumb\"},\"inLanguage\":\"fr-FR\",\"potentialAction\":[{\"@type\":\"ReadAction\",\"target\":[\"https:\/\/lesexplorateurscatalans.fr\/index.php\/2025\/12\/10\/palais-des-papes-avignon\/\"]}]},{\"@type\":\"ImageObject\",\"inLanguage\":\"fr-FR\",\"@id\":\"https:\/\/lesexplorateurscatalans.fr\/index.php\/2025\/12\/10\/palais-des-papes-avignon\/#primaryimage\",\"url\":\"https:\/\/lesexplorateurscatalans.fr\/wp-content\/uploads\/2025\/12\/IMG_9499.jpeg\",\"contentUrl\":\"https:\/\/lesexplorateurscatalans.fr\/wp-content\/uploads\/2025\/12\/IMG_9499.jpeg\",\"width\":2048,\"height\":1536},{\"@type\":\"BreadcrumbList\",\"@id\":\"https:\/\/lesexplorateurscatalans.fr\/index.php\/2025\/12\/10\/palais-des-papes-avignon\/#breadcrumb\",\"itemListElement\":[{\"@type\":\"ListItem\",\"position\":1,\"name\":\"Accueil\",\"item\":\"https:\/\/lesexplorateurscatalans.fr\/\"},{\"@type\":\"ListItem\",\"position\":2,\"name\":\"Le Palais des Papes \u00e0 Avignon : un chef-d\u2019\u0153uvre m\u00e9di\u00e9val incontournable\"}]},{\"@type\":\"WebSite\",\"@id\":\"https:\/\/lesexplorateurscatalans.fr\/#website\",\"url\":\"https:\/\/lesexplorateurscatalans.fr\/\",\"name\":\"Les Explorateurs Catalans\",\"description\":\"Les Explorateurs Catalans : Votre boussole pour l&#039;aventure.\",\"publisher\":{\"@id\":\"https:\/\/lesexplorateurscatalans.fr\/#organization\"},\"alternateName\":\"LEC\",\"potentialAction\":[{\"@type\":\"SearchAction\",\"target\":{\"@type\":\"EntryPoint\",\"urlTemplate\":\"https:\/\/lesexplorateurscatalans.fr\/?s={search_term_string}\"},\"query-input\":{\"@type\":\"PropertyValueSpecification\",\"valueRequired\":true,\"valueName\":\"search_term_string\"}}],\"inLanguage\":\"fr-FR\"},{\"@type\":\"Organization\",\"@id\":\"https:\/\/lesexplorateurscatalans.fr\/#organization\",\"name\":\"Les Explorateurs Catalans\",\"alternateName\":\"LEC\",\"url\":\"https:\/\/lesexplorateurscatalans.fr\/\",\"logo\":{\"@type\":\"ImageObject\",\"inLanguage\":\"fr-FR\",\"@id\":\"https:\/\/lesexplorateurscatalans.fr\/#\/schema\/logo\/image\/\",\"url\":\"https:\/\/lesexplorateurscatalans.fr\/wp-content\/uploads\/2024\/04\/DALL_E-2024-02-19-13.15-removebg-preview.png\",\"contentUrl\":\"https:\/\/lesexplorateurscatalans.fr\/wp-content\/uploads\/2024\/04\/DALL_E-2024-02-19-13.15-removebg-preview.png\",\"width\":500,\"height\":500,\"caption\":\"Les Explorateurs Catalans\"},\"image\":{\"@id\":\"https:\/\/lesexplorateurscatalans.fr\/#\/schema\/logo\/image\/\"},\"sameAs\":[\"https:\/\/www.facebook.com\/lesexplorateurscatalans\",\"https:\/\/www.relive.cc\/profile\/niko660\"]},{\"@type\":\"Person\",\"@id\":\"https:\/\/lesexplorateurscatalans.fr\/#\/schema\/person\/0f91d5fd7188c18ca62f2ea37a0f7d02\",\"name\":\"Les Explorateurs Catalans\",\"image\":{\"@type\":\"ImageObject\",\"inLanguage\":\"fr-FR\",\"@id\":\"https:\/\/lesexplorateurscatalans.fr\/#\/schema\/person\/image\/\",\"url\":\"https:\/\/secure.gravatar.com\/avatar\/c657c225e0e21288bc03d7987bc3f3fa29636fd30a0946eb26df26acf6876aa1?s=96&d=mm&r=g\",\"contentUrl\":\"https:\/\/secure.gravatar.com\/avatar\/c657c225e0e21288bc03d7987bc3f3fa29636fd30a0946eb26df26acf6876aa1?s=96&d=mm&r=g\",\"caption\":\"Les Explorateurs Catalans\"},\"sameAs\":[\"https:\/\/www.lesexplorateurscatalans.fr\/\",\"https:\/\/www.facebook.com\/lesexplorateurscatalans\"],\"url\":\"https:\/\/lesexplorateurscatalans.fr\/index.php\/author\/admin\/\"}]}<\/script>\n<!-- \/ Yoast SEO plugin. -->","yoast_head_json":{"title":"Le Palais des Papes \u00e0 Avignon : un chef-d\u2019\u0153uvre m\u00e9di\u00e9val incontournable - Les Explorateurs Catalans","description":"D\u00e9couvrez le Palais des Papes \u00e0 Avignon, chef-d\u2019\u0153uvre gothique et symbole de la cit\u00e9 m\u00e9di\u00e9vale. Une visite spectaculaire entre histoire, architecture et panorama unique.","robots":{"index":"index","follow":"follow","max-snippet":"max-snippet:-1","max-image-preview":"max-image-preview:large","max-video-preview":"max-video-preview:-1"},"canonical":"https:\/\/lesexplorateurscatalans.fr\/index.php\/2025\/12\/10\/palais-des-papes-avignon\/","og_locale":"fr_FR","og_type":"article","og_title":"Le Palais des Papes \u00e0 Avignon : un chef-d\u2019\u0153uvre m\u00e9di\u00e9val incontournable - Les Explorateurs Catalans","og_description":"D\u00e9couvrez le Palais des Papes \u00e0 Avignon, chef-d\u2019\u0153uvre gothique et symbole de la cit\u00e9 m\u00e9di\u00e9vale. Une visite spectaculaire entre histoire, architecture et panorama unique.","og_url":"https:\/\/lesexplorateurscatalans.fr\/index.php\/2025\/12\/10\/palais-des-papes-avignon\/","og_site_name":"Les Explorateurs Catalans","article_publisher":"https:\/\/www.facebook.com\/lesexplorateurscatalans","article_author":"https:\/\/www.facebook.com\/lesexplorateurscatalans","article_published_time":"2025-12-10T18:54:58+00:00","article_modified_time":"2025-12-10T18:55:00+00:00","og_image":[{"width":2048,"height":1536,"url":"https:\/\/lesexplorateurscatalans.fr\/wp-content\/uploads\/2025\/12\/IMG_9499.jpeg","type":"image\/jpeg"}],"author":"Les Explorateurs Catalans","twitter_card":"summary_large_image","twitter_misc":{"\u00c9crit par":"Les Explorateurs Catalans","Dur\u00e9e de lecture estim\u00e9e":"13 minutes"},"schema":{"@context":"https:\/\/schema.org","@graph":[{"@type":"Article","@id":"https:\/\/lesexplorateurscatalans.fr\/index.php\/2025\/12\/10\/palais-des-papes-avignon\/#article","isPartOf":{"@id":"https:\/\/lesexplorateurscatalans.fr\/index.php\/2025\/12\/10\/palais-des-papes-avignon\/"},"author":{"name":"Les Explorateurs Catalans","@id":"https:\/\/lesexplorateurscatalans.fr\/#\/schema\/person\/0f91d5fd7188c18ca62f2ea37a0f7d02"},"headline":"Le Palais des Papes \u00e0 Avignon : un chef-d\u2019\u0153uvre m\u00e9di\u00e9val incontournable","datePublished":"2025-12-10T18:54:58+00:00","dateModified":"2025-12-10T18:55:00+00:00","mainEntityOfPage":{"@id":"https:\/\/lesexplorateurscatalans.fr\/index.php\/2025\/12\/10\/palais-des-papes-avignon\/"},"wordCount":636,"commentCount":0,"publisher":{"@id":"https:\/\/lesexplorateurscatalans.fr\/#organization"},"image":{"@id":"https:\/\/lesexplorateurscatalans.fr\/index.php\/2025\/12\/10\/palais-des-papes-avignon\/#primaryimage"},"thumbnailUrl":"https:\/\/lesexplorateurscatalans.fr\/wp-content\/uploads\/2025\/12\/IMG_9499.jpeg","keywords":["architecture gothique","Avignon","cit\u00e9 des papes","Histoire m\u00e9di\u00e9vale","Les Explorateurs Catalans","Monument historique","Palais des Papes","patrimoine mondial","Provence","tourisme Provence","Vaucluse","visite Avignon"],"articleSection":["Carnet de voyage","Randonn\u00e9es"],"inLanguage":"fr-FR","potentialAction":[{"@type":"CommentAction","name":"Comment","target":["https:\/\/lesexplorateurscatalans.fr\/index.php\/2025\/12\/10\/palais-des-papes-avignon\/#respond"]}]},{"@type":"WebPage","@id":"https:\/\/lesexplorateurscatalans.fr\/index.php\/2025\/12\/10\/palais-des-papes-avignon\/","url":"https:\/\/lesexplorateurscatalans.fr\/index.php\/2025\/12\/10\/palais-des-papes-avignon\/","name":"Le Palais des Papes \u00e0 Avignon : un chef-d\u2019\u0153uvre m\u00e9di\u00e9val incontournable - Les Explorateurs Catalans","isPartOf":{"@id":"https:\/\/lesexplorateurscatalans.fr\/#website"},"primaryImageOfPage":{"@id":"https:\/\/lesexplorateurscatalans.fr\/index.php\/2025\/12\/10\/palais-des-papes-avignon\/#primaryimage"},"image":{"@id":"https:\/\/lesexplorateurscatalans.fr\/index.php\/2025\/12\/10\/palais-des-papes-avignon\/#primaryimage"},"thumbnailUrl":"https:\/\/lesexplorateurscatalans.fr\/wp-content\/uploads\/2025\/12\/IMG_9499.jpeg","datePublished":"2025-12-10T18:54:58+00:00","dateModified":"2025-12-10T18:55:00+00:00","description":"D\u00e9couvrez le Palais des Papes \u00e0 Avignon, chef-d\u2019\u0153uvre gothique et symbole de la cit\u00e9 m\u00e9di\u00e9vale. Une visite spectaculaire entre histoire, architecture et panorama unique.","breadcrumb":{"@id":"https:\/\/lesexplorateurscatalans.fr\/index.php\/2025\/12\/10\/palais-des-papes-avignon\/#breadcrumb"},"inLanguage":"fr-FR","potentialAction":[{"@type":"ReadAction","target":["https:\/\/lesexplorateurscatalans.fr\/index.php\/2025\/12\/10\/palais-des-papes-avignon\/"]}]},{"@type":"ImageObject","inLanguage":"fr-FR","@id":"https:\/\/lesexplorateurscatalans.fr\/index.php\/2025\/12\/10\/palais-des-papes-avignon\/#primaryimage","url":"https:\/\/lesexplorateurscatalans.fr\/wp-content\/uploads\/2025\/12\/IMG_9499.jpeg","contentUrl":"https:\/\/lesexplorateurscatalans.fr\/wp-content\/uploads\/2025\/12\/IMG_9499.jpeg","width":2048,"height":1536},{"@type":"BreadcrumbList","@id":"https:\/\/lesexplorateurscatalans.fr\/index.php\/2025\/12\/10\/palais-des-papes-avignon\/#breadcrumb","itemListElement":[{"@type":"ListItem","position":1,"name":"Accueil","item":"https:\/\/lesexplorateurscatalans.fr\/"},{"@type":"ListItem","position":2,"name":"Le Palais des Papes \u00e0 Avignon : un chef-d\u2019\u0153uvre m\u00e9di\u00e9val incontournable"}]},{"@type":"WebSite","@id":"https:\/\/lesexplorateurscatalans.fr\/#website","url":"https:\/\/lesexplorateurscatalans.fr\/","name":"Les Explorateurs Catalans","description":"Les Explorateurs Catalans : Votre boussole pour l&#039;aventure.","publisher":{"@id":"https:\/\/lesexplorateurscatalans.fr\/#organization"},"alternateName":"LEC","potentialAction":[{"@type":"SearchAction","target":{"@type":"EntryPoint","urlTemplate":"https:\/\/lesexplorateurscatalans.fr\/?s={search_term_string}"},"query-input":{"@type":"PropertyValueSpecification","valueRequired":true,"valueName":"search_term_string"}}],"inLanguage":"fr-FR"},{"@type":"Organization","@id":"https:\/\/lesexplorateurscatalans.fr\/#organization","name":"Les Explorateurs Catalans","alternateName":"LEC","url":"https:\/\/lesexplorateurscatalans.fr\/","logo":{"@type":"ImageObject","inLanguage":"fr-FR","@id":"https:\/\/lesexplorateurscatalans.fr\/#\/schema\/logo\/image\/","url":"https:\/\/lesexplorateurscatalans.fr\/wp-content\/uploads\/2024\/04\/DALL_E-2024-02-19-13.15-removebg-preview.png","contentUrl":"https:\/\/lesexplorateurscatalans.fr\/wp-content\/uploads\/2024\/04\/DALL_E-2024-02-19-13.15-removebg-preview.png","width":500,"height":500,"caption":"Les Explorateurs Catalans"},"image":{"@id":"https:\/\/lesexplorateurscatalans.fr\/#\/schema\/logo\/image\/"},"sameAs":["https:\/\/www.facebook.com\/lesexplorateurscatalans","https:\/\/www.relive.cc\/profile\/niko660"]},{"@type":"Person","@id":"https:\/\/lesexplorateurscatalans.fr\/#\/schema\/person\/0f91d5fd7188c18ca62f2ea37a0f7d02","name":"Les Explorateurs Catalans","image":{"@type":"ImageObject","inLanguage":"fr-FR","@id":"https:\/\/lesexplorateurscatalans.fr\/#\/schema\/person\/image\/","url":"https:\/\/secure.gravatar.com\/avatar\/c657c225e0e21288bc03d7987bc3f3fa29636fd30a0946eb26df26acf6876aa1?s=96&d=mm&r=g","contentUrl":"https:\/\/secure.gravatar.com\/avatar\/c657c225e0e21288bc03d7987bc3f3fa29636fd30a0946eb26df26acf6876aa1?s=96&d=mm&r=g","caption":"Les Explorateurs Catalans"},"sameAs":["https:\/\/www.lesexplorateurscatalans.fr\/","https:\/\/www.facebook.com\/lesexplorateurscatalans"],"url":"https:\/\/lesexplorateurscatalans.fr\/index.php\/author\/admin\/"}]}},"amp_enabled":true,"_links":{"self":[{"href":"https:\/\/lesexplorateurscatalans.fr\/index.php\/wp-json\/wp\/v2\/posts\/1205","targetHints":{"allow":["GET"]}}],"collection":[{"href":"https:\/\/lesexplorateurscatalans.fr\/index.php\/wp-json\/wp\/v2\/posts"}],"about":[{"href":"https:\/\/lesexplorateurscatalans.fr\/index.php\/wp-json\/wp\/v2\/types\/post"}],"author":[{"embeddable":true,"href":"https:\/\/lesexplorateurscatalans.fr\/index.php\/wp-json\/wp\/v2\/users\/1"}],"replies":[{"embeddable":true,"href":"https:\/\/lesexplorateurscatalans.fr\/index.php\/wp-json\/wp\/v2\/comments?post=1205"}],"version-history":[{"count":1,"href":"https:\/\/lesexplorateurscatalans.fr\/index.php\/wp-json\/wp\/v2\/posts\/1205\/revisions"}],"predecessor-version":[{"id":1262,"href":"https:\/\/lesexplorateurscatalans.fr\/index.php\/wp-json\/wp\/v2\/posts\/1205\/revisions\/1262"}],"wp:featuredmedia":[{"embeddable":true,"href":"https:\/\/lesexplorateurscatalans.fr\/index.php\/wp-json\/wp\/v2\/media\/1208"}],"wp:attachment":[{"href":"https:\/\/lesexplorateurscatalans.fr\/index.php\/wp-json\/wp\/v2\/media?parent=1205"}],"wp:term":[{"taxonomy":"category","embeddable":true,"href":"https:\/\/lesexplorateurscatalans.fr\/index.php\/wp-json\/wp\/v2\/categories?post=1205"},{"taxonomy":"post_tag","embeddable":true,"href":"https:\/\/lesexplorateurscatalans.fr\/index.php\/wp-json\/wp\/v2\/tags?post=1205"}],"curies":[{"name":"wp","href":"https:\/\/api.w.org\/{rel}","templated":true}]}}