{"id":1275,"date":"2025-12-14T15:00:02","date_gmt":"2025-12-14T14:00:02","guid":{"rendered":"https:\/\/lesexplorateurscatalans.fr\/?p=1275"},"modified":"2025-12-14T15:00:03","modified_gmt":"2025-12-14T14:00:03","slug":"pont-d-avignon","status":"publish","type":"post","link":"https:\/\/lesexplorateurscatalans.fr\/index.php\/2025\/12\/14\/pont-d-avignon\/","title":{"rendered":"Le Pont d\u2019Avignon (Pont Saint-B\u00e9n\u00e9zet) : un monument mythique charg\u00e9 d\u2019histoire"},"content":{"rendered":"\n<p>Impossible de visiter Avignon sans passer par son monument le plus c\u00e9l\u00e8bre : le Pont d\u2019Avignon, officiellement appel\u00e9 Pont Saint-B\u00e9n\u00e9zet.<br>Rendu mondialement c\u00e9l\u00e8bre par la comptine que tout le monde conna\u00eet, ce pont m\u00e9di\u00e9val partiellement conserv\u00e9 est bien plus qu\u2019un simple symbole : c\u2019est un t\u00e9moin fascinant de l\u2019histoire de la ville et du Rh\u00f4ne.<\/p>\n\n\n\n<p>Nous avons pris le temps de le d\u00e9couvrir autrement, au-del\u00e0 de la chanson\u2026 et la visite vaut largement le d\u00e9tour.<\/p>\n\n\n\n<hr class=\"wp-block-separator has-alpha-channel-opacity\"\/>\n\n\n\n<h2 class=\"wp-block-heading\">Une histoire entre l\u00e9gende et r\u00e9alit\u00e9<\/h2>\n\n\n\n<p>La l\u00e9gende raconte que B\u00e9n\u00e9zet, un jeune berger, aurait re\u00e7u une mission divine lui ordonnant de construire un pont pour traverser le Rh\u00f4ne.<br>Contre toute attente, le pont fut \u00e9difi\u00e9 \u00e0 partir du XII\u1d49 si\u00e8cle et devint un axe majeur de circulation entre le nord et le sud.<\/p>\n\n\n\n<p>\u00c0 son apog\u00e9e, le pont comptait 22 arches et mesurait pr\u00e8s de 900 m\u00e8tres. Mais le Rh\u00f4ne, impr\u00e9visible et violent, eut raison de l\u2019ouvrage. Les crues successives d\u00e9truisirent une grande partie du pont, jusqu\u2019\u00e0 ce que son entretien soit abandonn\u00e9 au XVII\u1d49 si\u00e8cle.<\/p>\n\n\n\n<p>Aujourd\u2019hui, seules quatre arches subsistent, faisant tout le charme et la singularit\u00e9 du monument.<\/p>\n\n\n\n<hr class=\"wp-block-separator has-alpha-channel-opacity\"\/>\n\n\n\n<h2 class=\"wp-block-heading\">\ud83e\uddf1Un chef-d\u2019\u0153uvre m\u00e9di\u00e9val sur le Rh\u00f4ne<\/h2>\n\n\n\n<p>Malgr\u00e9 son \u00e9tat partiel, le Pont Saint-B\u00e9n\u00e9zet impressionne par son \u00e9l\u00e9gance et sa position unique sur le fleuve.<br>Construit en pierre, il refl\u00e8te parfaitement l\u2019ing\u00e9niosit\u00e9 m\u00e9di\u00e9vale et les d\u00e9fis techniques li\u00e9s \u00e0 la travers\u00e9e du Rh\u00f4ne.<\/p>\n\n\n\n<p>Sur l\u2019une des piles se trouve la chapelle Saint-Nicolas, d\u00e9di\u00e9e aux mariniers et bateliers, rappelant l\u2019importance du fleuve dans la vie \u00e9conomique et quotidienne de l\u2019\u00e9poque.<\/p>\n\n\n\n<p>La visite permet de comprendre comment le pont \u00e9tait utilis\u00e9, surveill\u00e9 et entretenu, ainsi que son r\u00f4le strat\u00e9gique pour Avignon.<\/p>\n\n\n\n<hr class=\"wp-block-separator has-alpha-channel-opacity\"\/>\n\n\n\n<h2 class=\"wp-block-heading\">Un panorama exceptionnel<\/h2>\n\n\n\n<p>Marcher sur le Pont d\u2019Avignon, c\u2019est aussi profiter d\u2019un point de vue remarquable :<\/p>\n\n\n\n<ul class=\"wp-block-list\">\n<li>sur le Rh\u00f4ne et ses courants puissants,<\/li>\n\n\n\n<li>sur le Palais des Papes, majestueux depuis le fleuve,<\/li>\n\n\n\n<li>sur les remparts d\u2019Avignon,<\/li>\n\n\n\n<li>sur l\u2019\u00eele de la Barthelasse, v\u00e9ritable poumon vert de la ville.<\/li>\n<\/ul>\n\n\n\n<p>\u00c0 toute heure de la journ\u00e9e, la lumi\u00e8re transforme le paysage, mais le coucher de soleil offre un moment particuli\u00e8rement magique.<\/p>\n\n\n\n<hr class=\"wp-block-separator has-alpha-channel-opacity\"\/>\n\n\n\n<h2 class=\"wp-block-heading\">La c\u00e9l\u00e8bre chanson\u2026 et bien plus encore<\/h2>\n\n\n\n<p>\u00ab Sur le pont d\u2019Avignon, l\u2019on y danse\u2026 \u00bb<br>En r\u00e9alit\u00e9, on dansait sous le pont, \u00e0 l\u2019abri du soleil, sur les berges du Rh\u00f4ne.<br>Cette anecdote amusante fait partie des nombreuses histoires racont\u00e9es lors de la visite et ajoute une touche l\u00e9g\u00e8re \u00e0 ce monument charg\u00e9 de si\u00e8cles d\u2019histoire.<\/p>\n\n\n\n<p>Le pont est aujourd\u2019hui inscrit au patrimoine mondial de l\u2019UNESCO et reste l\u2019un des sites les plus photographi\u00e9s de Provence.<\/p>\n\n\n\n<hr class=\"wp-block-separator has-alpha-channel-opacity\"\/>\n\n\n\n<h2 class=\"wp-block-heading\">Une visite accessible \u00e0 tous<\/h2>\n\n\n\n<p>Le Pont d\u2019Avignon est une visite id\u00e9ale :<\/p>\n\n\n\n<ul class=\"wp-block-list\">\n<li>pour les familles, gr\u00e2ce \u00e0 son parcours simple et p\u00e9dagogique,<\/li>\n\n\n\n<li>pour les amateurs d\u2019histoire m\u00e9di\u00e9vale,<\/li>\n\n\n\n<li>pour les amoureux de paysages et de photographie,<\/li>\n\n\n\n<li>pour tous ceux qui souhaitent comprendre l\u2019importance du Rh\u00f4ne dans le d\u00e9veloppement d\u2019Avignon.<\/li>\n<\/ul>\n\n\n\n<p>La visite est courte mais riche, parfaite \u00e0 int\u00e9grer dans une journ\u00e9e de d\u00e9couverte de la ville.<\/p>\n\n\n\n<hr class=\"wp-block-separator has-alpha-channel-opacity\"\/>\n\n\n\n<h2 class=\"wp-block-heading\"> Nos conseils d\u2019Explorateurs<\/h2>\n\n\n\n<ul class=\"wp-block-list\">\n<li>Combinez la visite avec le Palais des Papes, situ\u00e9 \u00e0 quelques pas, pour une immersion compl\u00e8te dans l\u2019histoire d\u2019Avignon.<\/li>\n\n\n\n<li>Privil\u00e9giez une visite en fin de journ\u00e9e pour profiter des lumi\u00e8res sur le Rh\u00f4ne.<\/li>\n\n\n\n<li>Prenez le temps d\u2019observer les d\u00e9tails architecturaux et la chapelle, souvent n\u00e9glig\u00e9s.<\/li>\n\n\n\n<li>Pour les photos, le pont est superbe vu depuis les berges ou l\u2019\u00eele de la Barthelasse.<\/li>\n<\/ul>\n\n\n\n<p>Le Pont d\u2019Avignon est bien plus qu\u2019un monument c\u00e9l\u00e8bre : c\u2019est un <strong>lieu charg\u00e9 de l\u00e9gendes, d\u2019histoire et d\u2019\u00e9motion<\/strong>.<br>Partiellement d\u00e9truit mais toujours debout, il symbolise la relation complexe entre l\u2019homme et le fleuve, et reste l\u2019un des embl\u00e8mes les plus forts de la Provence.<\/p>\n\n\n\n<p>Une visite incontournable, \u00e0 la fois simple, \u00e9mouvante et profond\u00e9ment ancr\u00e9e dans l\u2019identit\u00e9 d\u2019Avignon.<\/p>\n\n\n\n<hr class=\"wp-block-separator has-alpha-channel-opacity\"\/>\n\n\n\n\n\n<hr class=\"wp-block-separator has-alpha-channel-opacity\"\/>\n\n\n\n<figure class=\"wp-block-gallery has-nested-images columns-default is-cropped wp-block-gallery-1 is-layout-flex wp-block-gallery-is-layout-flex\">\n<figure class=\"wp-block-image size-large\"><img loading=\"lazy\" decoding=\"async\" width=\"1024\" height=\"768\" data-id=\"1276\" src=\"https:\/\/lesexplorateurscatalans.fr\/wp-content\/uploads\/2025\/12\/IMG_9566-1024x768.jpeg\" alt=\"\" class=\"wp-image-1276\" srcset=\"https:\/\/lesexplorateurscatalans.fr\/wp-content\/uploads\/2025\/12\/IMG_9566-1024x768.jpeg 1024w, https:\/\/lesexplorateurscatalans.fr\/wp-content\/uploads\/2025\/12\/IMG_9566-300x225.jpeg 300w, https:\/\/lesexplorateurscatalans.fr\/wp-content\/uploads\/2025\/12\/IMG_9566-768x576.jpeg 768w, https:\/\/lesexplorateurscatalans.fr\/wp-content\/uploads\/2025\/12\/IMG_9566-1536x1152.jpeg 1536w, https:\/\/lesexplorateurscatalans.fr\/wp-content\/uploads\/2025\/12\/IMG_9566-560x420.jpeg 560w, https:\/\/lesexplorateurscatalans.fr\/wp-content\/uploads\/2025\/12\/IMG_9566-80x60.jpeg 80w, https:\/\/lesexplorateurscatalans.fr\/wp-content\/uploads\/2025\/12\/IMG_9566-696x522.jpeg 696w, https:\/\/lesexplorateurscatalans.fr\/wp-content\/uploads\/2025\/12\/IMG_9566-1068x801.jpeg 1068w, https:\/\/lesexplorateurscatalans.fr\/wp-content\/uploads\/2025\/12\/IMG_9566-1920x1440.jpeg 1920w, https:\/\/lesexplorateurscatalans.fr\/wp-content\/uploads\/2025\/12\/IMG_9566-265x198.jpeg 265w, https:\/\/lesexplorateurscatalans.fr\/wp-content\/uploads\/2025\/12\/IMG_9566.jpeg 2048w\" sizes=\"auto, (max-width: 1024px) 100vw, 1024px\" \/><\/figure>\n\n\n\n<figure class=\"wp-block-image size-large\"><img loading=\"lazy\" decoding=\"async\" width=\"1024\" height=\"768\" data-id=\"1277\" src=\"https:\/\/lesexplorateurscatalans.fr\/wp-content\/uploads\/2025\/12\/IMG_9567-1024x768.jpeg\" alt=\"\" class=\"wp-image-1277\" srcset=\"https:\/\/lesexplorateurscatalans.fr\/wp-content\/uploads\/2025\/12\/IMG_9567-1024x768.jpeg 1024w, https:\/\/lesexplorateurscatalans.fr\/wp-content\/uploads\/2025\/12\/IMG_9567-300x225.jpeg 300w, https:\/\/lesexplorateurscatalans.fr\/wp-content\/uploads\/2025\/12\/IMG_9567-768x576.jpeg 768w, https:\/\/lesexplorateurscatalans.fr\/wp-content\/uploads\/2025\/12\/IMG_9567-1536x1152.jpeg 1536w, https:\/\/lesexplorateurscatalans.fr\/wp-content\/uploads\/2025\/12\/IMG_9567-560x420.jpeg 560w, https:\/\/lesexplorateurscatalans.fr\/wp-content\/uploads\/2025\/12\/IMG_9567-80x60.jpeg 80w, https:\/\/lesexplorateurscatalans.fr\/wp-content\/uploads\/2025\/12\/IMG_9567-696x522.jpeg 696w, https:\/\/lesexplorateurscatalans.fr\/wp-content\/uploads\/2025\/12\/IMG_9567-1068x801.jpeg 1068w, https:\/\/lesexplorateurscatalans.fr\/wp-content\/uploads\/2025\/12\/IMG_9567-1920x1440.jpeg 1920w, https:\/\/lesexplorateurscatalans.fr\/wp-content\/uploads\/2025\/12\/IMG_9567-265x198.jpeg 265w, https:\/\/lesexplorateurscatalans.fr\/wp-content\/uploads\/2025\/12\/IMG_9567.jpeg 2048w\" sizes=\"auto, (max-width: 1024px) 100vw, 1024px\" \/><\/figure>\n\n\n\n<figure class=\"wp-block-image size-large\"><img loading=\"lazy\" decoding=\"async\" width=\"1024\" height=\"768\" data-id=\"1278\" src=\"https:\/\/lesexplorateurscatalans.fr\/wp-content\/uploads\/2025\/12\/IMG_9548-1024x768.jpeg\" alt=\"\" class=\"wp-image-1278\" srcset=\"https:\/\/lesexplorateurscatalans.fr\/wp-content\/uploads\/2025\/12\/IMG_9548-1024x768.jpeg 1024w, https:\/\/lesexplorateurscatalans.fr\/wp-content\/uploads\/2025\/12\/IMG_9548-300x225.jpeg 300w, https:\/\/lesexplorateurscatalans.fr\/wp-content\/uploads\/2025\/12\/IMG_9548-768x576.jpeg 768w, https:\/\/lesexplorateurscatalans.fr\/wp-content\/uploads\/2025\/12\/IMG_9548-1536x1152.jpeg 1536w, https:\/\/lesexplorateurscatalans.fr\/wp-content\/uploads\/2025\/12\/IMG_9548-560x420.jpeg 560w, https:\/\/lesexplorateurscatalans.fr\/wp-content\/uploads\/2025\/12\/IMG_9548-80x60.jpeg 80w, https:\/\/lesexplorateurscatalans.fr\/wp-content\/uploads\/2025\/12\/IMG_9548-696x522.jpeg 696w, https:\/\/lesexplorateurscatalans.fr\/wp-content\/uploads\/2025\/12\/IMG_9548-1068x801.jpeg 1068w, https:\/\/lesexplorateurscatalans.fr\/wp-content\/uploads\/2025\/12\/IMG_9548-1920x1440.jpeg 1920w, https:\/\/lesexplorateurscatalans.fr\/wp-content\/uploads\/2025\/12\/IMG_9548-265x198.jpeg 265w, https:\/\/lesexplorateurscatalans.fr\/wp-content\/uploads\/2025\/12\/IMG_9548.jpeg 2048w\" sizes=\"auto, (max-width: 1024px) 100vw, 1024px\" \/><\/figure>\n\n\n\n<figure class=\"wp-block-image size-large\"><img loading=\"lazy\" decoding=\"async\" width=\"1024\" height=\"768\" data-id=\"1279\" src=\"https:\/\/lesexplorateurscatalans.fr\/wp-content\/uploads\/2025\/12\/IMG_9549-1024x768.jpeg\" alt=\"\" class=\"wp-image-1279\" srcset=\"https:\/\/lesexplorateurscatalans.fr\/wp-content\/uploads\/2025\/12\/IMG_9549-1024x768.jpeg 1024w, https:\/\/lesexplorateurscatalans.fr\/wp-content\/uploads\/2025\/12\/IMG_9549-300x225.jpeg 300w, https:\/\/lesexplorateurscatalans.fr\/wp-content\/uploads\/2025\/12\/IMG_9549-768x576.jpeg 768w, https:\/\/lesexplorateurscatalans.fr\/wp-content\/uploads\/2025\/12\/IMG_9549-1536x1152.jpeg 1536w, https:\/\/lesexplorateurscatalans.fr\/wp-content\/uploads\/2025\/12\/IMG_9549-560x420.jpeg 560w, https:\/\/lesexplorateurscatalans.fr\/wp-content\/uploads\/2025\/12\/IMG_9549-80x60.jpeg 80w, https:\/\/lesexplorateurscatalans.fr\/wp-content\/uploads\/2025\/12\/IMG_9549-696x522.jpeg 696w, https:\/\/lesexplorateurscatalans.fr\/wp-content\/uploads\/2025\/12\/IMG_9549-1068x801.jpeg 1068w, https:\/\/lesexplorateurscatalans.fr\/wp-content\/uploads\/2025\/12\/IMG_9549-1920x1440.jpeg 1920w, https:\/\/lesexplorateurscatalans.fr\/wp-content\/uploads\/2025\/12\/IMG_9549-265x198.jpeg 265w, https:\/\/lesexplorateurscatalans.fr\/wp-content\/uploads\/2025\/12\/IMG_9549.jpeg 2048w\" sizes=\"auto, (max-width: 1024px) 100vw, 1024px\" \/><\/figure>\n\n\n\n<figure class=\"wp-block-image size-large\"><img loading=\"lazy\" decoding=\"async\" width=\"1024\" height=\"768\" data-id=\"1281\" src=\"https:\/\/lesexplorateurscatalans.fr\/wp-content\/uploads\/2025\/12\/IMG_9551-1024x768.jpeg\" alt=\"\" class=\"wp-image-1281\" srcset=\"https:\/\/lesexplorateurscatalans.fr\/wp-content\/uploads\/2025\/12\/IMG_9551-1024x768.jpeg 1024w, https:\/\/lesexplorateurscatalans.fr\/wp-content\/uploads\/2025\/12\/IMG_9551-300x225.jpeg 300w, https:\/\/lesexplorateurscatalans.fr\/wp-content\/uploads\/2025\/12\/IMG_9551-768x576.jpeg 768w, https:\/\/lesexplorateurscatalans.fr\/wp-content\/uploads\/2025\/12\/IMG_9551-1536x1152.jpeg 1536w, https:\/\/lesexplorateurscatalans.fr\/wp-content\/uploads\/2025\/12\/IMG_9551-560x420.jpeg 560w, https:\/\/lesexplorateurscatalans.fr\/wp-content\/uploads\/2025\/12\/IMG_9551-80x60.jpeg 80w, https:\/\/lesexplorateurscatalans.fr\/wp-content\/uploads\/2025\/12\/IMG_9551-696x522.jpeg 696w, https:\/\/lesexplorateurscatalans.fr\/wp-content\/uploads\/2025\/12\/IMG_9551-1068x801.jpeg 1068w, https:\/\/lesexplorateurscatalans.fr\/wp-content\/uploads\/2025\/12\/IMG_9551-1920x1440.jpeg 1920w, https:\/\/lesexplorateurscatalans.fr\/wp-content\/uploads\/2025\/12\/IMG_9551-265x198.jpeg 265w, https:\/\/lesexplorateurscatalans.fr\/wp-content\/uploads\/2025\/12\/IMG_9551.jpeg 2048w\" sizes=\"auto, (max-width: 1024px) 100vw, 1024px\" \/><\/figure>\n\n\n\n<figure class=\"wp-block-image size-large\"><img loading=\"lazy\" decoding=\"async\" width=\"1024\" height=\"768\" data-id=\"1280\" src=\"https:\/\/lesexplorateurscatalans.fr\/wp-content\/uploads\/2025\/12\/IMG_9558-1024x768.jpeg\" alt=\"\" class=\"wp-image-1280\" srcset=\"https:\/\/lesexplorateurscatalans.fr\/wp-content\/uploads\/2025\/12\/IMG_9558-1024x768.jpeg 1024w, https:\/\/lesexplorateurscatalans.fr\/wp-content\/uploads\/2025\/12\/IMG_9558-300x225.jpeg 300w, https:\/\/lesexplorateurscatalans.fr\/wp-content\/uploads\/2025\/12\/IMG_9558-768x576.jpeg 768w, https:\/\/lesexplorateurscatalans.fr\/wp-content\/uploads\/2025\/12\/IMG_9558-1536x1152.jpeg 1536w, https:\/\/lesexplorateurscatalans.fr\/wp-content\/uploads\/2025\/12\/IMG_9558-560x420.jpeg 560w, https:\/\/lesexplorateurscatalans.fr\/wp-content\/uploads\/2025\/12\/IMG_9558-80x60.jpeg 80w, https:\/\/lesexplorateurscatalans.fr\/wp-content\/uploads\/2025\/12\/IMG_9558-696x522.jpeg 696w, https:\/\/lesexplorateurscatalans.fr\/wp-content\/uploads\/2025\/12\/IMG_9558-1068x801.jpeg 1068w, https:\/\/lesexplorateurscatalans.fr\/wp-content\/uploads\/2025\/12\/IMG_9558-1920x1440.jpeg 1920w, https:\/\/lesexplorateurscatalans.fr\/wp-content\/uploads\/2025\/12\/IMG_9558-265x198.jpeg 265w, https:\/\/lesexplorateurscatalans.fr\/wp-content\/uploads\/2025\/12\/IMG_9558.jpeg 2048w\" sizes=\"auto, (max-width: 1024px) 100vw, 1024px\" \/><\/figure>\n\n\n\n<figure class=\"wp-block-image size-large\"><img loading=\"lazy\" decoding=\"async\" width=\"1024\" height=\"768\" data-id=\"1284\" src=\"https:\/\/lesexplorateurscatalans.fr\/wp-content\/uploads\/2025\/12\/IMG_9568-1024x768.jpeg\" alt=\"\" class=\"wp-image-1284\" srcset=\"https:\/\/lesexplorateurscatalans.fr\/wp-content\/uploads\/2025\/12\/IMG_9568-1024x768.jpeg 1024w, https:\/\/lesexplorateurscatalans.fr\/wp-content\/uploads\/2025\/12\/IMG_9568-300x225.jpeg 300w, https:\/\/lesexplorateurscatalans.fr\/wp-content\/uploads\/2025\/12\/IMG_9568-768x576.jpeg 768w, https:\/\/lesexplorateurscatalans.fr\/wp-content\/uploads\/2025\/12\/IMG_9568-1536x1152.jpeg 1536w, https:\/\/lesexplorateurscatalans.fr\/wp-content\/uploads\/2025\/12\/IMG_9568-560x420.jpeg 560w, https:\/\/lesexplorateurscatalans.fr\/wp-content\/uploads\/2025\/12\/IMG_9568-80x60.jpeg 80w, https:\/\/lesexplorateurscatalans.fr\/wp-content\/uploads\/2025\/12\/IMG_9568-696x522.jpeg 696w, https:\/\/lesexplorateurscatalans.fr\/wp-content\/uploads\/2025\/12\/IMG_9568-1068x801.jpeg 1068w, https:\/\/lesexplorateurscatalans.fr\/wp-content\/uploads\/2025\/12\/IMG_9568-1920x1440.jpeg 1920w, https:\/\/lesexplorateurscatalans.fr\/wp-content\/uploads\/2025\/12\/IMG_9568-265x198.jpeg 265w, https:\/\/lesexplorateurscatalans.fr\/wp-content\/uploads\/2025\/12\/IMG_9568.jpeg 2048w\" sizes=\"auto, (max-width: 1024px) 100vw, 1024px\" \/><\/figure>\n<\/figure>\n","protected":false},"excerpt":{"rendered":"<p>Impossible de visiter Avignon sans passer par son monument le plus c\u00e9l\u00e8bre : le Pont d\u2019Avignon, officiellement appel\u00e9 Pont Saint-B\u00e9n\u00e9zet.Rendu mondialement c\u00e9l\u00e8bre par la comptine que tout le monde conna\u00eet, ce pont m\u00e9di\u00e9val partiellement conserv\u00e9 est bien plus qu\u2019un simple symbole : c\u2019est un t\u00e9moin fascinant de l\u2019histoire de la ville et du Rh\u00f4ne. Nous [&hellip;]<\/p>\n","protected":false},"author":1,"featured_media":1283,"comment_status":"open","ping_status":"open","sticky":false,"template":"","format":"standard","meta":{"tdm_status":"","tdm_grid_status":"","footnotes":""},"categories":[21,16],"tags":[293,259,42,256,303,317,318,295,319,306,291,307],"class_list":{"0":"post-1275","1":"post","2":"type-post","3":"status-publish","4":"format-standard","5":"has-post-thumbnail","7":"category-carnet-de-voyage","8":"category-randonnees","9":"tag-avignon","10":"tag-histoire-medievale","11":"tag-les-explorateurs-catalans","12":"tag-monument-historique","13":"tag-patrimoine-mondial","14":"tag-pont-davignon","15":"tag-pont-saint-benezet","16":"tag-provence","17":"tag-rhone","18":"tag-tourisme-provence","19":"tag-vaucluse","20":"tag-visite-avignon"},"yoast_head":"<!-- This site is optimized with the Yoast SEO plugin v26.5 - https:\/\/yoast.com\/wordpress\/plugins\/seo\/ -->\n<title>Le Pont d\u2019Avignon (Pont Saint-B\u00e9n\u00e9zet) : un monument mythique charg\u00e9 d\u2019histoire - Les Explorateurs Catalans<\/title>\n<meta name=\"description\" content=\"D\u00e9couvrez le Pont d\u2019Avignon, aussi appel\u00e9 Pont Saint-B\u00e9n\u00e9zet : monument embl\u00e9matique de la Provence, charg\u00e9 d\u2019histoire et offrant une vue exceptionnelle sur le Rh\u00f4ne.\" \/>\n<meta name=\"robots\" content=\"index, follow, max-snippet:-1, max-image-preview:large, max-video-preview:-1\" \/>\n<link rel=\"canonical\" href=\"https:\/\/lesexplorateurscatalans.fr\/index.php\/2025\/12\/14\/pont-d-avignon\/\" \/>\n<meta property=\"og:locale\" content=\"fr_FR\" \/>\n<meta property=\"og:type\" content=\"article\" \/>\n<meta property=\"og:title\" content=\"Le Pont d\u2019Avignon (Pont Saint-B\u00e9n\u00e9zet) : un monument mythique charg\u00e9 d\u2019histoire - Les Explorateurs Catalans\" \/>\n<meta property=\"og:description\" content=\"D\u00e9couvrez le Pont d\u2019Avignon, aussi appel\u00e9 Pont Saint-B\u00e9n\u00e9zet : monument embl\u00e9matique de la Provence, charg\u00e9 d\u2019histoire et offrant une vue exceptionnelle sur le Rh\u00f4ne.\" \/>\n<meta property=\"og:url\" content=\"https:\/\/lesexplorateurscatalans.fr\/index.php\/2025\/12\/14\/pont-d-avignon\/\" \/>\n<meta property=\"og:site_name\" content=\"Les Explorateurs Catalans\" \/>\n<meta property=\"article:publisher\" content=\"https:\/\/www.facebook.com\/lesexplorateurscatalans\" \/>\n<meta property=\"article:author\" content=\"https:\/\/www.facebook.com\/lesexplorateurscatalans\" \/>\n<meta property=\"article:published_time\" content=\"2025-12-14T14:00:02+00:00\" \/>\n<meta property=\"article:modified_time\" content=\"2025-12-14T14:00:03+00:00\" \/>\n<meta property=\"og:image\" content=\"https:\/\/lesexplorateurscatalans.fr\/wp-content\/uploads\/2025\/12\/IMG_9560.jpeg\" \/>\n\t<meta property=\"og:image:width\" content=\"2048\" \/>\n\t<meta property=\"og:image:height\" content=\"1536\" \/>\n\t<meta property=\"og:image:type\" content=\"image\/jpeg\" \/>\n<meta name=\"author\" content=\"Les Explorateurs Catalans\" \/>\n<meta name=\"twitter:card\" content=\"summary_large_image\" \/>\n<meta name=\"twitter:label1\" content=\"\u00c9crit par\" \/>\n\t<meta name=\"twitter:data1\" content=\"Les Explorateurs Catalans\" \/>\n\t<meta name=\"twitter:label2\" content=\"Dur\u00e9e de lecture estim\u00e9e\" \/>\n\t<meta name=\"twitter:data2\" content=\"5 minutes\" \/>\n<script type=\"application\/ld+json\" class=\"yoast-schema-graph\">{\"@context\":\"https:\/\/schema.org\",\"@graph\":[{\"@type\":\"Article\",\"@id\":\"https:\/\/lesexplorateurscatalans.fr\/index.php\/2025\/12\/14\/pont-d-avignon\/#article\",\"isPartOf\":{\"@id\":\"https:\/\/lesexplorateurscatalans.fr\/index.php\/2025\/12\/14\/pont-d-avignon\/\"},\"author\":{\"name\":\"Les Explorateurs Catalans\",\"@id\":\"https:\/\/lesexplorateurscatalans.fr\/#\/schema\/person\/0f91d5fd7188c18ca62f2ea37a0f7d02\"},\"headline\":\"Le Pont d\u2019Avignon (Pont Saint-B\u00e9n\u00e9zet) : un monument mythique charg\u00e9 d\u2019histoire\",\"datePublished\":\"2025-12-14T14:00:02+00:00\",\"dateModified\":\"2025-12-14T14:00:03+00:00\",\"mainEntityOfPage\":{\"@id\":\"https:\/\/lesexplorateurscatalans.fr\/index.php\/2025\/12\/14\/pont-d-avignon\/\"},\"wordCount\":729,\"commentCount\":0,\"publisher\":{\"@id\":\"https:\/\/lesexplorateurscatalans.fr\/#organization\"},\"image\":{\"@id\":\"https:\/\/lesexplorateurscatalans.fr\/index.php\/2025\/12\/14\/pont-d-avignon\/#primaryimage\"},\"thumbnailUrl\":\"https:\/\/lesexplorateurscatalans.fr\/wp-content\/uploads\/2025\/12\/IMG_9560.jpeg\",\"keywords\":[\"Avignon\",\"Histoire m\u00e9di\u00e9vale\",\"Les Explorateurs Catalans\",\"Monument historique\",\"patrimoine mondial\",\"Pont d\u2019Avignon\",\"Pont Saint-B\u00e9n\u00e9zet\",\"Provence\",\"Rh\u00f4ne\",\"tourisme Provence\",\"Vaucluse\",\"visite Avignon\"],\"articleSection\":[\"Carnet de voyage\",\"Randonn\u00e9es\"],\"inLanguage\":\"fr-FR\",\"potentialAction\":[{\"@type\":\"CommentAction\",\"name\":\"Comment\",\"target\":[\"https:\/\/lesexplorateurscatalans.fr\/index.php\/2025\/12\/14\/pont-d-avignon\/#respond\"]}]},{\"@type\":\"WebPage\",\"@id\":\"https:\/\/lesexplorateurscatalans.fr\/index.php\/2025\/12\/14\/pont-d-avignon\/\",\"url\":\"https:\/\/lesexplorateurscatalans.fr\/index.php\/2025\/12\/14\/pont-d-avignon\/\",\"name\":\"Le Pont d\u2019Avignon (Pont Saint-B\u00e9n\u00e9zet) : un monument mythique charg\u00e9 d\u2019histoire - Les Explorateurs Catalans\",\"isPartOf\":{\"@id\":\"https:\/\/lesexplorateurscatalans.fr\/#website\"},\"primaryImageOfPage\":{\"@id\":\"https:\/\/lesexplorateurscatalans.fr\/index.php\/2025\/12\/14\/pont-d-avignon\/#primaryimage\"},\"image\":{\"@id\":\"https:\/\/lesexplorateurscatalans.fr\/index.php\/2025\/12\/14\/pont-d-avignon\/#primaryimage\"},\"thumbnailUrl\":\"https:\/\/lesexplorateurscatalans.fr\/wp-content\/uploads\/2025\/12\/IMG_9560.jpeg\",\"datePublished\":\"2025-12-14T14:00:02+00:00\",\"dateModified\":\"2025-12-14T14:00:03+00:00\",\"description\":\"D\u00e9couvrez le Pont d\u2019Avignon, aussi appel\u00e9 Pont Saint-B\u00e9n\u00e9zet : monument embl\u00e9matique de la Provence, charg\u00e9 d\u2019histoire et offrant une vue exceptionnelle sur le Rh\u00f4ne.\",\"breadcrumb\":{\"@id\":\"https:\/\/lesexplorateurscatalans.fr\/index.php\/2025\/12\/14\/pont-d-avignon\/#breadcrumb\"},\"inLanguage\":\"fr-FR\",\"potentialAction\":[{\"@type\":\"ReadAction\",\"target\":[\"https:\/\/lesexplorateurscatalans.fr\/index.php\/2025\/12\/14\/pont-d-avignon\/\"]}]},{\"@type\":\"ImageObject\",\"inLanguage\":\"fr-FR\",\"@id\":\"https:\/\/lesexplorateurscatalans.fr\/index.php\/2025\/12\/14\/pont-d-avignon\/#primaryimage\",\"url\":\"https:\/\/lesexplorateurscatalans.fr\/wp-content\/uploads\/2025\/12\/IMG_9560.jpeg\",\"contentUrl\":\"https:\/\/lesexplorateurscatalans.fr\/wp-content\/uploads\/2025\/12\/IMG_9560.jpeg\",\"width\":2048,\"height\":1536},{\"@type\":\"BreadcrumbList\",\"@id\":\"https:\/\/lesexplorateurscatalans.fr\/index.php\/2025\/12\/14\/pont-d-avignon\/#breadcrumb\",\"itemListElement\":[{\"@type\":\"ListItem\",\"position\":1,\"name\":\"Accueil\",\"item\":\"https:\/\/lesexplorateurscatalans.fr\/\"},{\"@type\":\"ListItem\",\"position\":2,\"name\":\"Le Pont d\u2019Avignon (Pont Saint-B\u00e9n\u00e9zet) : un monument mythique charg\u00e9 d\u2019histoire\"}]},{\"@type\":\"WebSite\",\"@id\":\"https:\/\/lesexplorateurscatalans.fr\/#website\",\"url\":\"https:\/\/lesexplorateurscatalans.fr\/\",\"name\":\"Les Explorateurs Catalans\",\"description\":\"Les Explorateurs Catalans : Votre boussole pour l&#039;aventure.\",\"publisher\":{\"@id\":\"https:\/\/lesexplorateurscatalans.fr\/#organization\"},\"alternateName\":\"LEC\",\"potentialAction\":[{\"@type\":\"SearchAction\",\"target\":{\"@type\":\"EntryPoint\",\"urlTemplate\":\"https:\/\/lesexplorateurscatalans.fr\/?s={search_term_string}\"},\"query-input\":{\"@type\":\"PropertyValueSpecification\",\"valueRequired\":true,\"valueName\":\"search_term_string\"}}],\"inLanguage\":\"fr-FR\"},{\"@type\":\"Organization\",\"@id\":\"https:\/\/lesexplorateurscatalans.fr\/#organization\",\"name\":\"Les Explorateurs Catalans\",\"alternateName\":\"LEC\",\"url\":\"https:\/\/lesexplorateurscatalans.fr\/\",\"logo\":{\"@type\":\"ImageObject\",\"inLanguage\":\"fr-FR\",\"@id\":\"https:\/\/lesexplorateurscatalans.fr\/#\/schema\/logo\/image\/\",\"url\":\"https:\/\/lesexplorateurscatalans.fr\/wp-content\/uploads\/2024\/04\/DALL_E-2024-02-19-13.15-removebg-preview.png\",\"contentUrl\":\"https:\/\/lesexplorateurscatalans.fr\/wp-content\/uploads\/2024\/04\/DALL_E-2024-02-19-13.15-removebg-preview.png\",\"width\":500,\"height\":500,\"caption\":\"Les Explorateurs Catalans\"},\"image\":{\"@id\":\"https:\/\/lesexplorateurscatalans.fr\/#\/schema\/logo\/image\/\"},\"sameAs\":[\"https:\/\/www.facebook.com\/lesexplorateurscatalans\",\"https:\/\/www.relive.cc\/profile\/niko660\"]},{\"@type\":\"Person\",\"@id\":\"https:\/\/lesexplorateurscatalans.fr\/#\/schema\/person\/0f91d5fd7188c18ca62f2ea37a0f7d02\",\"name\":\"Les Explorateurs Catalans\",\"image\":{\"@type\":\"ImageObject\",\"inLanguage\":\"fr-FR\",\"@id\":\"https:\/\/lesexplorateurscatalans.fr\/#\/schema\/person\/image\/\",\"url\":\"https:\/\/secure.gravatar.com\/avatar\/c657c225e0e21288bc03d7987bc3f3fa29636fd30a0946eb26df26acf6876aa1?s=96&d=mm&r=g\",\"contentUrl\":\"https:\/\/secure.gravatar.com\/avatar\/c657c225e0e21288bc03d7987bc3f3fa29636fd30a0946eb26df26acf6876aa1?s=96&d=mm&r=g\",\"caption\":\"Les Explorateurs Catalans\"},\"sameAs\":[\"https:\/\/www.lesexplorateurscatalans.fr\/\",\"https:\/\/www.facebook.com\/lesexplorateurscatalans\"],\"url\":\"https:\/\/lesexplorateurscatalans.fr\/index.php\/author\/admin\/\"}]}<\/script>\n<!-- \/ Yoast SEO plugin. -->","yoast_head_json":{"title":"Le Pont d\u2019Avignon (Pont Saint-B\u00e9n\u00e9zet) : un monument mythique charg\u00e9 d\u2019histoire - Les Explorateurs Catalans","description":"D\u00e9couvrez le Pont d\u2019Avignon, aussi appel\u00e9 Pont Saint-B\u00e9n\u00e9zet : monument embl\u00e9matique de la Provence, charg\u00e9 d\u2019histoire et offrant une vue exceptionnelle sur le Rh\u00f4ne.","robots":{"index":"index","follow":"follow","max-snippet":"max-snippet:-1","max-image-preview":"max-image-preview:large","max-video-preview":"max-video-preview:-1"},"canonical":"https:\/\/lesexplorateurscatalans.fr\/index.php\/2025\/12\/14\/pont-d-avignon\/","og_locale":"fr_FR","og_type":"article","og_title":"Le Pont d\u2019Avignon (Pont Saint-B\u00e9n\u00e9zet) : un monument mythique charg\u00e9 d\u2019histoire - Les Explorateurs Catalans","og_description":"D\u00e9couvrez le Pont d\u2019Avignon, aussi appel\u00e9 Pont Saint-B\u00e9n\u00e9zet : monument embl\u00e9matique de la Provence, charg\u00e9 d\u2019histoire et offrant une vue exceptionnelle sur le Rh\u00f4ne.","og_url":"https:\/\/lesexplorateurscatalans.fr\/index.php\/2025\/12\/14\/pont-d-avignon\/","og_site_name":"Les Explorateurs Catalans","article_publisher":"https:\/\/www.facebook.com\/lesexplorateurscatalans","article_author":"https:\/\/www.facebook.com\/lesexplorateurscatalans","article_published_time":"2025-12-14T14:00:02+00:00","article_modified_time":"2025-12-14T14:00:03+00:00","og_image":[{"width":2048,"height":1536,"url":"https:\/\/lesexplorateurscatalans.fr\/wp-content\/uploads\/2025\/12\/IMG_9560.jpeg","type":"image\/jpeg"}],"author":"Les Explorateurs Catalans","twitter_card":"summary_large_image","twitter_misc":{"\u00c9crit par":"Les Explorateurs Catalans","Dur\u00e9e de lecture estim\u00e9e":"5 minutes"},"schema":{"@context":"https:\/\/schema.org","@graph":[{"@type":"Article","@id":"https:\/\/lesexplorateurscatalans.fr\/index.php\/2025\/12\/14\/pont-d-avignon\/#article","isPartOf":{"@id":"https:\/\/lesexplorateurscatalans.fr\/index.php\/2025\/12\/14\/pont-d-avignon\/"},"author":{"name":"Les Explorateurs Catalans","@id":"https:\/\/lesexplorateurscatalans.fr\/#\/schema\/person\/0f91d5fd7188c18ca62f2ea37a0f7d02"},"headline":"Le Pont d\u2019Avignon (Pont Saint-B\u00e9n\u00e9zet) : un monument mythique charg\u00e9 d\u2019histoire","datePublished":"2025-12-14T14:00:02+00:00","dateModified":"2025-12-14T14:00:03+00:00","mainEntityOfPage":{"@id":"https:\/\/lesexplorateurscatalans.fr\/index.php\/2025\/12\/14\/pont-d-avignon\/"},"wordCount":729,"commentCount":0,"publisher":{"@id":"https:\/\/lesexplorateurscatalans.fr\/#organization"},"image":{"@id":"https:\/\/lesexplorateurscatalans.fr\/index.php\/2025\/12\/14\/pont-d-avignon\/#primaryimage"},"thumbnailUrl":"https:\/\/lesexplorateurscatalans.fr\/wp-content\/uploads\/2025\/12\/IMG_9560.jpeg","keywords":["Avignon","Histoire m\u00e9di\u00e9vale","Les Explorateurs Catalans","Monument historique","patrimoine mondial","Pont d\u2019Avignon","Pont Saint-B\u00e9n\u00e9zet","Provence","Rh\u00f4ne","tourisme Provence","Vaucluse","visite Avignon"],"articleSection":["Carnet de voyage","Randonn\u00e9es"],"inLanguage":"fr-FR","potentialAction":[{"@type":"CommentAction","name":"Comment","target":["https:\/\/lesexplorateurscatalans.fr\/index.php\/2025\/12\/14\/pont-d-avignon\/#respond"]}]},{"@type":"WebPage","@id":"https:\/\/lesexplorateurscatalans.fr\/index.php\/2025\/12\/14\/pont-d-avignon\/","url":"https:\/\/lesexplorateurscatalans.fr\/index.php\/2025\/12\/14\/pont-d-avignon\/","name":"Le Pont d\u2019Avignon (Pont Saint-B\u00e9n\u00e9zet) : un monument mythique charg\u00e9 d\u2019histoire - Les Explorateurs Catalans","isPartOf":{"@id":"https:\/\/lesexplorateurscatalans.fr\/#website"},"primaryImageOfPage":{"@id":"https:\/\/lesexplorateurscatalans.fr\/index.php\/2025\/12\/14\/pont-d-avignon\/#primaryimage"},"image":{"@id":"https:\/\/lesexplorateurscatalans.fr\/index.php\/2025\/12\/14\/pont-d-avignon\/#primaryimage"},"thumbnailUrl":"https:\/\/lesexplorateurscatalans.fr\/wp-content\/uploads\/2025\/12\/IMG_9560.jpeg","datePublished":"2025-12-14T14:00:02+00:00","dateModified":"2025-12-14T14:00:03+00:00","description":"D\u00e9couvrez le Pont d\u2019Avignon, aussi appel\u00e9 Pont Saint-B\u00e9n\u00e9zet : monument embl\u00e9matique de la Provence, charg\u00e9 d\u2019histoire et offrant une vue exceptionnelle sur le Rh\u00f4ne.","breadcrumb":{"@id":"https:\/\/lesexplorateurscatalans.fr\/index.php\/2025\/12\/14\/pont-d-avignon\/#breadcrumb"},"inLanguage":"fr-FR","potentialAction":[{"@type":"ReadAction","target":["https:\/\/lesexplorateurscatalans.fr\/index.php\/2025\/12\/14\/pont-d-avignon\/"]}]},{"@type":"ImageObject","inLanguage":"fr-FR","@id":"https:\/\/lesexplorateurscatalans.fr\/index.php\/2025\/12\/14\/pont-d-avignon\/#primaryimage","url":"https:\/\/lesexplorateurscatalans.fr\/wp-content\/uploads\/2025\/12\/IMG_9560.jpeg","contentUrl":"https:\/\/lesexplorateurscatalans.fr\/wp-content\/uploads\/2025\/12\/IMG_9560.jpeg","width":2048,"height":1536},{"@type":"BreadcrumbList","@id":"https:\/\/lesexplorateurscatalans.fr\/index.php\/2025\/12\/14\/pont-d-avignon\/#breadcrumb","itemListElement":[{"@type":"ListItem","position":1,"name":"Accueil","item":"https:\/\/lesexplorateurscatalans.fr\/"},{"@type":"ListItem","position":2,"name":"Le Pont d\u2019Avignon (Pont Saint-B\u00e9n\u00e9zet) : un monument mythique charg\u00e9 d\u2019histoire"}]},{"@type":"WebSite","@id":"https:\/\/lesexplorateurscatalans.fr\/#website","url":"https:\/\/lesexplorateurscatalans.fr\/","name":"Les Explorateurs Catalans","description":"Les Explorateurs Catalans : Votre boussole pour l&#039;aventure.","publisher":{"@id":"https:\/\/lesexplorateurscatalans.fr\/#organization"},"alternateName":"LEC","potentialAction":[{"@type":"SearchAction","target":{"@type":"EntryPoint","urlTemplate":"https:\/\/lesexplorateurscatalans.fr\/?s={search_term_string}"},"query-input":{"@type":"PropertyValueSpecification","valueRequired":true,"valueName":"search_term_string"}}],"inLanguage":"fr-FR"},{"@type":"Organization","@id":"https:\/\/lesexplorateurscatalans.fr\/#organization","name":"Les Explorateurs Catalans","alternateName":"LEC","url":"https:\/\/lesexplorateurscatalans.fr\/","logo":{"@type":"ImageObject","inLanguage":"fr-FR","@id":"https:\/\/lesexplorateurscatalans.fr\/#\/schema\/logo\/image\/","url":"https:\/\/lesexplorateurscatalans.fr\/wp-content\/uploads\/2024\/04\/DALL_E-2024-02-19-13.15-removebg-preview.png","contentUrl":"https:\/\/lesexplorateurscatalans.fr\/wp-content\/uploads\/2024\/04\/DALL_E-2024-02-19-13.15-removebg-preview.png","width":500,"height":500,"caption":"Les Explorateurs Catalans"},"image":{"@id":"https:\/\/lesexplorateurscatalans.fr\/#\/schema\/logo\/image\/"},"sameAs":["https:\/\/www.facebook.com\/lesexplorateurscatalans","https:\/\/www.relive.cc\/profile\/niko660"]},{"@type":"Person","@id":"https:\/\/lesexplorateurscatalans.fr\/#\/schema\/person\/0f91d5fd7188c18ca62f2ea37a0f7d02","name":"Les Explorateurs Catalans","image":{"@type":"ImageObject","inLanguage":"fr-FR","@id":"https:\/\/lesexplorateurscatalans.fr\/#\/schema\/person\/image\/","url":"https:\/\/secure.gravatar.com\/avatar\/c657c225e0e21288bc03d7987bc3f3fa29636fd30a0946eb26df26acf6876aa1?s=96&d=mm&r=g","contentUrl":"https:\/\/secure.gravatar.com\/avatar\/c657c225e0e21288bc03d7987bc3f3fa29636fd30a0946eb26df26acf6876aa1?s=96&d=mm&r=g","caption":"Les Explorateurs Catalans"},"sameAs":["https:\/\/www.lesexplorateurscatalans.fr\/","https:\/\/www.facebook.com\/lesexplorateurscatalans"],"url":"https:\/\/lesexplorateurscatalans.fr\/index.php\/author\/admin\/"}]}},"amp_enabled":true,"_links":{"self":[{"href":"https:\/\/lesexplorateurscatalans.fr\/index.php\/wp-json\/wp\/v2\/posts\/1275","targetHints":{"allow":["GET"]}}],"collection":[{"href":"https:\/\/lesexplorateurscatalans.fr\/index.php\/wp-json\/wp\/v2\/posts"}],"about":[{"href":"https:\/\/lesexplorateurscatalans.fr\/index.php\/wp-json\/wp\/v2\/types\/post"}],"author":[{"embeddable":true,"href":"https:\/\/lesexplorateurscatalans.fr\/index.php\/wp-json\/wp\/v2\/users\/1"}],"replies":[{"embeddable":true,"href":"https:\/\/lesexplorateurscatalans.fr\/index.php\/wp-json\/wp\/v2\/comments?post=1275"}],"version-history":[{"count":1,"href":"https:\/\/lesexplorateurscatalans.fr\/index.php\/wp-json\/wp\/v2\/posts\/1275\/revisions"}],"predecessor-version":[{"id":1285,"href":"https:\/\/lesexplorateurscatalans.fr\/index.php\/wp-json\/wp\/v2\/posts\/1275\/revisions\/1285"}],"wp:featuredmedia":[{"embeddable":true,"href":"https:\/\/lesexplorateurscatalans.fr\/index.php\/wp-json\/wp\/v2\/media\/1283"}],"wp:attachment":[{"href":"https:\/\/lesexplorateurscatalans.fr\/index.php\/wp-json\/wp\/v2\/media?parent=1275"}],"wp:term":[{"taxonomy":"category","embeddable":true,"href":"https:\/\/lesexplorateurscatalans.fr\/index.php\/wp-json\/wp\/v2\/categories?post=1275"},{"taxonomy":"post_tag","embeddable":true,"href":"https:\/\/lesexplorateurscatalans.fr\/index.php\/wp-json\/wp\/v2\/tags?post=1275"}],"curies":[{"name":"wp","href":"https:\/\/api.w.org\/{rel}","templated":true}]}}