{"id":1293,"date":"2025-12-14T15:11:34","date_gmt":"2025-12-14T14:11:34","guid":{"rendered":"https:\/\/lesexplorateurscatalans.fr\/?p=1293"},"modified":"2025-12-14T15:11:35","modified_gmt":"2025-12-14T14:11:35","slug":"musee-du-petit-palais-avignon","status":"publish","type":"post","link":"https:\/\/lesexplorateurscatalans.fr\/index.php\/2025\/12\/14\/musee-du-petit-palais-avignon\/","title":{"rendered":"Le Mus\u00e9e du Petit Palais \u00e0 Avignon : un tr\u00e9sor de l\u2019art m\u00e9di\u00e9val et de la Renaissance"},"content":{"rendered":"\n<p>Situ\u00e9 juste en face du Palais des Papes, le Mus\u00e9e du Petit Palais est l\u2019un des lieux culturels les plus raffin\u00e9s et pourtant souvent m\u00e9connus d\u2019Avignon. Install\u00e9 dans un ancien palais cardinalice, il abrite une collection exceptionnelle de peintures m\u00e9di\u00e9vales et de la premi\u00e8re Renaissance, offrant une visite \u00e0 la fois intime, \u00e9l\u00e9gante et profond\u00e9ment enrichissante.<\/p>\n\n\n\n<p>Aux <em>Explorateurs Catalans<\/em>, ce mus\u00e9e a \u00e9t\u00e9 un v\u00e9ritable coup de c\u0153ur pour son calme, la qualit\u00e9 de ses \u0153uvres et son atmosph\u00e8re hors du temps.<\/p>\n\n\n\n<hr class=\"wp-block-separator has-alpha-channel-opacity\"\/>\n\n\n\n<h2 class=\"wp-block-heading\">Un palais charg\u00e9 d\u2019histoire<\/h2>\n\n\n\n<p>Le b\u00e2timent du Petit Palais fut construit au XIV\u1d49 si\u00e8cle pour accueillir les archev\u00eaques d\u2019Avignon.<br>Son architecture sobre mais \u00e9l\u00e9gante t\u00e9moigne du prestige religieux et politique de la ville \u00e0 l\u2019\u00e9poque o\u00f9 elle \u00e9tait le si\u00e8ge de la papaut\u00e9.<\/p>\n\n\n\n<p>En franchissant ses portes, on p\u00e9n\u00e8tre dans un lieu charg\u00e9 d\u2019histoire, o\u00f9 la pierre ancienne, les cours int\u00e9rieures et les salles vo\u00fbt\u00e9es cr\u00e9ent un cadre id\u00e9al pour mettre en valeur les \u0153uvres expos\u00e9es.<\/p>\n\n\n\n<hr class=\"wp-block-separator has-alpha-channel-opacity\"\/>\n\n\n\n<h2 class=\"wp-block-heading\">Une collection exceptionnelle de peintures italiennes et proven\u00e7ales<\/h2>\n\n\n\n<p>Le Mus\u00e9e du Petit Palais est particuli\u00e8rement r\u00e9put\u00e9 pour sa collection unique de peintures italiennes des XIII\u1d49 au XVI\u1d49 si\u00e8cles, l\u2019une des plus importantes en Europe pour cette p\u00e9riode.<\/p>\n\n\n\n<p>On y d\u00e9couvre notamment :<\/p>\n\n\n\n<ul class=\"wp-block-list\">\n<li>des \u0153uvres majeures de la peinture primitive italienne,<\/li>\n\n\n\n<li>des tableaux de la premi\u00e8re Renaissance,<\/li>\n\n\n\n<li>des retables, panneaux peints et \u0153uvres religieuses d\u2019une grande finesse,<\/li>\n\n\n\n<li>une remarquable collection de peintures et sculptures m\u00e9di\u00e9vales de Provence.<\/li>\n<\/ul>\n\n\n\n<p>Les amateurs d\u2019art appr\u00e9cieront la richesse des d\u00e9tails, la finesse des visages, l\u2019\u00e9volution des techniques picturales et l\u2019\u00e9mergence de la perspective.<\/p>\n\n\n\n<hr class=\"wp-block-separator has-alpha-channel-opacity\"\/>\n\n\n\n<h2 class=\"wp-block-heading\"> Une visite paisible et contemplative<\/h2>\n\n\n\n<p>Contrairement \u00e0 d\u2019autres sites tr\u00e8s fr\u00e9quent\u00e9s d\u2019Avignon, le Mus\u00e9e du Petit Palais offre une ambiance calme et feutr\u00e9e, propice \u00e0 la contemplation.<\/p>\n\n\n\n<p>La sc\u00e9nographie claire et \u00e9l\u00e9gante permet de prendre le temps d\u2019observer chaque \u0153uvre, de comprendre les \u00e9volutions artistiques et de savourer la beaut\u00e9 des tableaux sans pr\u00e9cipitation.<\/p>\n\n\n\n<p>C\u2019est un mus\u00e9e qui se visite lentement, presque en silence, et qui invite \u00e0 la r\u00e9flexion autant qu\u2019\u00e0 l\u2019\u00e9merveillement.<\/p>\n\n\n\n<hr class=\"wp-block-separator has-alpha-channel-opacity\"\/>\n\n\n\n<h2 class=\"wp-block-heading\"> Une d\u00e9couverte accessible \u00e0 tous<\/h2>\n\n\n\n<p>M\u00eame sans \u00eatre sp\u00e9cialiste d\u2019histoire de l\u2019art, la visite reste tr\u00e8s agr\u00e9able :<\/p>\n\n\n\n<ul class=\"wp-block-list\">\n<li>les \u0153uvres sont bien expliqu\u00e9es,<\/li>\n\n\n\n<li>les salles sont a\u00e9r\u00e9es et lumineuses,<\/li>\n\n\n\n<li>le parcours est fluide et logique,<\/li>\n\n\n\n<li>la proximit\u00e9 avec le Palais des Papes permet d\u2019inscrire le mus\u00e9e dans une d\u00e9couverte globale du centre historique.<\/li>\n<\/ul>\n\n\n\n<p>Les enfants plus grands et les adolescents sensibles \u00e0 l\u2019art y trouveront \u00e9galement un r\u00e9el int\u00e9r\u00eat.<\/p>\n\n\n\n<hr class=\"wp-block-separator has-alpha-channel-opacity\"\/>\n\n\n\n<h2 class=\"wp-block-heading\">Nos conseils d\u2019Explorateurs<\/h2>\n\n\n\n<ul class=\"wp-block-list\">\n<li>Id\u00e9al \u00e0 visiter apr\u00e8s le Palais des Papes pour prolonger l\u2019immersion historique.<\/li>\n\n\n\n<li>Prenez le temps d\u2019observer les d\u00e9tails des \u0153uvres, souvent riches en symboles.<\/li>\n\n\n\n<li>Profitez de la cour int\u00e9rieure pour faire une pause entre deux salles.<\/li>\n\n\n\n<li>Pr\u00e9voyez environ 1h \u00e0 1h30 pour une visite compl\u00e8te et agr\u00e9able.<\/li>\n<\/ul>\n\n\n\n<hr class=\"wp-block-separator has-alpha-channel-opacity\"\/>\n\n\n\n<h2 class=\"wp-block-heading\">\u2728 En conclusion<\/h2>\n\n\n\n<p>Le Mus\u00e9e du Petit Palais est un v\u00e9ritable joyau culturel, discret mais remarquable.<br>Il offre une plong\u00e9e fascinante dans l\u2019art m\u00e9di\u00e9val et les d\u00e9buts de la Renaissance, dans un cadre historique d\u2019exception.<\/p>\n\n\n\n<p>Pour les amateurs d\u2019art, les passionn\u00e9s d\u2019histoire ou les visiteurs en qu\u00eate de calme et de beaut\u00e9, ce mus\u00e9e est une \u00e9tape incontournable lors d\u2019un s\u00e9jour \u00e0 Avignon \u2014 un lieu qui enrichit la d\u00e9couverte de la cit\u00e9 des papes avec \u00e9l\u00e9gance et profondeur.<\/p>\n\n\n\n<hr class=\"wp-block-separator has-alpha-channel-opacity\"\/>\n\n\n\n\n\n<hr class=\"wp-block-separator has-alpha-channel-opacity\"\/>\n\n\n\n<figure class=\"wp-block-gallery has-nested-images columns-default is-cropped wp-block-gallery-1 is-layout-flex wp-block-gallery-is-layout-flex\">\n<figure class=\"wp-block-image size-large\"><img loading=\"lazy\" decoding=\"async\" width=\"768\" height=\"1024\" data-id=\"1294\" src=\"https:\/\/lesexplorateurscatalans.fr\/wp-content\/uploads\/2025\/12\/IMG_9575-768x1024.jpeg\" alt=\"\" class=\"wp-image-1294\" srcset=\"https:\/\/lesexplorateurscatalans.fr\/wp-content\/uploads\/2025\/12\/IMG_9575-768x1024.jpeg 768w, https:\/\/lesexplorateurscatalans.fr\/wp-content\/uploads\/2025\/12\/IMG_9575-225x300.jpeg 225w, https:\/\/lesexplorateurscatalans.fr\/wp-content\/uploads\/2025\/12\/IMG_9575-1152x1536.jpeg 1152w, https:\/\/lesexplorateurscatalans.fr\/wp-content\/uploads\/2025\/12\/IMG_9575-315x420.jpeg 315w, https:\/\/lesexplorateurscatalans.fr\/wp-content\/uploads\/2025\/12\/IMG_9575-696x928.jpeg 696w, https:\/\/lesexplorateurscatalans.fr\/wp-content\/uploads\/2025\/12\/IMG_9575-1068x1424.jpeg 1068w, https:\/\/lesexplorateurscatalans.fr\/wp-content\/uploads\/2025\/12\/IMG_9575.jpeg 1536w\" sizes=\"auto, (max-width: 768px) 100vw, 768px\" \/><\/figure>\n\n\n\n<figure class=\"wp-block-image size-large\"><img loading=\"lazy\" decoding=\"async\" width=\"1024\" height=\"768\" data-id=\"1295\" src=\"https:\/\/lesexplorateurscatalans.fr\/wp-content\/uploads\/2025\/12\/IMG_9576-1024x768.jpeg\" alt=\"\" class=\"wp-image-1295\" srcset=\"https:\/\/lesexplorateurscatalans.fr\/wp-content\/uploads\/2025\/12\/IMG_9576-1024x768.jpeg 1024w, https:\/\/lesexplorateurscatalans.fr\/wp-content\/uploads\/2025\/12\/IMG_9576-300x225.jpeg 300w, https:\/\/lesexplorateurscatalans.fr\/wp-content\/uploads\/2025\/12\/IMG_9576-768x576.jpeg 768w, https:\/\/lesexplorateurscatalans.fr\/wp-content\/uploads\/2025\/12\/IMG_9576-1536x1152.jpeg 1536w, https:\/\/lesexplorateurscatalans.fr\/wp-content\/uploads\/2025\/12\/IMG_9576-560x420.jpeg 560w, https:\/\/lesexplorateurscatalans.fr\/wp-content\/uploads\/2025\/12\/IMG_9576-80x60.jpeg 80w, https:\/\/lesexplorateurscatalans.fr\/wp-content\/uploads\/2025\/12\/IMG_9576-696x522.jpeg 696w, https:\/\/lesexplorateurscatalans.fr\/wp-content\/uploads\/2025\/12\/IMG_9576-1068x801.jpeg 1068w, https:\/\/lesexplorateurscatalans.fr\/wp-content\/uploads\/2025\/12\/IMG_9576-1920x1440.jpeg 1920w, https:\/\/lesexplorateurscatalans.fr\/wp-content\/uploads\/2025\/12\/IMG_9576-265x198.jpeg 265w, https:\/\/lesexplorateurscatalans.fr\/wp-content\/uploads\/2025\/12\/IMG_9576.jpeg 2048w\" sizes=\"auto, (max-width: 1024px) 100vw, 1024px\" \/><\/figure>\n\n\n\n<figure class=\"wp-block-image size-large\"><img loading=\"lazy\" decoding=\"async\" width=\"1024\" height=\"768\" data-id=\"1296\" src=\"https:\/\/lesexplorateurscatalans.fr\/wp-content\/uploads\/2025\/12\/IMG_9577-1024x768.jpeg\" alt=\"\" class=\"wp-image-1296\" srcset=\"https:\/\/lesexplorateurscatalans.fr\/wp-content\/uploads\/2025\/12\/IMG_9577-1024x768.jpeg 1024w, https:\/\/lesexplorateurscatalans.fr\/wp-content\/uploads\/2025\/12\/IMG_9577-300x225.jpeg 300w, https:\/\/lesexplorateurscatalans.fr\/wp-content\/uploads\/2025\/12\/IMG_9577-768x576.jpeg 768w, https:\/\/lesexplorateurscatalans.fr\/wp-content\/uploads\/2025\/12\/IMG_9577-1536x1152.jpeg 1536w, https:\/\/lesexplorateurscatalans.fr\/wp-content\/uploads\/2025\/12\/IMG_9577-560x420.jpeg 560w, https:\/\/lesexplorateurscatalans.fr\/wp-content\/uploads\/2025\/12\/IMG_9577-80x60.jpeg 80w, https:\/\/lesexplorateurscatalans.fr\/wp-content\/uploads\/2025\/12\/IMG_9577-696x522.jpeg 696w, https:\/\/lesexplorateurscatalans.fr\/wp-content\/uploads\/2025\/12\/IMG_9577-1068x801.jpeg 1068w, https:\/\/lesexplorateurscatalans.fr\/wp-content\/uploads\/2025\/12\/IMG_9577-1920x1440.jpeg 1920w, https:\/\/lesexplorateurscatalans.fr\/wp-content\/uploads\/2025\/12\/IMG_9577-265x198.jpeg 265w, https:\/\/lesexplorateurscatalans.fr\/wp-content\/uploads\/2025\/12\/IMG_9577.jpeg 2048w\" sizes=\"auto, (max-width: 1024px) 100vw, 1024px\" \/><\/figure>\n\n\n\n<figure class=\"wp-block-image size-large\"><img loading=\"lazy\" decoding=\"async\" width=\"1024\" height=\"768\" data-id=\"1297\" src=\"https:\/\/lesexplorateurscatalans.fr\/wp-content\/uploads\/2025\/12\/IMG_9578-1024x768.jpeg\" alt=\"\" class=\"wp-image-1297\" srcset=\"https:\/\/lesexplorateurscatalans.fr\/wp-content\/uploads\/2025\/12\/IMG_9578-1024x768.jpeg 1024w, https:\/\/lesexplorateurscatalans.fr\/wp-content\/uploads\/2025\/12\/IMG_9578-300x225.jpeg 300w, https:\/\/lesexplorateurscatalans.fr\/wp-content\/uploads\/2025\/12\/IMG_9578-768x576.jpeg 768w, https:\/\/lesexplorateurscatalans.fr\/wp-content\/uploads\/2025\/12\/IMG_9578-1536x1152.jpeg 1536w, https:\/\/lesexplorateurscatalans.fr\/wp-content\/uploads\/2025\/12\/IMG_9578-560x420.jpeg 560w, https:\/\/lesexplorateurscatalans.fr\/wp-content\/uploads\/2025\/12\/IMG_9578-80x60.jpeg 80w, https:\/\/lesexplorateurscatalans.fr\/wp-content\/uploads\/2025\/12\/IMG_9578-696x522.jpeg 696w, https:\/\/lesexplorateurscatalans.fr\/wp-content\/uploads\/2025\/12\/IMG_9578-1068x801.jpeg 1068w, https:\/\/lesexplorateurscatalans.fr\/wp-content\/uploads\/2025\/12\/IMG_9578-1920x1440.jpeg 1920w, https:\/\/lesexplorateurscatalans.fr\/wp-content\/uploads\/2025\/12\/IMG_9578-265x198.jpeg 265w, https:\/\/lesexplorateurscatalans.fr\/wp-content\/uploads\/2025\/12\/IMG_9578.jpeg 2048w\" sizes=\"auto, (max-width: 1024px) 100vw, 1024px\" \/><\/figure>\n<\/figure>\n","protected":false},"excerpt":{"rendered":"<p>Situ\u00e9 juste en face du Palais des Papes, le Mus\u00e9e du Petit Palais est l\u2019un des lieux culturels les plus raffin\u00e9s et pourtant souvent m\u00e9connus d\u2019Avignon. Install\u00e9 dans un ancien palais cardinalice, il abrite une collection exceptionnelle de peintures m\u00e9di\u00e9vales et de la premi\u00e8re Renaissance, offrant une visite \u00e0 la fois intime, \u00e9l\u00e9gante et profond\u00e9ment [&hellip;]<\/p>\n","protected":false},"author":1,"featured_media":1297,"comment_status":"open","ping_status":"open","sticky":false,"template":"","format":"standard","meta":{"tdm_status":"","tdm_grid_status":"","footnotes":""},"categories":[21,16],"tags":[328,293,313,331,42,330,326,323,327,329,291,307],"class_list":{"0":"post-1293","1":"post","2":"type-post","3":"status-publish","4":"format-standard","5":"has-post-thumbnail","7":"category-carnet-de-voyage","8":"category-randonnees","9":"tag-art-medieval","10":"tag-avignon","11":"tag-culture-provence","12":"tag-histoire-de-lart","13":"tag-les-explorateurs-catalans","14":"tag-musee-avignon","15":"tag-musee-du-petit-palais","16":"tag-patrimoine-avignon","17":"tag-peinture-italienne","18":"tag-renaissance","19":"tag-vaucluse","20":"tag-visite-avignon"},"yoast_head":"<!-- This site is optimized with the Yoast SEO plugin v26.5 - https:\/\/yoast.com\/wordpress\/plugins\/seo\/ -->\n<title>Le Mus\u00e9e du Petit Palais \u00e0 Avignon : un tr\u00e9sor de l\u2019art m\u00e9di\u00e9val et de la Renaissance - Les Explorateurs Catalans<\/title>\n<meta name=\"description\" content=\"D\u00e9couvrez le Mus\u00e9e du Petit Palais \u00e0 Avignon : un joyau de l\u2019art m\u00e9di\u00e9val et de la Renaissance dans un cadre historique exceptionnel face au Palais des Papes.\" \/>\n<meta name=\"robots\" content=\"index, follow, max-snippet:-1, max-image-preview:large, max-video-preview:-1\" \/>\n<link rel=\"canonical\" href=\"https:\/\/lesexplorateurscatalans.fr\/index.php\/2025\/12\/14\/musee-du-petit-palais-avignon\/\" \/>\n<meta property=\"og:locale\" content=\"fr_FR\" \/>\n<meta property=\"og:type\" content=\"article\" \/>\n<meta property=\"og:title\" content=\"Le Mus\u00e9e du Petit Palais \u00e0 Avignon : un tr\u00e9sor de l\u2019art m\u00e9di\u00e9val et de la Renaissance - Les Explorateurs Catalans\" \/>\n<meta property=\"og:description\" content=\"D\u00e9couvrez le Mus\u00e9e du Petit Palais \u00e0 Avignon : un joyau de l\u2019art m\u00e9di\u00e9val et de la Renaissance dans un cadre historique exceptionnel face au Palais des Papes.\" \/>\n<meta property=\"og:url\" content=\"https:\/\/lesexplorateurscatalans.fr\/index.php\/2025\/12\/14\/musee-du-petit-palais-avignon\/\" \/>\n<meta property=\"og:site_name\" content=\"Les Explorateurs Catalans\" \/>\n<meta property=\"article:publisher\" content=\"https:\/\/www.facebook.com\/lesexplorateurscatalans\" \/>\n<meta property=\"article:author\" content=\"https:\/\/www.facebook.com\/lesexplorateurscatalans\" \/>\n<meta property=\"article:published_time\" content=\"2025-12-14T14:11:34+00:00\" \/>\n<meta property=\"article:modified_time\" content=\"2025-12-14T14:11:35+00:00\" \/>\n<meta property=\"og:image\" content=\"https:\/\/lesexplorateurscatalans.fr\/wp-content\/uploads\/2025\/12\/IMG_9578.jpeg\" \/>\n\t<meta property=\"og:image:width\" content=\"2048\" \/>\n\t<meta property=\"og:image:height\" content=\"1536\" \/>\n\t<meta property=\"og:image:type\" content=\"image\/jpeg\" \/>\n<meta name=\"author\" content=\"Les Explorateurs Catalans\" \/>\n<meta name=\"twitter:card\" content=\"summary_large_image\" \/>\n<meta name=\"twitter:label1\" content=\"\u00c9crit par\" \/>\n\t<meta name=\"twitter:data1\" content=\"Les Explorateurs Catalans\" \/>\n\t<meta name=\"twitter:label2\" content=\"Dur\u00e9e de lecture estim\u00e9e\" \/>\n\t<meta name=\"twitter:data2\" content=\"4 minutes\" \/>\n<script type=\"application\/ld+json\" class=\"yoast-schema-graph\">{\"@context\":\"https:\/\/schema.org\",\"@graph\":[{\"@type\":\"Article\",\"@id\":\"https:\/\/lesexplorateurscatalans.fr\/index.php\/2025\/12\/14\/musee-du-petit-palais-avignon\/#article\",\"isPartOf\":{\"@id\":\"https:\/\/lesexplorateurscatalans.fr\/index.php\/2025\/12\/14\/musee-du-petit-palais-avignon\/\"},\"author\":{\"name\":\"Les Explorateurs Catalans\",\"@id\":\"https:\/\/lesexplorateurscatalans.fr\/#\/schema\/person\/0f91d5fd7188c18ca62f2ea37a0f7d02\"},\"headline\":\"Le Mus\u00e9e du Petit Palais \u00e0 Avignon : un tr\u00e9sor de l\u2019art m\u00e9di\u00e9val et de la Renaissance\",\"datePublished\":\"2025-12-14T14:11:34+00:00\",\"dateModified\":\"2025-12-14T14:11:35+00:00\",\"mainEntityOfPage\":{\"@id\":\"https:\/\/lesexplorateurscatalans.fr\/index.php\/2025\/12\/14\/musee-du-petit-palais-avignon\/\"},\"wordCount\":640,\"commentCount\":0,\"publisher\":{\"@id\":\"https:\/\/lesexplorateurscatalans.fr\/#organization\"},\"image\":{\"@id\":\"https:\/\/lesexplorateurscatalans.fr\/index.php\/2025\/12\/14\/musee-du-petit-palais-avignon\/#primaryimage\"},\"thumbnailUrl\":\"https:\/\/lesexplorateurscatalans.fr\/wp-content\/uploads\/2025\/12\/IMG_9578.jpeg\",\"keywords\":[\"art m\u00e9di\u00e9val\",\"Avignon\",\"culture Provence\",\"histoire de l\u2019art\",\"Les Explorateurs Catalans\",\"mus\u00e9e Avignon\",\"Mus\u00e9e du Petit Palais\",\"patrimoine Avignon\",\"peinture italienne\",\"Renaissance\",\"Vaucluse\",\"visite Avignon\"],\"articleSection\":[\"Carnet de voyage\",\"Randonn\u00e9es\"],\"inLanguage\":\"fr-FR\",\"potentialAction\":[{\"@type\":\"CommentAction\",\"name\":\"Comment\",\"target\":[\"https:\/\/lesexplorateurscatalans.fr\/index.php\/2025\/12\/14\/musee-du-petit-palais-avignon\/#respond\"]}]},{\"@type\":\"WebPage\",\"@id\":\"https:\/\/lesexplorateurscatalans.fr\/index.php\/2025\/12\/14\/musee-du-petit-palais-avignon\/\",\"url\":\"https:\/\/lesexplorateurscatalans.fr\/index.php\/2025\/12\/14\/musee-du-petit-palais-avignon\/\",\"name\":\"Le Mus\u00e9e du Petit Palais \u00e0 Avignon : un tr\u00e9sor de l\u2019art m\u00e9di\u00e9val et de la Renaissance - Les Explorateurs Catalans\",\"isPartOf\":{\"@id\":\"https:\/\/lesexplorateurscatalans.fr\/#website\"},\"primaryImageOfPage\":{\"@id\":\"https:\/\/lesexplorateurscatalans.fr\/index.php\/2025\/12\/14\/musee-du-petit-palais-avignon\/#primaryimage\"},\"image\":{\"@id\":\"https:\/\/lesexplorateurscatalans.fr\/index.php\/2025\/12\/14\/musee-du-petit-palais-avignon\/#primaryimage\"},\"thumbnailUrl\":\"https:\/\/lesexplorateurscatalans.fr\/wp-content\/uploads\/2025\/12\/IMG_9578.jpeg\",\"datePublished\":\"2025-12-14T14:11:34+00:00\",\"dateModified\":\"2025-12-14T14:11:35+00:00\",\"description\":\"D\u00e9couvrez le Mus\u00e9e du Petit Palais \u00e0 Avignon : un joyau de l\u2019art m\u00e9di\u00e9val et de la Renaissance dans un cadre historique exceptionnel face au Palais des Papes.\",\"breadcrumb\":{\"@id\":\"https:\/\/lesexplorateurscatalans.fr\/index.php\/2025\/12\/14\/musee-du-petit-palais-avignon\/#breadcrumb\"},\"inLanguage\":\"fr-FR\",\"potentialAction\":[{\"@type\":\"ReadAction\",\"target\":[\"https:\/\/lesexplorateurscatalans.fr\/index.php\/2025\/12\/14\/musee-du-petit-palais-avignon\/\"]}]},{\"@type\":\"ImageObject\",\"inLanguage\":\"fr-FR\",\"@id\":\"https:\/\/lesexplorateurscatalans.fr\/index.php\/2025\/12\/14\/musee-du-petit-palais-avignon\/#primaryimage\",\"url\":\"https:\/\/lesexplorateurscatalans.fr\/wp-content\/uploads\/2025\/12\/IMG_9578.jpeg\",\"contentUrl\":\"https:\/\/lesexplorateurscatalans.fr\/wp-content\/uploads\/2025\/12\/IMG_9578.jpeg\",\"width\":2048,\"height\":1536},{\"@type\":\"BreadcrumbList\",\"@id\":\"https:\/\/lesexplorateurscatalans.fr\/index.php\/2025\/12\/14\/musee-du-petit-palais-avignon\/#breadcrumb\",\"itemListElement\":[{\"@type\":\"ListItem\",\"position\":1,\"name\":\"Accueil\",\"item\":\"https:\/\/lesexplorateurscatalans.fr\/\"},{\"@type\":\"ListItem\",\"position\":2,\"name\":\"Le Mus\u00e9e du Petit Palais \u00e0 Avignon : un tr\u00e9sor de l\u2019art m\u00e9di\u00e9val et de la Renaissance\"}]},{\"@type\":\"WebSite\",\"@id\":\"https:\/\/lesexplorateurscatalans.fr\/#website\",\"url\":\"https:\/\/lesexplorateurscatalans.fr\/\",\"name\":\"Les Explorateurs Catalans\",\"description\":\"Les Explorateurs Catalans : Votre boussole pour l&#039;aventure.\",\"publisher\":{\"@id\":\"https:\/\/lesexplorateurscatalans.fr\/#organization\"},\"alternateName\":\"LEC\",\"potentialAction\":[{\"@type\":\"SearchAction\",\"target\":{\"@type\":\"EntryPoint\",\"urlTemplate\":\"https:\/\/lesexplorateurscatalans.fr\/?s={search_term_string}\"},\"query-input\":{\"@type\":\"PropertyValueSpecification\",\"valueRequired\":true,\"valueName\":\"search_term_string\"}}],\"inLanguage\":\"fr-FR\"},{\"@type\":\"Organization\",\"@id\":\"https:\/\/lesexplorateurscatalans.fr\/#organization\",\"name\":\"Les Explorateurs Catalans\",\"alternateName\":\"LEC\",\"url\":\"https:\/\/lesexplorateurscatalans.fr\/\",\"logo\":{\"@type\":\"ImageObject\",\"inLanguage\":\"fr-FR\",\"@id\":\"https:\/\/lesexplorateurscatalans.fr\/#\/schema\/logo\/image\/\",\"url\":\"https:\/\/lesexplorateurscatalans.fr\/wp-content\/uploads\/2024\/04\/DALL_E-2024-02-19-13.15-removebg-preview.png\",\"contentUrl\":\"https:\/\/lesexplorateurscatalans.fr\/wp-content\/uploads\/2024\/04\/DALL_E-2024-02-19-13.15-removebg-preview.png\",\"width\":500,\"height\":500,\"caption\":\"Les Explorateurs Catalans\"},\"image\":{\"@id\":\"https:\/\/lesexplorateurscatalans.fr\/#\/schema\/logo\/image\/\"},\"sameAs\":[\"https:\/\/www.facebook.com\/lesexplorateurscatalans\",\"https:\/\/www.relive.cc\/profile\/niko660\"]},{\"@type\":\"Person\",\"@id\":\"https:\/\/lesexplorateurscatalans.fr\/#\/schema\/person\/0f91d5fd7188c18ca62f2ea37a0f7d02\",\"name\":\"Les Explorateurs Catalans\",\"image\":{\"@type\":\"ImageObject\",\"inLanguage\":\"fr-FR\",\"@id\":\"https:\/\/lesexplorateurscatalans.fr\/#\/schema\/person\/image\/\",\"url\":\"https:\/\/secure.gravatar.com\/avatar\/c657c225e0e21288bc03d7987bc3f3fa29636fd30a0946eb26df26acf6876aa1?s=96&d=mm&r=g\",\"contentUrl\":\"https:\/\/secure.gravatar.com\/avatar\/c657c225e0e21288bc03d7987bc3f3fa29636fd30a0946eb26df26acf6876aa1?s=96&d=mm&r=g\",\"caption\":\"Les Explorateurs Catalans\"},\"sameAs\":[\"https:\/\/www.lesexplorateurscatalans.fr\/\",\"https:\/\/www.facebook.com\/lesexplorateurscatalans\"],\"url\":\"https:\/\/lesexplorateurscatalans.fr\/index.php\/author\/admin\/\"}]}<\/script>\n<!-- \/ Yoast SEO plugin. -->","yoast_head_json":{"title":"Le Mus\u00e9e du Petit Palais \u00e0 Avignon : un tr\u00e9sor de l\u2019art m\u00e9di\u00e9val et de la Renaissance - Les Explorateurs Catalans","description":"D\u00e9couvrez le Mus\u00e9e du Petit Palais \u00e0 Avignon : un joyau de l\u2019art m\u00e9di\u00e9val et de la Renaissance dans un cadre historique exceptionnel face au Palais des Papes.","robots":{"index":"index","follow":"follow","max-snippet":"max-snippet:-1","max-image-preview":"max-image-preview:large","max-video-preview":"max-video-preview:-1"},"canonical":"https:\/\/lesexplorateurscatalans.fr\/index.php\/2025\/12\/14\/musee-du-petit-palais-avignon\/","og_locale":"fr_FR","og_type":"article","og_title":"Le Mus\u00e9e du Petit Palais \u00e0 Avignon : un tr\u00e9sor de l\u2019art m\u00e9di\u00e9val et de la Renaissance - Les Explorateurs Catalans","og_description":"D\u00e9couvrez le Mus\u00e9e du Petit Palais \u00e0 Avignon : un joyau de l\u2019art m\u00e9di\u00e9val et de la Renaissance dans un cadre historique exceptionnel face au Palais des Papes.","og_url":"https:\/\/lesexplorateurscatalans.fr\/index.php\/2025\/12\/14\/musee-du-petit-palais-avignon\/","og_site_name":"Les Explorateurs Catalans","article_publisher":"https:\/\/www.facebook.com\/lesexplorateurscatalans","article_author":"https:\/\/www.facebook.com\/lesexplorateurscatalans","article_published_time":"2025-12-14T14:11:34+00:00","article_modified_time":"2025-12-14T14:11:35+00:00","og_image":[{"width":2048,"height":1536,"url":"https:\/\/lesexplorateurscatalans.fr\/wp-content\/uploads\/2025\/12\/IMG_9578.jpeg","type":"image\/jpeg"}],"author":"Les Explorateurs Catalans","twitter_card":"summary_large_image","twitter_misc":{"\u00c9crit par":"Les Explorateurs Catalans","Dur\u00e9e de lecture estim\u00e9e":"4 minutes"},"schema":{"@context":"https:\/\/schema.org","@graph":[{"@type":"Article","@id":"https:\/\/lesexplorateurscatalans.fr\/index.php\/2025\/12\/14\/musee-du-petit-palais-avignon\/#article","isPartOf":{"@id":"https:\/\/lesexplorateurscatalans.fr\/index.php\/2025\/12\/14\/musee-du-petit-palais-avignon\/"},"author":{"name":"Les Explorateurs Catalans","@id":"https:\/\/lesexplorateurscatalans.fr\/#\/schema\/person\/0f91d5fd7188c18ca62f2ea37a0f7d02"},"headline":"Le Mus\u00e9e du Petit Palais \u00e0 Avignon : un tr\u00e9sor de l\u2019art m\u00e9di\u00e9val et de la Renaissance","datePublished":"2025-12-14T14:11:34+00:00","dateModified":"2025-12-14T14:11:35+00:00","mainEntityOfPage":{"@id":"https:\/\/lesexplorateurscatalans.fr\/index.php\/2025\/12\/14\/musee-du-petit-palais-avignon\/"},"wordCount":640,"commentCount":0,"publisher":{"@id":"https:\/\/lesexplorateurscatalans.fr\/#organization"},"image":{"@id":"https:\/\/lesexplorateurscatalans.fr\/index.php\/2025\/12\/14\/musee-du-petit-palais-avignon\/#primaryimage"},"thumbnailUrl":"https:\/\/lesexplorateurscatalans.fr\/wp-content\/uploads\/2025\/12\/IMG_9578.jpeg","keywords":["art m\u00e9di\u00e9val","Avignon","culture Provence","histoire de l\u2019art","Les Explorateurs Catalans","mus\u00e9e Avignon","Mus\u00e9e du Petit Palais","patrimoine Avignon","peinture italienne","Renaissance","Vaucluse","visite Avignon"],"articleSection":["Carnet de voyage","Randonn\u00e9es"],"inLanguage":"fr-FR","potentialAction":[{"@type":"CommentAction","name":"Comment","target":["https:\/\/lesexplorateurscatalans.fr\/index.php\/2025\/12\/14\/musee-du-petit-palais-avignon\/#respond"]}]},{"@type":"WebPage","@id":"https:\/\/lesexplorateurscatalans.fr\/index.php\/2025\/12\/14\/musee-du-petit-palais-avignon\/","url":"https:\/\/lesexplorateurscatalans.fr\/index.php\/2025\/12\/14\/musee-du-petit-palais-avignon\/","name":"Le Mus\u00e9e du Petit Palais \u00e0 Avignon : un tr\u00e9sor de l\u2019art m\u00e9di\u00e9val et de la Renaissance - Les Explorateurs Catalans","isPartOf":{"@id":"https:\/\/lesexplorateurscatalans.fr\/#website"},"primaryImageOfPage":{"@id":"https:\/\/lesexplorateurscatalans.fr\/index.php\/2025\/12\/14\/musee-du-petit-palais-avignon\/#primaryimage"},"image":{"@id":"https:\/\/lesexplorateurscatalans.fr\/index.php\/2025\/12\/14\/musee-du-petit-palais-avignon\/#primaryimage"},"thumbnailUrl":"https:\/\/lesexplorateurscatalans.fr\/wp-content\/uploads\/2025\/12\/IMG_9578.jpeg","datePublished":"2025-12-14T14:11:34+00:00","dateModified":"2025-12-14T14:11:35+00:00","description":"D\u00e9couvrez le Mus\u00e9e du Petit Palais \u00e0 Avignon : un joyau de l\u2019art m\u00e9di\u00e9val et de la Renaissance dans un cadre historique exceptionnel face au Palais des Papes.","breadcrumb":{"@id":"https:\/\/lesexplorateurscatalans.fr\/index.php\/2025\/12\/14\/musee-du-petit-palais-avignon\/#breadcrumb"},"inLanguage":"fr-FR","potentialAction":[{"@type":"ReadAction","target":["https:\/\/lesexplorateurscatalans.fr\/index.php\/2025\/12\/14\/musee-du-petit-palais-avignon\/"]}]},{"@type":"ImageObject","inLanguage":"fr-FR","@id":"https:\/\/lesexplorateurscatalans.fr\/index.php\/2025\/12\/14\/musee-du-petit-palais-avignon\/#primaryimage","url":"https:\/\/lesexplorateurscatalans.fr\/wp-content\/uploads\/2025\/12\/IMG_9578.jpeg","contentUrl":"https:\/\/lesexplorateurscatalans.fr\/wp-content\/uploads\/2025\/12\/IMG_9578.jpeg","width":2048,"height":1536},{"@type":"BreadcrumbList","@id":"https:\/\/lesexplorateurscatalans.fr\/index.php\/2025\/12\/14\/musee-du-petit-palais-avignon\/#breadcrumb","itemListElement":[{"@type":"ListItem","position":1,"name":"Accueil","item":"https:\/\/lesexplorateurscatalans.fr\/"},{"@type":"ListItem","position":2,"name":"Le Mus\u00e9e du Petit Palais \u00e0 Avignon : un tr\u00e9sor de l\u2019art m\u00e9di\u00e9val et de la Renaissance"}]},{"@type":"WebSite","@id":"https:\/\/lesexplorateurscatalans.fr\/#website","url":"https:\/\/lesexplorateurscatalans.fr\/","name":"Les Explorateurs Catalans","description":"Les Explorateurs Catalans : Votre boussole pour l&#039;aventure.","publisher":{"@id":"https:\/\/lesexplorateurscatalans.fr\/#organization"},"alternateName":"LEC","potentialAction":[{"@type":"SearchAction","target":{"@type":"EntryPoint","urlTemplate":"https:\/\/lesexplorateurscatalans.fr\/?s={search_term_string}"},"query-input":{"@type":"PropertyValueSpecification","valueRequired":true,"valueName":"search_term_string"}}],"inLanguage":"fr-FR"},{"@type":"Organization","@id":"https:\/\/lesexplorateurscatalans.fr\/#organization","name":"Les Explorateurs Catalans","alternateName":"LEC","url":"https:\/\/lesexplorateurscatalans.fr\/","logo":{"@type":"ImageObject","inLanguage":"fr-FR","@id":"https:\/\/lesexplorateurscatalans.fr\/#\/schema\/logo\/image\/","url":"https:\/\/lesexplorateurscatalans.fr\/wp-content\/uploads\/2024\/04\/DALL_E-2024-02-19-13.15-removebg-preview.png","contentUrl":"https:\/\/lesexplorateurscatalans.fr\/wp-content\/uploads\/2024\/04\/DALL_E-2024-02-19-13.15-removebg-preview.png","width":500,"height":500,"caption":"Les Explorateurs Catalans"},"image":{"@id":"https:\/\/lesexplorateurscatalans.fr\/#\/schema\/logo\/image\/"},"sameAs":["https:\/\/www.facebook.com\/lesexplorateurscatalans","https:\/\/www.relive.cc\/profile\/niko660"]},{"@type":"Person","@id":"https:\/\/lesexplorateurscatalans.fr\/#\/schema\/person\/0f91d5fd7188c18ca62f2ea37a0f7d02","name":"Les Explorateurs Catalans","image":{"@type":"ImageObject","inLanguage":"fr-FR","@id":"https:\/\/lesexplorateurscatalans.fr\/#\/schema\/person\/image\/","url":"https:\/\/secure.gravatar.com\/avatar\/c657c225e0e21288bc03d7987bc3f3fa29636fd30a0946eb26df26acf6876aa1?s=96&d=mm&r=g","contentUrl":"https:\/\/secure.gravatar.com\/avatar\/c657c225e0e21288bc03d7987bc3f3fa29636fd30a0946eb26df26acf6876aa1?s=96&d=mm&r=g","caption":"Les Explorateurs Catalans"},"sameAs":["https:\/\/www.lesexplorateurscatalans.fr\/","https:\/\/www.facebook.com\/lesexplorateurscatalans"],"url":"https:\/\/lesexplorateurscatalans.fr\/index.php\/author\/admin\/"}]}},"amp_enabled":true,"_links":{"self":[{"href":"https:\/\/lesexplorateurscatalans.fr\/index.php\/wp-json\/wp\/v2\/posts\/1293","targetHints":{"allow":["GET"]}}],"collection":[{"href":"https:\/\/lesexplorateurscatalans.fr\/index.php\/wp-json\/wp\/v2\/posts"}],"about":[{"href":"https:\/\/lesexplorateurscatalans.fr\/index.php\/wp-json\/wp\/v2\/types\/post"}],"author":[{"embeddable":true,"href":"https:\/\/lesexplorateurscatalans.fr\/index.php\/wp-json\/wp\/v2\/users\/1"}],"replies":[{"embeddable":true,"href":"https:\/\/lesexplorateurscatalans.fr\/index.php\/wp-json\/wp\/v2\/comments?post=1293"}],"version-history":[{"count":1,"href":"https:\/\/lesexplorateurscatalans.fr\/index.php\/wp-json\/wp\/v2\/posts\/1293\/revisions"}],"predecessor-version":[{"id":1298,"href":"https:\/\/lesexplorateurscatalans.fr\/index.php\/wp-json\/wp\/v2\/posts\/1293\/revisions\/1298"}],"wp:featuredmedia":[{"embeddable":true,"href":"https:\/\/lesexplorateurscatalans.fr\/index.php\/wp-json\/wp\/v2\/media\/1297"}],"wp:attachment":[{"href":"https:\/\/lesexplorateurscatalans.fr\/index.php\/wp-json\/wp\/v2\/media?parent=1293"}],"wp:term":[{"taxonomy":"category","embeddable":true,"href":"https:\/\/lesexplorateurscatalans.fr\/index.php\/wp-json\/wp\/v2\/categories?post=1293"},{"taxonomy":"post_tag","embeddable":true,"href":"https:\/\/lesexplorateurscatalans.fr\/index.php\/wp-json\/wp\/v2\/tags?post=1293"}],"curies":[{"name":"wp","href":"https:\/\/api.w.org\/{rel}","templated":true}]}}