{"id":1299,"date":"2025-12-14T15:16:04","date_gmt":"2025-12-14T14:16:04","guid":{"rendered":"https:\/\/lesexplorateurscatalans.fr\/?p=1299"},"modified":"2025-12-14T15:16:05","modified_gmt":"2025-12-14T14:16:05","slug":"cathedrale-notre-dame-des-doms-avignon","status":"publish","type":"post","link":"https:\/\/lesexplorateurscatalans.fr\/index.php\/2025\/12\/14\/cathedrale-notre-dame-des-doms-avignon\/","title":{"rendered":"Cath\u00e9drale Notre-Dame-des-Doms d\u2019Avignon : un joyau spirituel au c\u0153ur de la cit\u00e9 des papes"},"content":{"rendered":"\n<p>Dominant la ville depuis le rocher des Doms, juste \u00e0 c\u00f4t\u00e9 du Palais des Papes, la Cath\u00e9drale Notre-Dame-des-Doms d\u2019Avignon est l\u2019un des monuments religieux les plus embl\u00e9matiques de la ville. Plus discr\u00e8te que son imposant voisin, elle n\u2019en demeure pas moins un lieu charg\u00e9 d\u2019histoire, de spiritualit\u00e9 et d\u2019\u00e9motion.<\/p>\n\n\n\n<p>Aux <em>Explorateurs Catalans<\/em>, nous avons \u00e9t\u00e9 s\u00e9duits par son atmosph\u00e8re paisible et son r\u00f4le central dans l\u2019histoire d\u2019Avignon.<\/p>\n\n\n\n<hr class=\"wp-block-separator has-alpha-channel-opacity\"\/>\n\n\n\n<h2 class=\"wp-block-heading\">Une cath\u00e9drale mill\u00e9naire<\/h2>\n\n\n\n<p>Construite au XII\u1d49 si\u00e8cle, la Cath\u00e9drale Notre-Dame-des-Doms est un superbe exemple d\u2019architecture romane proven\u00e7ale.<br>Elle fut la cath\u00e9drale des archev\u00eaques d\u2019Avignon et devint, au XIV\u1d49 si\u00e8cle, un haut lieu religieux lorsque la ville accueillit la papaut\u00e9.<\/p>\n\n\n\n<p>Au fil des si\u00e8cles, la cath\u00e9drale a connu plusieurs transformations, notamment l\u2019ajout de chapelles lat\u00e9rales et d\u2019\u00e9l\u00e9ments d\u00e9coratifs, tout en conservant la sobri\u00e9t\u00e9 et la puissance de son architecture d\u2019origine.<\/p>\n\n\n\n<hr class=\"wp-block-separator has-alpha-channel-opacity\"\/>\n\n\n\n<h2 class=\"wp-block-heading\">Une architecture sobre et majestueuse<\/h2>\n\n\n\n<p>De l\u2019ext\u00e9rieur, la cath\u00e9drale impressionne par :<\/p>\n\n\n\n<ul class=\"wp-block-list\">\n<li>sa fa\u00e7ade massive et \u00e9pur\u00e9e,<\/li>\n\n\n\n<li>ses murs de pierre claire typiques de la Provence,<\/li>\n\n\n\n<li>son clocher surmont\u00e9 d\u2019une statue dor\u00e9e de la Vierge, visible de nombreux points de la ville.<\/li>\n<\/ul>\n\n\n\n<p>Cette statue, ajout\u00e9e au XIX\u1d49 si\u00e8cle, est devenue l\u2019un des symboles visuels forts d\u2019Avignon, veillant sur la cit\u00e9 depuis les hauteurs.<\/p>\n\n\n\n<hr class=\"wp-block-separator has-alpha-channel-opacity\"\/>\n\n\n\n<h2 class=\"wp-block-heading\">Un int\u00e9rieur riche en symboles<\/h2>\n\n\n\n<p>\u00c0 l\u2019int\u00e9rieur, l\u2019ambiance change radicalement : calme, solennit\u00e9 et recueillement s\u2019imposent imm\u00e9diatement.<br>La cath\u00e9drale abrite plusieurs \u00e9l\u00e9ments remarquables :<\/p>\n\n\n\n<ul class=\"wp-block-list\">\n<li>un somptueux mausol\u00e9e du pape Jean XXII, chef-d\u2019\u0153uvre de sculpture fun\u00e9raire gothique,<\/li>\n\n\n\n<li>de belles chapelles lat\u00e9rales richement d\u00e9cor\u00e9es,<\/li>\n\n\n\n<li>des \u0153uvres d\u2019art religieux t\u00e9moignant de l\u2019importance spirituelle du lieu,<\/li>\n\n\n\n<li>une atmosph\u00e8re intime, propice \u00e0 la contemplation.<\/li>\n<\/ul>\n\n\n\n<p>La lumi\u00e8re naturelle qui p\u00e9n\u00e8tre par les ouvertures souligne la beaut\u00e9 sobre de l\u2019\u00e9difice.<\/p>\n\n\n\n<hr class=\"wp-block-separator has-alpha-channel-opacity\"\/>\n\n\n\n<h2 class=\"wp-block-heading\">Un lieu de foi toujours vivant<\/h2>\n\n\n\n<p>Au-del\u00e0 de son int\u00e9r\u00eat patrimonial, la Cath\u00e9drale Notre-Dame-des-Doms reste un lieu de culte actif.<br>Des offices religieux y sont c\u00e9l\u00e9br\u00e9s r\u00e9guli\u00e8rement, rappelant que ce monument historique est avant tout un espace de spiritualit\u00e9 et de recueillement.<\/p>\n\n\n\n<p>Cette dimension vivante renforce l\u2019\u00e9motion ressentie lors de la visite.<\/p>\n\n\n\n<hr class=\"wp-block-separator has-alpha-channel-opacity\"\/>\n\n\n\n<h2 class=\"wp-block-heading\"> Un cadre exceptionnel<\/h2>\n\n\n\n<p>Situ\u00e9e \u00e0 quelques pas du Jardin des Doms, la cath\u00e9drale b\u00e9n\u00e9ficie d\u2019un environnement remarquable.<br>Apr\u00e8s la visite, il est agr\u00e9able de prolonger la d\u00e9couverte par une promenade dans le jardin, offrant une vue splendide sur le Rh\u00f4ne et le Pont d\u2019Avignon.<\/p>\n\n\n\n<p>L\u2019ensemble cath\u00e9drale \u2013 palais \u2013 jardin forme un c\u0153ur historique et spirituel unique en Provence.<\/p>\n\n\n\n<hr class=\"wp-block-separator has-alpha-channel-opacity\"\/>\n\n\n\n<h2 class=\"wp-block-heading\"> Nos conseils d\u2019Explorateurs<\/h2>\n\n\n\n<ul class=\"wp-block-list\">\n<li>Profitez d\u2019un moment de calme \u00e0 l\u2019int\u00e9rieur, m\u00eame lors des p\u00e9riodes touristiques.<\/li>\n\n\n\n<li>Levez les yeux pour admirer les d\u00e9tails sculpt\u00e9s et les jeux de lumi\u00e8re.<\/li>\n\n\n\n<li>Combinez la visite avec le Palais des Papes et le Jardin des Doms pour une d\u00e9couverte compl\u00e8te du site.<\/li>\n\n\n\n<li>Respectez le caract\u00e8re religieux du lieu : discr\u00e9tion et silence sont de mise.<\/li>\n<\/ul>\n\n\n\n<hr class=\"wp-block-separator has-alpha-channel-opacity\"\/>\n\n\n\n<h2 class=\"wp-block-heading\"> En conclusion<\/h2>\n\n\n\n<p>La Cath\u00e9drale Notre-Dame-des-Doms d\u2019Avignon est un lieu empreint de s\u00e9r\u00e9nit\u00e9 et d\u2019histoire.<br>Moins spectaculaire que le Palais des Papes mais tout aussi essentielle, elle offre une parenth\u00e8se spirituelle et culturelle au c\u0153ur de la cit\u00e9.<\/p>\n\n\n\n<p>Un monument \u00e0 d\u00e9couvrir avec attention, pour mieux comprendre l\u2019\u00e2me d\u2019Avignon et la richesse de son patrimoine religieux.<\/p>\n\n\n\n<hr class=\"wp-block-separator has-alpha-channel-opacity\"\/>\n\n\n\n\n\n<hr class=\"wp-block-separator has-alpha-channel-opacity\"\/>\n\n\n\n<figure class=\"wp-block-gallery has-nested-images columns-default is-cropped wp-block-gallery-1 is-layout-flex wp-block-gallery-is-layout-flex\">\n<figure class=\"wp-block-image size-large\"><img loading=\"lazy\" decoding=\"async\" width=\"1024\" height=\"768\" data-id=\"1300\" src=\"https:\/\/lesexplorateurscatalans.fr\/wp-content\/uploads\/2025\/12\/IMG_9579-1024x768.jpeg\" alt=\"\" class=\"wp-image-1300\" srcset=\"https:\/\/lesexplorateurscatalans.fr\/wp-content\/uploads\/2025\/12\/IMG_9579-1024x768.jpeg 1024w, https:\/\/lesexplorateurscatalans.fr\/wp-content\/uploads\/2025\/12\/IMG_9579-300x225.jpeg 300w, https:\/\/lesexplorateurscatalans.fr\/wp-content\/uploads\/2025\/12\/IMG_9579-768x576.jpeg 768w, https:\/\/lesexplorateurscatalans.fr\/wp-content\/uploads\/2025\/12\/IMG_9579-1536x1152.jpeg 1536w, https:\/\/lesexplorateurscatalans.fr\/wp-content\/uploads\/2025\/12\/IMG_9579-560x420.jpeg 560w, https:\/\/lesexplorateurscatalans.fr\/wp-content\/uploads\/2025\/12\/IMG_9579-80x60.jpeg 80w, https:\/\/lesexplorateurscatalans.fr\/wp-content\/uploads\/2025\/12\/IMG_9579-696x522.jpeg 696w, https:\/\/lesexplorateurscatalans.fr\/wp-content\/uploads\/2025\/12\/IMG_9579-1068x801.jpeg 1068w, https:\/\/lesexplorateurscatalans.fr\/wp-content\/uploads\/2025\/12\/IMG_9579-1920x1440.jpeg 1920w, https:\/\/lesexplorateurscatalans.fr\/wp-content\/uploads\/2025\/12\/IMG_9579-265x198.jpeg 265w, https:\/\/lesexplorateurscatalans.fr\/wp-content\/uploads\/2025\/12\/IMG_9579.jpeg 2048w\" sizes=\"auto, (max-width: 1024px) 100vw, 1024px\" \/><\/figure>\n\n\n\n<figure class=\"wp-block-image size-large\"><img loading=\"lazy\" decoding=\"async\" width=\"1024\" height=\"768\" data-id=\"1301\" src=\"https:\/\/lesexplorateurscatalans.fr\/wp-content\/uploads\/2025\/12\/IMG_9580-1024x768.jpeg\" alt=\"\" class=\"wp-image-1301\" srcset=\"https:\/\/lesexplorateurscatalans.fr\/wp-content\/uploads\/2025\/12\/IMG_9580-1024x768.jpeg 1024w, https:\/\/lesexplorateurscatalans.fr\/wp-content\/uploads\/2025\/12\/IMG_9580-300x225.jpeg 300w, https:\/\/lesexplorateurscatalans.fr\/wp-content\/uploads\/2025\/12\/IMG_9580-768x576.jpeg 768w, https:\/\/lesexplorateurscatalans.fr\/wp-content\/uploads\/2025\/12\/IMG_9580-1536x1152.jpeg 1536w, https:\/\/lesexplorateurscatalans.fr\/wp-content\/uploads\/2025\/12\/IMG_9580-560x420.jpeg 560w, https:\/\/lesexplorateurscatalans.fr\/wp-content\/uploads\/2025\/12\/IMG_9580-80x60.jpeg 80w, https:\/\/lesexplorateurscatalans.fr\/wp-content\/uploads\/2025\/12\/IMG_9580-696x522.jpeg 696w, https:\/\/lesexplorateurscatalans.fr\/wp-content\/uploads\/2025\/12\/IMG_9580-1068x801.jpeg 1068w, https:\/\/lesexplorateurscatalans.fr\/wp-content\/uploads\/2025\/12\/IMG_9580-1920x1440.jpeg 1920w, https:\/\/lesexplorateurscatalans.fr\/wp-content\/uploads\/2025\/12\/IMG_9580-265x198.jpeg 265w, https:\/\/lesexplorateurscatalans.fr\/wp-content\/uploads\/2025\/12\/IMG_9580.jpeg 2048w\" sizes=\"auto, (max-width: 1024px) 100vw, 1024px\" \/><\/figure>\n\n\n\n<figure class=\"wp-block-image size-large\"><img loading=\"lazy\" decoding=\"async\" width=\"1024\" height=\"768\" data-id=\"1303\" src=\"https:\/\/lesexplorateurscatalans.fr\/wp-content\/uploads\/2025\/12\/IMG_9581-1024x768.jpeg\" alt=\"\" class=\"wp-image-1303\" srcset=\"https:\/\/lesexplorateurscatalans.fr\/wp-content\/uploads\/2025\/12\/IMG_9581-1024x768.jpeg 1024w, https:\/\/lesexplorateurscatalans.fr\/wp-content\/uploads\/2025\/12\/IMG_9581-300x225.jpeg 300w, https:\/\/lesexplorateurscatalans.fr\/wp-content\/uploads\/2025\/12\/IMG_9581-768x576.jpeg 768w, https:\/\/lesexplorateurscatalans.fr\/wp-content\/uploads\/2025\/12\/IMG_9581-1536x1152.jpeg 1536w, https:\/\/lesexplorateurscatalans.fr\/wp-content\/uploads\/2025\/12\/IMG_9581-560x420.jpeg 560w, https:\/\/lesexplorateurscatalans.fr\/wp-content\/uploads\/2025\/12\/IMG_9581-80x60.jpeg 80w, https:\/\/lesexplorateurscatalans.fr\/wp-content\/uploads\/2025\/12\/IMG_9581-696x522.jpeg 696w, https:\/\/lesexplorateurscatalans.fr\/wp-content\/uploads\/2025\/12\/IMG_9581-1068x801.jpeg 1068w, https:\/\/lesexplorateurscatalans.fr\/wp-content\/uploads\/2025\/12\/IMG_9581-1920x1440.jpeg 1920w, https:\/\/lesexplorateurscatalans.fr\/wp-content\/uploads\/2025\/12\/IMG_9581-265x198.jpeg 265w, https:\/\/lesexplorateurscatalans.fr\/wp-content\/uploads\/2025\/12\/IMG_9581.jpeg 2048w\" sizes=\"auto, (max-width: 1024px) 100vw, 1024px\" \/><\/figure>\n\n\n\n<figure class=\"wp-block-image size-large\"><img loading=\"lazy\" decoding=\"async\" width=\"1024\" height=\"768\" data-id=\"1302\" src=\"https:\/\/lesexplorateurscatalans.fr\/wp-content\/uploads\/2025\/12\/IMG_9582-1024x768.jpeg\" alt=\"\" class=\"wp-image-1302\" srcset=\"https:\/\/lesexplorateurscatalans.fr\/wp-content\/uploads\/2025\/12\/IMG_9582-1024x768.jpeg 1024w, https:\/\/lesexplorateurscatalans.fr\/wp-content\/uploads\/2025\/12\/IMG_9582-300x225.jpeg 300w, https:\/\/lesexplorateurscatalans.fr\/wp-content\/uploads\/2025\/12\/IMG_9582-768x576.jpeg 768w, https:\/\/lesexplorateurscatalans.fr\/wp-content\/uploads\/2025\/12\/IMG_9582-1536x1152.jpeg 1536w, https:\/\/lesexplorateurscatalans.fr\/wp-content\/uploads\/2025\/12\/IMG_9582-560x420.jpeg 560w, https:\/\/lesexplorateurscatalans.fr\/wp-content\/uploads\/2025\/12\/IMG_9582-80x60.jpeg 80w, https:\/\/lesexplorateurscatalans.fr\/wp-content\/uploads\/2025\/12\/IMG_9582-696x522.jpeg 696w, https:\/\/lesexplorateurscatalans.fr\/wp-content\/uploads\/2025\/12\/IMG_9582-1068x801.jpeg 1068w, https:\/\/lesexplorateurscatalans.fr\/wp-content\/uploads\/2025\/12\/IMG_9582-1920x1440.jpeg 1920w, https:\/\/lesexplorateurscatalans.fr\/wp-content\/uploads\/2025\/12\/IMG_9582-265x198.jpeg 265w, https:\/\/lesexplorateurscatalans.fr\/wp-content\/uploads\/2025\/12\/IMG_9582.jpeg 2048w\" sizes=\"auto, (max-width: 1024px) 100vw, 1024px\" \/><\/figure>\n\n\n\n<figure class=\"wp-block-image size-large\"><img loading=\"lazy\" decoding=\"async\" width=\"1024\" height=\"768\" data-id=\"1305\" src=\"https:\/\/lesexplorateurscatalans.fr\/wp-content\/uploads\/2025\/12\/IMG_9583-1024x768.jpeg\" alt=\"\" class=\"wp-image-1305\" srcset=\"https:\/\/lesexplorateurscatalans.fr\/wp-content\/uploads\/2025\/12\/IMG_9583-1024x768.jpeg 1024w, https:\/\/lesexplorateurscatalans.fr\/wp-content\/uploads\/2025\/12\/IMG_9583-300x225.jpeg 300w, https:\/\/lesexplorateurscatalans.fr\/wp-content\/uploads\/2025\/12\/IMG_9583-768x576.jpeg 768w, https:\/\/lesexplorateurscatalans.fr\/wp-content\/uploads\/2025\/12\/IMG_9583-1536x1152.jpeg 1536w, https:\/\/lesexplorateurscatalans.fr\/wp-content\/uploads\/2025\/12\/IMG_9583-560x420.jpeg 560w, https:\/\/lesexplorateurscatalans.fr\/wp-content\/uploads\/2025\/12\/IMG_9583-80x60.jpeg 80w, https:\/\/lesexplorateurscatalans.fr\/wp-content\/uploads\/2025\/12\/IMG_9583-696x522.jpeg 696w, https:\/\/lesexplorateurscatalans.fr\/wp-content\/uploads\/2025\/12\/IMG_9583-1068x801.jpeg 1068w, https:\/\/lesexplorateurscatalans.fr\/wp-content\/uploads\/2025\/12\/IMG_9583-1920x1440.jpeg 1920w, https:\/\/lesexplorateurscatalans.fr\/wp-content\/uploads\/2025\/12\/IMG_9583-265x198.jpeg 265w, https:\/\/lesexplorateurscatalans.fr\/wp-content\/uploads\/2025\/12\/IMG_9583.jpeg 2048w\" sizes=\"auto, (max-width: 1024px) 100vw, 1024px\" \/><\/figure>\n\n\n\n<figure class=\"wp-block-image size-large\"><img loading=\"lazy\" decoding=\"async\" width=\"1024\" height=\"768\" data-id=\"1304\" src=\"https:\/\/lesexplorateurscatalans.fr\/wp-content\/uploads\/2025\/12\/IMG_9584-1024x768.jpeg\" alt=\"\" class=\"wp-image-1304\" srcset=\"https:\/\/lesexplorateurscatalans.fr\/wp-content\/uploads\/2025\/12\/IMG_9584-1024x768.jpeg 1024w, https:\/\/lesexplorateurscatalans.fr\/wp-content\/uploads\/2025\/12\/IMG_9584-300x225.jpeg 300w, https:\/\/lesexplorateurscatalans.fr\/wp-content\/uploads\/2025\/12\/IMG_9584-768x576.jpeg 768w, https:\/\/lesexplorateurscatalans.fr\/wp-content\/uploads\/2025\/12\/IMG_9584-1536x1152.jpeg 1536w, https:\/\/lesexplorateurscatalans.fr\/wp-content\/uploads\/2025\/12\/IMG_9584-560x420.jpeg 560w, https:\/\/lesexplorateurscatalans.fr\/wp-content\/uploads\/2025\/12\/IMG_9584-80x60.jpeg 80w, https:\/\/lesexplorateurscatalans.fr\/wp-content\/uploads\/2025\/12\/IMG_9584-696x522.jpeg 696w, https:\/\/lesexplorateurscatalans.fr\/wp-content\/uploads\/2025\/12\/IMG_9584-1068x801.jpeg 1068w, https:\/\/lesexplorateurscatalans.fr\/wp-content\/uploads\/2025\/12\/IMG_9584-1920x1440.jpeg 1920w, https:\/\/lesexplorateurscatalans.fr\/wp-content\/uploads\/2025\/12\/IMG_9584-265x198.jpeg 265w, https:\/\/lesexplorateurscatalans.fr\/wp-content\/uploads\/2025\/12\/IMG_9584.jpeg 2048w\" sizes=\"auto, (max-width: 1024px) 100vw, 1024px\" \/><\/figure>\n<\/figure>\n","protected":false},"excerpt":{"rendered":"<p>Dominant la ville depuis le rocher des Doms, juste \u00e0 c\u00f4t\u00e9 du Palais des Papes, la Cath\u00e9drale Notre-Dame-des-Doms d\u2019Avignon est l\u2019un des monuments religieux les plus embl\u00e9matiques de la ville. Plus discr\u00e8te que son imposant voisin, elle n\u2019en demeure pas moins un lieu charg\u00e9 d\u2019histoire, de spiritualit\u00e9 et d\u2019\u00e9motion. Aux Explorateurs Catalans, nous avons \u00e9t\u00e9 [&hellip;]<\/p>\n","protected":false},"author":1,"featured_media":1304,"comment_status":"open","ping_status":"open","sticky":false,"template":"","format":"standard","meta":{"tdm_status":"","tdm_grid_status":"","footnotes":""},"categories":[21,16],"tags":[332,293,334,333,305,42,256,335,295,291,307],"class_list":{"0":"post-1299","1":"post","2":"type-post","3":"status-publish","4":"format-standard","5":"has-post-thumbnail","7":"category-carnet-de-voyage","8":"category-randonnees","9":"tag-architecture-romane","10":"tag-avignon","11":"tag-cathedrale-avignon","12":"tag-cathedrale-notre-dame-des-doms","13":"tag-cite-des-papes","14":"tag-les-explorateurs-catalans","15":"tag-monument-historique","16":"tag-patrimoine-religieux","17":"tag-provence","18":"tag-vaucluse","19":"tag-visite-avignon"},"yoast_head":"<!-- This site is optimized with the Yoast SEO plugin v26.5 - https:\/\/yoast.com\/wordpress\/plugins\/seo\/ -->\n<title>Cath\u00e9drale Notre-Dame-des-Doms d\u2019Avignon : un joyau spirituel au c\u0153ur de la cit\u00e9 des papes - Les Explorateurs Catalans<\/title>\n<meta name=\"description\" content=\"D\u00e9couvrez la Cath\u00e9drale Notre-Dame-des-Doms d\u2019Avignon, joyau de l\u2019architecture romane et haut lieu spirituel situ\u00e9 \u00e0 c\u00f4t\u00e9 du Palais des Papes.\" \/>\n<meta name=\"robots\" content=\"index, follow, max-snippet:-1, max-image-preview:large, max-video-preview:-1\" \/>\n<link rel=\"canonical\" href=\"https:\/\/lesexplorateurscatalans.fr\/index.php\/2025\/12\/14\/cathedrale-notre-dame-des-doms-avignon\/\" \/>\n<meta property=\"og:locale\" content=\"fr_FR\" \/>\n<meta property=\"og:type\" content=\"article\" \/>\n<meta property=\"og:title\" content=\"Cath\u00e9drale Notre-Dame-des-Doms d\u2019Avignon : un joyau spirituel au c\u0153ur de la cit\u00e9 des papes - Les Explorateurs Catalans\" \/>\n<meta property=\"og:description\" content=\"D\u00e9couvrez la Cath\u00e9drale Notre-Dame-des-Doms d\u2019Avignon, joyau de l\u2019architecture romane et haut lieu spirituel situ\u00e9 \u00e0 c\u00f4t\u00e9 du Palais des Papes.\" \/>\n<meta property=\"og:url\" content=\"https:\/\/lesexplorateurscatalans.fr\/index.php\/2025\/12\/14\/cathedrale-notre-dame-des-doms-avignon\/\" \/>\n<meta property=\"og:site_name\" content=\"Les Explorateurs Catalans\" \/>\n<meta property=\"article:publisher\" content=\"https:\/\/www.facebook.com\/lesexplorateurscatalans\" \/>\n<meta property=\"article:author\" content=\"https:\/\/www.facebook.com\/lesexplorateurscatalans\" \/>\n<meta property=\"article:published_time\" content=\"2025-12-14T14:16:04+00:00\" \/>\n<meta property=\"article:modified_time\" content=\"2025-12-14T14:16:05+00:00\" \/>\n<meta property=\"og:image\" content=\"https:\/\/lesexplorateurscatalans.fr\/wp-content\/uploads\/2025\/12\/IMG_9584.jpeg\" \/>\n\t<meta property=\"og:image:width\" content=\"2048\" \/>\n\t<meta property=\"og:image:height\" content=\"1536\" \/>\n\t<meta property=\"og:image:type\" content=\"image\/jpeg\" \/>\n<meta name=\"author\" content=\"Les Explorateurs Catalans\" \/>\n<meta name=\"twitter:card\" content=\"summary_large_image\" \/>\n<meta name=\"twitter:label1\" content=\"\u00c9crit par\" \/>\n\t<meta name=\"twitter:data1\" content=\"Les Explorateurs Catalans\" \/>\n\t<meta name=\"twitter:label2\" content=\"Dur\u00e9e de lecture estim\u00e9e\" \/>\n\t<meta name=\"twitter:data2\" content=\"4 minutes\" \/>\n<script type=\"application\/ld+json\" class=\"yoast-schema-graph\">{\"@context\":\"https:\/\/schema.org\",\"@graph\":[{\"@type\":\"Article\",\"@id\":\"https:\/\/lesexplorateurscatalans.fr\/index.php\/2025\/12\/14\/cathedrale-notre-dame-des-doms-avignon\/#article\",\"isPartOf\":{\"@id\":\"https:\/\/lesexplorateurscatalans.fr\/index.php\/2025\/12\/14\/cathedrale-notre-dame-des-doms-avignon\/\"},\"author\":{\"name\":\"Les Explorateurs Catalans\",\"@id\":\"https:\/\/lesexplorateurscatalans.fr\/#\/schema\/person\/0f91d5fd7188c18ca62f2ea37a0f7d02\"},\"headline\":\"Cath\u00e9drale Notre-Dame-des-Doms d\u2019Avignon : un joyau spirituel au c\u0153ur de la cit\u00e9 des papes\",\"datePublished\":\"2025-12-14T14:16:04+00:00\",\"dateModified\":\"2025-12-14T14:16:05+00:00\",\"mainEntityOfPage\":{\"@id\":\"https:\/\/lesexplorateurscatalans.fr\/index.php\/2025\/12\/14\/cathedrale-notre-dame-des-doms-avignon\/\"},\"wordCount\":613,\"commentCount\":0,\"publisher\":{\"@id\":\"https:\/\/lesexplorateurscatalans.fr\/#organization\"},\"image\":{\"@id\":\"https:\/\/lesexplorateurscatalans.fr\/index.php\/2025\/12\/14\/cathedrale-notre-dame-des-doms-avignon\/#primaryimage\"},\"thumbnailUrl\":\"https:\/\/lesexplorateurscatalans.fr\/wp-content\/uploads\/2025\/12\/IMG_9584.jpeg\",\"keywords\":[\"architecture romane\",\"Avignon\",\"cath\u00e9drale Avignon\",\"Cath\u00e9drale Notre-Dame-des-Doms\",\"cit\u00e9 des papes\",\"Les Explorateurs Catalans\",\"Monument historique\",\"patrimoine religieux\",\"Provence\",\"Vaucluse\",\"visite Avignon\"],\"articleSection\":[\"Carnet de voyage\",\"Randonn\u00e9es\"],\"inLanguage\":\"fr-FR\",\"potentialAction\":[{\"@type\":\"CommentAction\",\"name\":\"Comment\",\"target\":[\"https:\/\/lesexplorateurscatalans.fr\/index.php\/2025\/12\/14\/cathedrale-notre-dame-des-doms-avignon\/#respond\"]}]},{\"@type\":\"WebPage\",\"@id\":\"https:\/\/lesexplorateurscatalans.fr\/index.php\/2025\/12\/14\/cathedrale-notre-dame-des-doms-avignon\/\",\"url\":\"https:\/\/lesexplorateurscatalans.fr\/index.php\/2025\/12\/14\/cathedrale-notre-dame-des-doms-avignon\/\",\"name\":\"Cath\u00e9drale Notre-Dame-des-Doms d\u2019Avignon : un joyau spirituel au c\u0153ur de la cit\u00e9 des papes - Les Explorateurs Catalans\",\"isPartOf\":{\"@id\":\"https:\/\/lesexplorateurscatalans.fr\/#website\"},\"primaryImageOfPage\":{\"@id\":\"https:\/\/lesexplorateurscatalans.fr\/index.php\/2025\/12\/14\/cathedrale-notre-dame-des-doms-avignon\/#primaryimage\"},\"image\":{\"@id\":\"https:\/\/lesexplorateurscatalans.fr\/index.php\/2025\/12\/14\/cathedrale-notre-dame-des-doms-avignon\/#primaryimage\"},\"thumbnailUrl\":\"https:\/\/lesexplorateurscatalans.fr\/wp-content\/uploads\/2025\/12\/IMG_9584.jpeg\",\"datePublished\":\"2025-12-14T14:16:04+00:00\",\"dateModified\":\"2025-12-14T14:16:05+00:00\",\"description\":\"D\u00e9couvrez la Cath\u00e9drale Notre-Dame-des-Doms d\u2019Avignon, joyau de l\u2019architecture romane et haut lieu spirituel situ\u00e9 \u00e0 c\u00f4t\u00e9 du Palais des Papes.\",\"breadcrumb\":{\"@id\":\"https:\/\/lesexplorateurscatalans.fr\/index.php\/2025\/12\/14\/cathedrale-notre-dame-des-doms-avignon\/#breadcrumb\"},\"inLanguage\":\"fr-FR\",\"potentialAction\":[{\"@type\":\"ReadAction\",\"target\":[\"https:\/\/lesexplorateurscatalans.fr\/index.php\/2025\/12\/14\/cathedrale-notre-dame-des-doms-avignon\/\"]}]},{\"@type\":\"ImageObject\",\"inLanguage\":\"fr-FR\",\"@id\":\"https:\/\/lesexplorateurscatalans.fr\/index.php\/2025\/12\/14\/cathedrale-notre-dame-des-doms-avignon\/#primaryimage\",\"url\":\"https:\/\/lesexplorateurscatalans.fr\/wp-content\/uploads\/2025\/12\/IMG_9584.jpeg\",\"contentUrl\":\"https:\/\/lesexplorateurscatalans.fr\/wp-content\/uploads\/2025\/12\/IMG_9584.jpeg\",\"width\":2048,\"height\":1536},{\"@type\":\"BreadcrumbList\",\"@id\":\"https:\/\/lesexplorateurscatalans.fr\/index.php\/2025\/12\/14\/cathedrale-notre-dame-des-doms-avignon\/#breadcrumb\",\"itemListElement\":[{\"@type\":\"ListItem\",\"position\":1,\"name\":\"Accueil\",\"item\":\"https:\/\/lesexplorateurscatalans.fr\/\"},{\"@type\":\"ListItem\",\"position\":2,\"name\":\"Cath\u00e9drale Notre-Dame-des-Doms d\u2019Avignon : un joyau spirituel au c\u0153ur de la cit\u00e9 des papes\"}]},{\"@type\":\"WebSite\",\"@id\":\"https:\/\/lesexplorateurscatalans.fr\/#website\",\"url\":\"https:\/\/lesexplorateurscatalans.fr\/\",\"name\":\"Les Explorateurs Catalans\",\"description\":\"Les Explorateurs Catalans : Votre boussole pour l&#039;aventure.\",\"publisher\":{\"@id\":\"https:\/\/lesexplorateurscatalans.fr\/#organization\"},\"alternateName\":\"LEC\",\"potentialAction\":[{\"@type\":\"SearchAction\",\"target\":{\"@type\":\"EntryPoint\",\"urlTemplate\":\"https:\/\/lesexplorateurscatalans.fr\/?s={search_term_string}\"},\"query-input\":{\"@type\":\"PropertyValueSpecification\",\"valueRequired\":true,\"valueName\":\"search_term_string\"}}],\"inLanguage\":\"fr-FR\"},{\"@type\":\"Organization\",\"@id\":\"https:\/\/lesexplorateurscatalans.fr\/#organization\",\"name\":\"Les Explorateurs Catalans\",\"alternateName\":\"LEC\",\"url\":\"https:\/\/lesexplorateurscatalans.fr\/\",\"logo\":{\"@type\":\"ImageObject\",\"inLanguage\":\"fr-FR\",\"@id\":\"https:\/\/lesexplorateurscatalans.fr\/#\/schema\/logo\/image\/\",\"url\":\"https:\/\/lesexplorateurscatalans.fr\/wp-content\/uploads\/2024\/04\/DALL_E-2024-02-19-13.15-removebg-preview.png\",\"contentUrl\":\"https:\/\/lesexplorateurscatalans.fr\/wp-content\/uploads\/2024\/04\/DALL_E-2024-02-19-13.15-removebg-preview.png\",\"width\":500,\"height\":500,\"caption\":\"Les Explorateurs Catalans\"},\"image\":{\"@id\":\"https:\/\/lesexplorateurscatalans.fr\/#\/schema\/logo\/image\/\"},\"sameAs\":[\"https:\/\/www.facebook.com\/lesexplorateurscatalans\",\"https:\/\/www.relive.cc\/profile\/niko660\"]},{\"@type\":\"Person\",\"@id\":\"https:\/\/lesexplorateurscatalans.fr\/#\/schema\/person\/0f91d5fd7188c18ca62f2ea37a0f7d02\",\"name\":\"Les Explorateurs Catalans\",\"image\":{\"@type\":\"ImageObject\",\"inLanguage\":\"fr-FR\",\"@id\":\"https:\/\/lesexplorateurscatalans.fr\/#\/schema\/person\/image\/\",\"url\":\"https:\/\/secure.gravatar.com\/avatar\/c657c225e0e21288bc03d7987bc3f3fa29636fd30a0946eb26df26acf6876aa1?s=96&d=mm&r=g\",\"contentUrl\":\"https:\/\/secure.gravatar.com\/avatar\/c657c225e0e21288bc03d7987bc3f3fa29636fd30a0946eb26df26acf6876aa1?s=96&d=mm&r=g\",\"caption\":\"Les Explorateurs Catalans\"},\"sameAs\":[\"https:\/\/www.lesexplorateurscatalans.fr\/\",\"https:\/\/www.facebook.com\/lesexplorateurscatalans\"],\"url\":\"https:\/\/lesexplorateurscatalans.fr\/index.php\/author\/admin\/\"}]}<\/script>\n<!-- \/ Yoast SEO plugin. -->","yoast_head_json":{"title":"Cath\u00e9drale Notre-Dame-des-Doms d\u2019Avignon : un joyau spirituel au c\u0153ur de la cit\u00e9 des papes - Les Explorateurs Catalans","description":"D\u00e9couvrez la Cath\u00e9drale Notre-Dame-des-Doms d\u2019Avignon, joyau de l\u2019architecture romane et haut lieu spirituel situ\u00e9 \u00e0 c\u00f4t\u00e9 du Palais des Papes.","robots":{"index":"index","follow":"follow","max-snippet":"max-snippet:-1","max-image-preview":"max-image-preview:large","max-video-preview":"max-video-preview:-1"},"canonical":"https:\/\/lesexplorateurscatalans.fr\/index.php\/2025\/12\/14\/cathedrale-notre-dame-des-doms-avignon\/","og_locale":"fr_FR","og_type":"article","og_title":"Cath\u00e9drale Notre-Dame-des-Doms d\u2019Avignon : un joyau spirituel au c\u0153ur de la cit\u00e9 des papes - Les Explorateurs Catalans","og_description":"D\u00e9couvrez la Cath\u00e9drale Notre-Dame-des-Doms d\u2019Avignon, joyau de l\u2019architecture romane et haut lieu spirituel situ\u00e9 \u00e0 c\u00f4t\u00e9 du Palais des Papes.","og_url":"https:\/\/lesexplorateurscatalans.fr\/index.php\/2025\/12\/14\/cathedrale-notre-dame-des-doms-avignon\/","og_site_name":"Les Explorateurs Catalans","article_publisher":"https:\/\/www.facebook.com\/lesexplorateurscatalans","article_author":"https:\/\/www.facebook.com\/lesexplorateurscatalans","article_published_time":"2025-12-14T14:16:04+00:00","article_modified_time":"2025-12-14T14:16:05+00:00","og_image":[{"width":2048,"height":1536,"url":"https:\/\/lesexplorateurscatalans.fr\/wp-content\/uploads\/2025\/12\/IMG_9584.jpeg","type":"image\/jpeg"}],"author":"Les Explorateurs Catalans","twitter_card":"summary_large_image","twitter_misc":{"\u00c9crit par":"Les Explorateurs Catalans","Dur\u00e9e de lecture estim\u00e9e":"4 minutes"},"schema":{"@context":"https:\/\/schema.org","@graph":[{"@type":"Article","@id":"https:\/\/lesexplorateurscatalans.fr\/index.php\/2025\/12\/14\/cathedrale-notre-dame-des-doms-avignon\/#article","isPartOf":{"@id":"https:\/\/lesexplorateurscatalans.fr\/index.php\/2025\/12\/14\/cathedrale-notre-dame-des-doms-avignon\/"},"author":{"name":"Les Explorateurs Catalans","@id":"https:\/\/lesexplorateurscatalans.fr\/#\/schema\/person\/0f91d5fd7188c18ca62f2ea37a0f7d02"},"headline":"Cath\u00e9drale Notre-Dame-des-Doms d\u2019Avignon : un joyau spirituel au c\u0153ur de la cit\u00e9 des papes","datePublished":"2025-12-14T14:16:04+00:00","dateModified":"2025-12-14T14:16:05+00:00","mainEntityOfPage":{"@id":"https:\/\/lesexplorateurscatalans.fr\/index.php\/2025\/12\/14\/cathedrale-notre-dame-des-doms-avignon\/"},"wordCount":613,"commentCount":0,"publisher":{"@id":"https:\/\/lesexplorateurscatalans.fr\/#organization"},"image":{"@id":"https:\/\/lesexplorateurscatalans.fr\/index.php\/2025\/12\/14\/cathedrale-notre-dame-des-doms-avignon\/#primaryimage"},"thumbnailUrl":"https:\/\/lesexplorateurscatalans.fr\/wp-content\/uploads\/2025\/12\/IMG_9584.jpeg","keywords":["architecture romane","Avignon","cath\u00e9drale Avignon","Cath\u00e9drale Notre-Dame-des-Doms","cit\u00e9 des papes","Les Explorateurs Catalans","Monument historique","patrimoine religieux","Provence","Vaucluse","visite Avignon"],"articleSection":["Carnet de voyage","Randonn\u00e9es"],"inLanguage":"fr-FR","potentialAction":[{"@type":"CommentAction","name":"Comment","target":["https:\/\/lesexplorateurscatalans.fr\/index.php\/2025\/12\/14\/cathedrale-notre-dame-des-doms-avignon\/#respond"]}]},{"@type":"WebPage","@id":"https:\/\/lesexplorateurscatalans.fr\/index.php\/2025\/12\/14\/cathedrale-notre-dame-des-doms-avignon\/","url":"https:\/\/lesexplorateurscatalans.fr\/index.php\/2025\/12\/14\/cathedrale-notre-dame-des-doms-avignon\/","name":"Cath\u00e9drale Notre-Dame-des-Doms d\u2019Avignon : un joyau spirituel au c\u0153ur de la cit\u00e9 des papes - Les Explorateurs Catalans","isPartOf":{"@id":"https:\/\/lesexplorateurscatalans.fr\/#website"},"primaryImageOfPage":{"@id":"https:\/\/lesexplorateurscatalans.fr\/index.php\/2025\/12\/14\/cathedrale-notre-dame-des-doms-avignon\/#primaryimage"},"image":{"@id":"https:\/\/lesexplorateurscatalans.fr\/index.php\/2025\/12\/14\/cathedrale-notre-dame-des-doms-avignon\/#primaryimage"},"thumbnailUrl":"https:\/\/lesexplorateurscatalans.fr\/wp-content\/uploads\/2025\/12\/IMG_9584.jpeg","datePublished":"2025-12-14T14:16:04+00:00","dateModified":"2025-12-14T14:16:05+00:00","description":"D\u00e9couvrez la Cath\u00e9drale Notre-Dame-des-Doms d\u2019Avignon, joyau de l\u2019architecture romane et haut lieu spirituel situ\u00e9 \u00e0 c\u00f4t\u00e9 du Palais des Papes.","breadcrumb":{"@id":"https:\/\/lesexplorateurscatalans.fr\/index.php\/2025\/12\/14\/cathedrale-notre-dame-des-doms-avignon\/#breadcrumb"},"inLanguage":"fr-FR","potentialAction":[{"@type":"ReadAction","target":["https:\/\/lesexplorateurscatalans.fr\/index.php\/2025\/12\/14\/cathedrale-notre-dame-des-doms-avignon\/"]}]},{"@type":"ImageObject","inLanguage":"fr-FR","@id":"https:\/\/lesexplorateurscatalans.fr\/index.php\/2025\/12\/14\/cathedrale-notre-dame-des-doms-avignon\/#primaryimage","url":"https:\/\/lesexplorateurscatalans.fr\/wp-content\/uploads\/2025\/12\/IMG_9584.jpeg","contentUrl":"https:\/\/lesexplorateurscatalans.fr\/wp-content\/uploads\/2025\/12\/IMG_9584.jpeg","width":2048,"height":1536},{"@type":"BreadcrumbList","@id":"https:\/\/lesexplorateurscatalans.fr\/index.php\/2025\/12\/14\/cathedrale-notre-dame-des-doms-avignon\/#breadcrumb","itemListElement":[{"@type":"ListItem","position":1,"name":"Accueil","item":"https:\/\/lesexplorateurscatalans.fr\/"},{"@type":"ListItem","position":2,"name":"Cath\u00e9drale Notre-Dame-des-Doms d\u2019Avignon : un joyau spirituel au c\u0153ur de la cit\u00e9 des papes"}]},{"@type":"WebSite","@id":"https:\/\/lesexplorateurscatalans.fr\/#website","url":"https:\/\/lesexplorateurscatalans.fr\/","name":"Les Explorateurs Catalans","description":"Les Explorateurs Catalans : Votre boussole pour l&#039;aventure.","publisher":{"@id":"https:\/\/lesexplorateurscatalans.fr\/#organization"},"alternateName":"LEC","potentialAction":[{"@type":"SearchAction","target":{"@type":"EntryPoint","urlTemplate":"https:\/\/lesexplorateurscatalans.fr\/?s={search_term_string}"},"query-input":{"@type":"PropertyValueSpecification","valueRequired":true,"valueName":"search_term_string"}}],"inLanguage":"fr-FR"},{"@type":"Organization","@id":"https:\/\/lesexplorateurscatalans.fr\/#organization","name":"Les Explorateurs Catalans","alternateName":"LEC","url":"https:\/\/lesexplorateurscatalans.fr\/","logo":{"@type":"ImageObject","inLanguage":"fr-FR","@id":"https:\/\/lesexplorateurscatalans.fr\/#\/schema\/logo\/image\/","url":"https:\/\/lesexplorateurscatalans.fr\/wp-content\/uploads\/2024\/04\/DALL_E-2024-02-19-13.15-removebg-preview.png","contentUrl":"https:\/\/lesexplorateurscatalans.fr\/wp-content\/uploads\/2024\/04\/DALL_E-2024-02-19-13.15-removebg-preview.png","width":500,"height":500,"caption":"Les Explorateurs Catalans"},"image":{"@id":"https:\/\/lesexplorateurscatalans.fr\/#\/schema\/logo\/image\/"},"sameAs":["https:\/\/www.facebook.com\/lesexplorateurscatalans","https:\/\/www.relive.cc\/profile\/niko660"]},{"@type":"Person","@id":"https:\/\/lesexplorateurscatalans.fr\/#\/schema\/person\/0f91d5fd7188c18ca62f2ea37a0f7d02","name":"Les Explorateurs Catalans","image":{"@type":"ImageObject","inLanguage":"fr-FR","@id":"https:\/\/lesexplorateurscatalans.fr\/#\/schema\/person\/image\/","url":"https:\/\/secure.gravatar.com\/avatar\/c657c225e0e21288bc03d7987bc3f3fa29636fd30a0946eb26df26acf6876aa1?s=96&d=mm&r=g","contentUrl":"https:\/\/secure.gravatar.com\/avatar\/c657c225e0e21288bc03d7987bc3f3fa29636fd30a0946eb26df26acf6876aa1?s=96&d=mm&r=g","caption":"Les Explorateurs Catalans"},"sameAs":["https:\/\/www.lesexplorateurscatalans.fr\/","https:\/\/www.facebook.com\/lesexplorateurscatalans"],"url":"https:\/\/lesexplorateurscatalans.fr\/index.php\/author\/admin\/"}]}},"amp_enabled":true,"_links":{"self":[{"href":"https:\/\/lesexplorateurscatalans.fr\/index.php\/wp-json\/wp\/v2\/posts\/1299","targetHints":{"allow":["GET"]}}],"collection":[{"href":"https:\/\/lesexplorateurscatalans.fr\/index.php\/wp-json\/wp\/v2\/posts"}],"about":[{"href":"https:\/\/lesexplorateurscatalans.fr\/index.php\/wp-json\/wp\/v2\/types\/post"}],"author":[{"embeddable":true,"href":"https:\/\/lesexplorateurscatalans.fr\/index.php\/wp-json\/wp\/v2\/users\/1"}],"replies":[{"embeddable":true,"href":"https:\/\/lesexplorateurscatalans.fr\/index.php\/wp-json\/wp\/v2\/comments?post=1299"}],"version-history":[{"count":1,"href":"https:\/\/lesexplorateurscatalans.fr\/index.php\/wp-json\/wp\/v2\/posts\/1299\/revisions"}],"predecessor-version":[{"id":1306,"href":"https:\/\/lesexplorateurscatalans.fr\/index.php\/wp-json\/wp\/v2\/posts\/1299\/revisions\/1306"}],"wp:featuredmedia":[{"embeddable":true,"href":"https:\/\/lesexplorateurscatalans.fr\/index.php\/wp-json\/wp\/v2\/media\/1304"}],"wp:attachment":[{"href":"https:\/\/lesexplorateurscatalans.fr\/index.php\/wp-json\/wp\/v2\/media?parent=1299"}],"wp:term":[{"taxonomy":"category","embeddable":true,"href":"https:\/\/lesexplorateurscatalans.fr\/index.php\/wp-json\/wp\/v2\/categories?post=1299"},{"taxonomy":"post_tag","embeddable":true,"href":"https:\/\/lesexplorateurscatalans.fr\/index.php\/wp-json\/wp\/v2\/tags?post=1299"}],"curies":[{"name":"wp","href":"https:\/\/api.w.org\/{rel}","templated":true}]}}