{"id":149,"date":"2024-04-28T18:44:45","date_gmt":"2024-04-28T16:44:45","guid":{"rendered":"http:\/\/tdi_50_c6f"},"modified":"2025-06-21T10:12:55","modified_gmt":"2025-06-21T08:12:55","slug":"le-pont-tibetain-de-canillo","status":"publish","type":"post","link":"https:\/\/lesexplorateurscatalans.fr\/index.php\/2024\/04\/28\/le-pont-tibetain-de-canillo\/","title":{"rendered":"Le Pont Tib\u00e9tain de Canillo"},"content":{"rendered":"\n<blockquote class=\"embedly-card\" data-card-controls=\"0\" data-card-key=\"f1631a41cb254ca5b035dc5747a5bd75\"><h4><a href=\"https:\/\/www.relive.cc\/view\/v1vj9JYRdYq?r=embed-site\">Relive &lsquo;Le plus long pont tib\u00e9tain du monde !&rsquo;<\/a><\/h4><\/blockquote>\n        <script async src=\"https:\/\/cdn.embedly.com\/widgets\/platform.js\" charset=\"UTF-8\"><\/script>\n\n\n<h2 dir=\"ltr\">Le Pont Tib\u00e9tain de Canillo : Un Voyage entre Ciel et Terre<\/h2>\n<p dir=\"ltr\">D\u00e9couvrez le Pont Tib\u00e9tain de Canillo, une merveille d&rsquo;Andorre qui offre bien plus qu&rsquo;une simple travers\u00e9e. Ce pont suspendu, nich\u00e9 dans les paysages \u00e0 couper le souffle des Pyr\u00e9n\u00e9es, repr\u00e9sente une invitation \u00e0 l&rsquo;aventure pour tous les amoureux de la nature et les passionn\u00e9s de randonn\u00e9e.<\/p>\n<h2 dir=\"ltr\">Une \u00c9chapp\u00e9e au C\u0153ur des Pyr\u00e9n\u00e9es<\/h2>\n<p dir=\"ltr\">Le Pont Tib\u00e9tain de Canillo n&rsquo;est pas seulement une prouesse d&rsquo;ing\u00e9nierie; c&rsquo;est une porte ouverte sur l&rsquo;immensit\u00e9 des paysages andorrans, o\u00f9 la grandeur de la nature enveloppe chaque visiteur dans un \u00e9crin de beaut\u00e9 pure.<\/p>\n<h3 dir=\"ltr\">Un Chemin vers l&rsquo;Inconnu<\/h3>\n<p dir=\"ltr\">La randonn\u00e9e menant au Pont Tib\u00e9tain est jalonn\u00e9e de vues imprenables, de sentiers forestiers et de cours d&rsquo;eau chantants, offrant une exp\u00e9rience inoubliable. Chaque pas vers le pont est un pas de plus vers la d\u00e9couverte de soi et de la splendeur naturelle d&rsquo;Andorre.<\/p>\n<h3 dir=\"ltr\">La Danse avec le Vent<\/h3>\n<p dir=\"ltr\">Se tenir au milieu du pont, c&rsquo;est exp\u00e9rimenter une sensation de libert\u00e9 absolue. Les randonneurs sont invit\u00e9s \u00e0 savourer l&rsquo;instant pr\u00e9sent, suspendus entre le ciel et la terre, dans un moment de communion totale avec la nature.<\/p>\n<h2 dir=\"ltr\">Pourquoi le Pont Tib\u00e9tain de Canillo est un Must-See<\/h2>\n<p dir=\"ltr\">Le Pont Tib\u00e9tain de Canillo transcende l&rsquo;exp\u00e9rience de la randonn\u00e9e classique. Il offre une aventure unique, enrichissant le c\u0153ur et l&rsquo;esprit de chaque explorateur. C&rsquo;est un lieu o\u00f9 le r\u00eave et la r\u00e9alit\u00e9 se fondent, o\u00f9 l&rsquo;horizon s&rsquo;\u00e9largit et o\u00f9 l&rsquo;\u00e2me s&rsquo;envole.<\/p>\n<h3 dir=\"ltr\">Conseils pour Votre Aventure<\/h3>\n<ul>\n<li dir=\"ltr\" aria-level=\"1\">\n<p dir=\"ltr\" role=\"presentation\">Pr\u00e9paration : Bien que la randonn\u00e9e soit accessible, une bonne pr\u00e9paration est essentielle. N&rsquo;oubliez pas de porter des chaussures de randonn\u00e9e adapt\u00e9es et d&rsquo;apporter suffisamment d&rsquo;eau.<\/p>\n<\/li>\n<li dir=\"ltr\" aria-level=\"1\">\n<p dir=\"ltr\" role=\"presentation\">Meilleur Moment pour Visiter : Pour une exp\u00e9rience optimale, privil\u00e9giez les heures matinales ou tardives, afin d&rsquo;\u00e9viter la foule et de profiter pleinement de la tranquillit\u00e9 du site.<\/p>\n<\/li>\n<\/ul>\n\n\n<div class=\"wp-block-file\"><a id=\"wp-block-file--media-3e8e436e-8eaf-4a85-8a07-733989529300\" href=\"https:\/\/lesexplorateurscatalans.fr\/wp-content\/uploads\/2024\/04\/canillo-pont-tibeta.gpx\"><strong>T\u00e9l\u00e9chargez le fichier GPX : <\/strong><\/a><a href=\"https:\/\/lesexplorateurscatalans.fr\/wp-content\/uploads\/2024\/04\/canillo-pont-tibeta.gpx\" class=\"wp-block-file__button wp-element-button\" download aria-describedby=\"wp-block-file--media-3e8e436e-8eaf-4a85-8a07-733989529300\">T\u00e9l\u00e9charger<\/a><\/div>\n\n\n\n<!DOCTYPE html>\n<html lang=\"fr\">\n<head>\n  <meta charset=\"UTF-8\">\n  <meta name=\"viewport\" content=\"width=device-width, initial-scale=1.0\">\n  <title>Randonn\u00e9e du Pont Tib\u00e9tain de Canillo &#8211; Informations essentielles<\/title>\n  <link rel=\"stylesheet\" href=\"https:\/\/cdnjs.cloudflare.com\/ajax\/libs\/font-awesome\/6.2.0\/css\/all.min.css\">\n  <style>\n    .bandeau {\n      background-color: #2980b9;\n      color: #fff;\n      padding: 10px;\n      display: flex;\n      justify-content: space-between;\n      align-items: center;\n    }\n    .icone {\n      margin-right: 10px;\n      font-size: 20px;\n    }\n    .vert {\n      color: #00ff00;\n    }\n    .rouge {\n      color: #ff0000;\n    }\n    .texte {\n      font-family: Arial, sans-serif;\n      font-weight: bold;\n    }\n    .valeur {\n      font-family: Arial, sans-serif;\n      font-weight: normal;\n      margin-top: 5px;\n    }\n    .item {\n      display: flex;\n      flex-direction: column;\n      align-items: center;\n    }\n  <\/style>\n<\/head>\n<body>\n  <div class=\"bandeau\">\n    <div class=\"icone\"><i class=\"fas fa-hiking\"><\/i><\/div>\n    <div class=\"texte\">Randonn\u00e9e du Pont Tib\u00e9tain de Canillo<\/div>\n    <div class=\"item\">\n      <div class=\"icone vert\"><i class=\"fas fa-clock\"><\/i><\/div>\n      <div class=\"valeur\">Dur\u00e9e : 2 heures<\/div>\n    <\/div>\n    <div class=\"item\">\n      <div class=\"icone vert\"><i class=\"fas fa-ruler-combined\"><\/i><\/div>\n      <div class=\"valeur\">Distance : 3 km<\/div>\n    <\/div>\n    <div class=\"item\">\n      <div class=\"icone vert\"><i class=\"fas fa-mountain\"><\/i><\/div>\n      <div class=\"valeur\">D\u00e9nivel\u00e9 : 150 m<\/div>\n    <\/div>\n    <div class=\"item\">\n      <div class=\"icone rouge\"><i class=\"fas fa-paw\"><\/i><\/div>\n      <div class=\"valeur\">Non accessible aux chiens<\/div>\n    <\/div>\n    <div class=\"item\">\n      <div class=\"icone vert\"><i class=\"fas fa-child\"><\/i><\/div>\n      <div class=\"valeur\">Accessible aux enfants \u00e0 partir de 8 ans<\/div>\n    <\/div>\n    <div class=\"item\">\n      <div class=\"icone rouge\"><i class=\"fas fa-wheelchair\"><\/i><\/div>\n      <div class=\"valeur\">Non accessible aux personnes \u00e0 mobilit\u00e9 r\u00e9duite<\/div>\n    <\/div>\n  <\/div>\n<\/body>\n<\/html>\n\n\n\n<hr class=\"wp-block-separator has-alpha-channel-opacity\"\/>\n\n\n\n<figure class=\"wp-block-gallery has-nested-images columns-default is-cropped wp-block-gallery-1 is-layout-flex wp-block-gallery-is-layout-flex\">\n<figure class=\"wp-block-image size-large\"><img loading=\"lazy\" decoding=\"async\" width=\"1024\" height=\"768\" data-id=\"364\" src=\"https:\/\/54.38.190.219\/wp-content\/uploads\/2024\/04\/IMG_8229-1024x768.jpeg\" alt=\"\" class=\"wp-image-364\" srcset=\"https:\/\/lesexplorateurscatalans.fr\/wp-content\/uploads\/2024\/04\/IMG_8229-1024x768.jpeg 1024w, https:\/\/lesexplorateurscatalans.fr\/wp-content\/uploads\/2024\/04\/IMG_8229-300x225.jpeg 300w, https:\/\/lesexplorateurscatalans.fr\/wp-content\/uploads\/2024\/04\/IMG_8229-768x576.jpeg 768w, https:\/\/lesexplorateurscatalans.fr\/wp-content\/uploads\/2024\/04\/IMG_8229-1536x1152.jpeg 1536w, https:\/\/lesexplorateurscatalans.fr\/wp-content\/uploads\/2024\/04\/IMG_8229-560x420.jpeg 560w, https:\/\/lesexplorateurscatalans.fr\/wp-content\/uploads\/2024\/04\/IMG_8229-80x60.jpeg 80w, https:\/\/lesexplorateurscatalans.fr\/wp-content\/uploads\/2024\/04\/IMG_8229-696x522.jpeg 696w, https:\/\/lesexplorateurscatalans.fr\/wp-content\/uploads\/2024\/04\/IMG_8229-1068x801.jpeg 1068w, https:\/\/lesexplorateurscatalans.fr\/wp-content\/uploads\/2024\/04\/IMG_8229-1920x1440.jpeg 1920w, https:\/\/lesexplorateurscatalans.fr\/wp-content\/uploads\/2024\/04\/IMG_8229-265x198.jpeg 265w, https:\/\/lesexplorateurscatalans.fr\/wp-content\/uploads\/2024\/04\/IMG_8229.jpeg 2048w\" sizes=\"auto, (max-width: 1024px) 100vw, 1024px\" \/><\/figure>\n\n\n\n<figure class=\"wp-block-image size-large\"><img loading=\"lazy\" decoding=\"async\" width=\"1024\" height=\"768\" data-id=\"365\" src=\"https:\/\/54.38.190.219\/wp-content\/uploads\/2024\/04\/IMG_8230-1024x768.jpeg\" alt=\"\" class=\"wp-image-365\" srcset=\"https:\/\/lesexplorateurscatalans.fr\/wp-content\/uploads\/2024\/04\/IMG_8230-1024x768.jpeg 1024w, https:\/\/lesexplorateurscatalans.fr\/wp-content\/uploads\/2024\/04\/IMG_8230-300x225.jpeg 300w, https:\/\/lesexplorateurscatalans.fr\/wp-content\/uploads\/2024\/04\/IMG_8230-768x576.jpeg 768w, https:\/\/lesexplorateurscatalans.fr\/wp-content\/uploads\/2024\/04\/IMG_8230-1536x1152.jpeg 1536w, https:\/\/lesexplorateurscatalans.fr\/wp-content\/uploads\/2024\/04\/IMG_8230-560x420.jpeg 560w, https:\/\/lesexplorateurscatalans.fr\/wp-content\/uploads\/2024\/04\/IMG_8230-80x60.jpeg 80w, https:\/\/lesexplorateurscatalans.fr\/wp-content\/uploads\/2024\/04\/IMG_8230-696x522.jpeg 696w, https:\/\/lesexplorateurscatalans.fr\/wp-content\/uploads\/2024\/04\/IMG_8230-1068x801.jpeg 1068w, https:\/\/lesexplorateurscatalans.fr\/wp-content\/uploads\/2024\/04\/IMG_8230-1920x1440.jpeg 1920w, https:\/\/lesexplorateurscatalans.fr\/wp-content\/uploads\/2024\/04\/IMG_8230-265x198.jpeg 265w, https:\/\/lesexplorateurscatalans.fr\/wp-content\/uploads\/2024\/04\/IMG_8230.jpeg 2048w\" sizes=\"auto, (max-width: 1024px) 100vw, 1024px\" \/><\/figure>\n\n\n\n<figure class=\"wp-block-image size-large\"><img loading=\"lazy\" decoding=\"async\" width=\"1024\" height=\"768\" data-id=\"367\" src=\"https:\/\/54.38.190.219\/wp-content\/uploads\/2024\/04\/IMG_8232-1024x768.jpeg\" alt=\"\" class=\"wp-image-367\" srcset=\"https:\/\/lesexplorateurscatalans.fr\/wp-content\/uploads\/2024\/04\/IMG_8232-1024x768.jpeg 1024w, https:\/\/lesexplorateurscatalans.fr\/wp-content\/uploads\/2024\/04\/IMG_8232-300x225.jpeg 300w, https:\/\/lesexplorateurscatalans.fr\/wp-content\/uploads\/2024\/04\/IMG_8232-768x576.jpeg 768w, https:\/\/lesexplorateurscatalans.fr\/wp-content\/uploads\/2024\/04\/IMG_8232-1536x1152.jpeg 1536w, https:\/\/lesexplorateurscatalans.fr\/wp-content\/uploads\/2024\/04\/IMG_8232-560x420.jpeg 560w, https:\/\/lesexplorateurscatalans.fr\/wp-content\/uploads\/2024\/04\/IMG_8232-80x60.jpeg 80w, https:\/\/lesexplorateurscatalans.fr\/wp-content\/uploads\/2024\/04\/IMG_8232-696x522.jpeg 696w, https:\/\/lesexplorateurscatalans.fr\/wp-content\/uploads\/2024\/04\/IMG_8232-1068x801.jpeg 1068w, https:\/\/lesexplorateurscatalans.fr\/wp-content\/uploads\/2024\/04\/IMG_8232-1920x1440.jpeg 1920w, https:\/\/lesexplorateurscatalans.fr\/wp-content\/uploads\/2024\/04\/IMG_8232-265x198.jpeg 265w, https:\/\/lesexplorateurscatalans.fr\/wp-content\/uploads\/2024\/04\/IMG_8232.jpeg 2048w\" sizes=\"auto, (max-width: 1024px) 100vw, 1024px\" \/><\/figure>\n\n\n\n<figure class=\"wp-block-image size-large\"><img loading=\"lazy\" decoding=\"async\" width=\"1024\" height=\"768\" data-id=\"368\" src=\"https:\/\/54.38.190.219\/wp-content\/uploads\/2024\/04\/IMG_8233-1024x768.jpeg\" alt=\"\" class=\"wp-image-368\" srcset=\"https:\/\/lesexplorateurscatalans.fr\/wp-content\/uploads\/2024\/04\/IMG_8233-1024x768.jpeg 1024w, https:\/\/lesexplorateurscatalans.fr\/wp-content\/uploads\/2024\/04\/IMG_8233-300x225.jpeg 300w, https:\/\/lesexplorateurscatalans.fr\/wp-content\/uploads\/2024\/04\/IMG_8233-768x576.jpeg 768w, https:\/\/lesexplorateurscatalans.fr\/wp-content\/uploads\/2024\/04\/IMG_8233-1536x1152.jpeg 1536w, https:\/\/lesexplorateurscatalans.fr\/wp-content\/uploads\/2024\/04\/IMG_8233-560x420.jpeg 560w, https:\/\/lesexplorateurscatalans.fr\/wp-content\/uploads\/2024\/04\/IMG_8233-80x60.jpeg 80w, https:\/\/lesexplorateurscatalans.fr\/wp-content\/uploads\/2024\/04\/IMG_8233-696x522.jpeg 696w, https:\/\/lesexplorateurscatalans.fr\/wp-content\/uploads\/2024\/04\/IMG_8233-1068x801.jpeg 1068w, https:\/\/lesexplorateurscatalans.fr\/wp-content\/uploads\/2024\/04\/IMG_8233-1920x1440.jpeg 1920w, https:\/\/lesexplorateurscatalans.fr\/wp-content\/uploads\/2024\/04\/IMG_8233-265x198.jpeg 265w, https:\/\/lesexplorateurscatalans.fr\/wp-content\/uploads\/2024\/04\/IMG_8233.jpeg 2048w\" sizes=\"auto, (max-width: 1024px) 100vw, 1024px\" \/><\/figure>\n\n\n\n<figure class=\"wp-block-image size-large\"><img loading=\"lazy\" decoding=\"async\" width=\"768\" height=\"1024\" data-id=\"356\" src=\"https:\/\/54.38.190.219\/wp-content\/uploads\/2024\/04\/IMG_8234-768x1024.jpeg\" alt=\"\" class=\"wp-image-356\" srcset=\"https:\/\/lesexplorateurscatalans.fr\/wp-content\/uploads\/2024\/04\/IMG_8234-768x1024.jpeg 768w, https:\/\/lesexplorateurscatalans.fr\/wp-content\/uploads\/2024\/04\/IMG_8234-225x300.jpeg 225w, https:\/\/lesexplorateurscatalans.fr\/wp-content\/uploads\/2024\/04\/IMG_8234-1152x1536.jpeg 1152w, https:\/\/lesexplorateurscatalans.fr\/wp-content\/uploads\/2024\/04\/IMG_8234-315x420.jpeg 315w, https:\/\/lesexplorateurscatalans.fr\/wp-content\/uploads\/2024\/04\/IMG_8234-696x928.jpeg 696w, https:\/\/lesexplorateurscatalans.fr\/wp-content\/uploads\/2024\/04\/IMG_8234-1068x1424.jpeg 1068w, https:\/\/lesexplorateurscatalans.fr\/wp-content\/uploads\/2024\/04\/IMG_8234.jpeg 1536w\" sizes=\"auto, (max-width: 768px) 100vw, 768px\" \/><\/figure>\n\n\n\n<figure class=\"wp-block-image size-large\"><img loading=\"lazy\" decoding=\"async\" width=\"1024\" height=\"768\" data-id=\"353\" src=\"https:\/\/54.38.190.219\/wp-content\/uploads\/2024\/04\/IMG_8235-1024x768.jpeg\" alt=\"\" class=\"wp-image-353\" srcset=\"https:\/\/lesexplorateurscatalans.fr\/wp-content\/uploads\/2024\/04\/IMG_8235-1024x768.jpeg 1024w, https:\/\/lesexplorateurscatalans.fr\/wp-content\/uploads\/2024\/04\/IMG_8235-300x225.jpeg 300w, https:\/\/lesexplorateurscatalans.fr\/wp-content\/uploads\/2024\/04\/IMG_8235-768x576.jpeg 768w, https:\/\/lesexplorateurscatalans.fr\/wp-content\/uploads\/2024\/04\/IMG_8235-1536x1152.jpeg 1536w, https:\/\/lesexplorateurscatalans.fr\/wp-content\/uploads\/2024\/04\/IMG_8235-560x420.jpeg 560w, https:\/\/lesexplorateurscatalans.fr\/wp-content\/uploads\/2024\/04\/IMG_8235-80x60.jpeg 80w, https:\/\/lesexplorateurscatalans.fr\/wp-content\/uploads\/2024\/04\/IMG_8235-696x522.jpeg 696w, https:\/\/lesexplorateurscatalans.fr\/wp-content\/uploads\/2024\/04\/IMG_8235-1068x801.jpeg 1068w, https:\/\/lesexplorateurscatalans.fr\/wp-content\/uploads\/2024\/04\/IMG_8235-1920x1440.jpeg 1920w, https:\/\/lesexplorateurscatalans.fr\/wp-content\/uploads\/2024\/04\/IMG_8235-265x198.jpeg 265w, https:\/\/lesexplorateurscatalans.fr\/wp-content\/uploads\/2024\/04\/IMG_8235.jpeg 2048w\" sizes=\"auto, (max-width: 1024px) 100vw, 1024px\" \/><\/figure>\n\n\n\n<figure class=\"wp-block-image size-large\"><img loading=\"lazy\" decoding=\"async\" width=\"1024\" height=\"768\" data-id=\"354\" src=\"https:\/\/54.38.190.219\/wp-content\/uploads\/2024\/04\/IMG_8249-1024x768.jpeg\" alt=\"\" class=\"wp-image-354\" srcset=\"https:\/\/lesexplorateurscatalans.fr\/wp-content\/uploads\/2024\/04\/IMG_8249-1024x768.jpeg 1024w, https:\/\/lesexplorateurscatalans.fr\/wp-content\/uploads\/2024\/04\/IMG_8249-300x225.jpeg 300w, https:\/\/lesexplorateurscatalans.fr\/wp-content\/uploads\/2024\/04\/IMG_8249-768x576.jpeg 768w, https:\/\/lesexplorateurscatalans.fr\/wp-content\/uploads\/2024\/04\/IMG_8249-1536x1152.jpeg 1536w, https:\/\/lesexplorateurscatalans.fr\/wp-content\/uploads\/2024\/04\/IMG_8249-560x420.jpeg 560w, https:\/\/lesexplorateurscatalans.fr\/wp-content\/uploads\/2024\/04\/IMG_8249-80x60.jpeg 80w, https:\/\/lesexplorateurscatalans.fr\/wp-content\/uploads\/2024\/04\/IMG_8249-696x522.jpeg 696w, https:\/\/lesexplorateurscatalans.fr\/wp-content\/uploads\/2024\/04\/IMG_8249-1068x801.jpeg 1068w, https:\/\/lesexplorateurscatalans.fr\/wp-content\/uploads\/2024\/04\/IMG_8249-1920x1440.jpeg 1920w, https:\/\/lesexplorateurscatalans.fr\/wp-content\/uploads\/2024\/04\/IMG_8249-265x198.jpeg 265w, https:\/\/lesexplorateurscatalans.fr\/wp-content\/uploads\/2024\/04\/IMG_8249.jpeg 2048w\" sizes=\"auto, (max-width: 1024px) 100vw, 1024px\" \/><\/figure>\n\n\n\n<figure class=\"wp-block-image size-large\"><img loading=\"lazy\" decoding=\"async\" width=\"1024\" height=\"768\" data-id=\"355\" src=\"https:\/\/54.38.190.219\/wp-content\/uploads\/2024\/04\/IMG_8250-1024x768.jpeg\" alt=\"\" class=\"wp-image-355\" srcset=\"https:\/\/lesexplorateurscatalans.fr\/wp-content\/uploads\/2024\/04\/IMG_8250-1024x768.jpeg 1024w, https:\/\/lesexplorateurscatalans.fr\/wp-content\/uploads\/2024\/04\/IMG_8250-300x225.jpeg 300w, https:\/\/lesexplorateurscatalans.fr\/wp-content\/uploads\/2024\/04\/IMG_8250-768x576.jpeg 768w, https:\/\/lesexplorateurscatalans.fr\/wp-content\/uploads\/2024\/04\/IMG_8250-1536x1152.jpeg 1536w, https:\/\/lesexplorateurscatalans.fr\/wp-content\/uploads\/2024\/04\/IMG_8250-560x420.jpeg 560w, https:\/\/lesexplorateurscatalans.fr\/wp-content\/uploads\/2024\/04\/IMG_8250-80x60.jpeg 80w, https:\/\/lesexplorateurscatalans.fr\/wp-content\/uploads\/2024\/04\/IMG_8250-696x522.jpeg 696w, https:\/\/lesexplorateurscatalans.fr\/wp-content\/uploads\/2024\/04\/IMG_8250-1068x801.jpeg 1068w, https:\/\/lesexplorateurscatalans.fr\/wp-content\/uploads\/2024\/04\/IMG_8250-1920x1440.jpeg 1920w, https:\/\/lesexplorateurscatalans.fr\/wp-content\/uploads\/2024\/04\/IMG_8250-265x198.jpeg 265w, https:\/\/lesexplorateurscatalans.fr\/wp-content\/uploads\/2024\/04\/IMG_8250.jpeg 2048w\" sizes=\"auto, (max-width: 1024px) 100vw, 1024px\" \/><\/figure>\n\n\n\n<figure class=\"wp-block-image size-large\"><img loading=\"lazy\" decoding=\"async\" width=\"1024\" height=\"768\" data-id=\"358\" src=\"https:\/\/54.38.190.219\/wp-content\/uploads\/2024\/04\/IMG_8251-1024x768.jpeg\" alt=\"\" class=\"wp-image-358\" srcset=\"https:\/\/lesexplorateurscatalans.fr\/wp-content\/uploads\/2024\/04\/IMG_8251-1024x768.jpeg 1024w, https:\/\/lesexplorateurscatalans.fr\/wp-content\/uploads\/2024\/04\/IMG_8251-300x225.jpeg 300w, https:\/\/lesexplorateurscatalans.fr\/wp-content\/uploads\/2024\/04\/IMG_8251-768x576.jpeg 768w, https:\/\/lesexplorateurscatalans.fr\/wp-content\/uploads\/2024\/04\/IMG_8251-1536x1152.jpeg 1536w, https:\/\/lesexplorateurscatalans.fr\/wp-content\/uploads\/2024\/04\/IMG_8251-560x420.jpeg 560w, https:\/\/lesexplorateurscatalans.fr\/wp-content\/uploads\/2024\/04\/IMG_8251-80x60.jpeg 80w, https:\/\/lesexplorateurscatalans.fr\/wp-content\/uploads\/2024\/04\/IMG_8251-696x522.jpeg 696w, https:\/\/lesexplorateurscatalans.fr\/wp-content\/uploads\/2024\/04\/IMG_8251-1068x801.jpeg 1068w, https:\/\/lesexplorateurscatalans.fr\/wp-content\/uploads\/2024\/04\/IMG_8251-1920x1440.jpeg 1920w, https:\/\/lesexplorateurscatalans.fr\/wp-content\/uploads\/2024\/04\/IMG_8251-265x198.jpeg 265w, https:\/\/lesexplorateurscatalans.fr\/wp-content\/uploads\/2024\/04\/IMG_8251.jpeg 2048w\" sizes=\"auto, (max-width: 1024px) 100vw, 1024px\" \/><\/figure>\n\n\n\n<figure class=\"wp-block-image size-large\"><img loading=\"lazy\" decoding=\"async\" width=\"1024\" height=\"768\" data-id=\"357\" src=\"https:\/\/54.38.190.219\/wp-content\/uploads\/2024\/04\/IMG_8252-1024x768.jpeg\" alt=\"\" class=\"wp-image-357\" srcset=\"https:\/\/lesexplorateurscatalans.fr\/wp-content\/uploads\/2024\/04\/IMG_8252-1024x768.jpeg 1024w, https:\/\/lesexplorateurscatalans.fr\/wp-content\/uploads\/2024\/04\/IMG_8252-300x225.jpeg 300w, https:\/\/lesexplorateurscatalans.fr\/wp-content\/uploads\/2024\/04\/IMG_8252-768x576.jpeg 768w, https:\/\/lesexplorateurscatalans.fr\/wp-content\/uploads\/2024\/04\/IMG_8252-1536x1152.jpeg 1536w, https:\/\/lesexplorateurscatalans.fr\/wp-content\/uploads\/2024\/04\/IMG_8252-560x420.jpeg 560w, https:\/\/lesexplorateurscatalans.fr\/wp-content\/uploads\/2024\/04\/IMG_8252-80x60.jpeg 80w, https:\/\/lesexplorateurscatalans.fr\/wp-content\/uploads\/2024\/04\/IMG_8252-696x522.jpeg 696w, https:\/\/lesexplorateurscatalans.fr\/wp-content\/uploads\/2024\/04\/IMG_8252-1068x801.jpeg 1068w, https:\/\/lesexplorateurscatalans.fr\/wp-content\/uploads\/2024\/04\/IMG_8252-1920x1440.jpeg 1920w, https:\/\/lesexplorateurscatalans.fr\/wp-content\/uploads\/2024\/04\/IMG_8252-265x198.jpeg 265w, https:\/\/lesexplorateurscatalans.fr\/wp-content\/uploads\/2024\/04\/IMG_8252.jpeg 2048w\" sizes=\"auto, (max-width: 1024px) 100vw, 1024px\" \/><\/figure>\n\n\n\n<figure class=\"wp-block-image size-large\"><img loading=\"lazy\" decoding=\"async\" width=\"1024\" height=\"768\" data-id=\"359\" src=\"https:\/\/54.38.190.219\/wp-content\/uploads\/2024\/04\/IMG_8253-1024x768.jpeg\" alt=\"\" class=\"wp-image-359\" srcset=\"https:\/\/lesexplorateurscatalans.fr\/wp-content\/uploads\/2024\/04\/IMG_8253-1024x768.jpeg 1024w, https:\/\/lesexplorateurscatalans.fr\/wp-content\/uploads\/2024\/04\/IMG_8253-300x225.jpeg 300w, https:\/\/lesexplorateurscatalans.fr\/wp-content\/uploads\/2024\/04\/IMG_8253-768x576.jpeg 768w, https:\/\/lesexplorateurscatalans.fr\/wp-content\/uploads\/2024\/04\/IMG_8253-1536x1152.jpeg 1536w, https:\/\/lesexplorateurscatalans.fr\/wp-content\/uploads\/2024\/04\/IMG_8253-560x420.jpeg 560w, https:\/\/lesexplorateurscatalans.fr\/wp-content\/uploads\/2024\/04\/IMG_8253-80x60.jpeg 80w, https:\/\/lesexplorateurscatalans.fr\/wp-content\/uploads\/2024\/04\/IMG_8253-696x522.jpeg 696w, https:\/\/lesexplorateurscatalans.fr\/wp-content\/uploads\/2024\/04\/IMG_8253-1068x801.jpeg 1068w, https:\/\/lesexplorateurscatalans.fr\/wp-content\/uploads\/2024\/04\/IMG_8253-1920x1440.jpeg 1920w, https:\/\/lesexplorateurscatalans.fr\/wp-content\/uploads\/2024\/04\/IMG_8253-265x198.jpeg 265w, https:\/\/lesexplorateurscatalans.fr\/wp-content\/uploads\/2024\/04\/IMG_8253.jpeg 2048w\" sizes=\"auto, (max-width: 1024px) 100vw, 1024px\" \/><\/figure>\n\n\n\n<figure class=\"wp-block-image size-large\"><img loading=\"lazy\" decoding=\"async\" width=\"1024\" height=\"768\" data-id=\"361\" src=\"https:\/\/54.38.190.219\/wp-content\/uploads\/2024\/04\/IMG_8255-1024x768.jpeg\" alt=\"\" class=\"wp-image-361\" srcset=\"https:\/\/lesexplorateurscatalans.fr\/wp-content\/uploads\/2024\/04\/IMG_8255-1024x768.jpeg 1024w, https:\/\/lesexplorateurscatalans.fr\/wp-content\/uploads\/2024\/04\/IMG_8255-300x225.jpeg 300w, https:\/\/lesexplorateurscatalans.fr\/wp-content\/uploads\/2024\/04\/IMG_8255-768x576.jpeg 768w, https:\/\/lesexplorateurscatalans.fr\/wp-content\/uploads\/2024\/04\/IMG_8255-1536x1152.jpeg 1536w, https:\/\/lesexplorateurscatalans.fr\/wp-content\/uploads\/2024\/04\/IMG_8255-560x420.jpeg 560w, https:\/\/lesexplorateurscatalans.fr\/wp-content\/uploads\/2024\/04\/IMG_8255-80x60.jpeg 80w, https:\/\/lesexplorateurscatalans.fr\/wp-content\/uploads\/2024\/04\/IMG_8255-696x522.jpeg 696w, https:\/\/lesexplorateurscatalans.fr\/wp-content\/uploads\/2024\/04\/IMG_8255-1068x801.jpeg 1068w, https:\/\/lesexplorateurscatalans.fr\/wp-content\/uploads\/2024\/04\/IMG_8255-1920x1440.jpeg 1920w, https:\/\/lesexplorateurscatalans.fr\/wp-content\/uploads\/2024\/04\/IMG_8255-265x198.jpeg 265w, https:\/\/lesexplorateurscatalans.fr\/wp-content\/uploads\/2024\/04\/IMG_8255.jpeg 2048w\" sizes=\"auto, (max-width: 1024px) 100vw, 1024px\" \/><\/figure>\n\n\n\n<figure class=\"wp-block-image size-large\"><img loading=\"lazy\" decoding=\"async\" width=\"1024\" height=\"768\" data-id=\"363\" src=\"https:\/\/54.38.190.219\/wp-content\/uploads\/2024\/04\/IMG_8257-1024x768.jpeg\" alt=\"\" class=\"wp-image-363\" srcset=\"https:\/\/lesexplorateurscatalans.fr\/wp-content\/uploads\/2024\/04\/IMG_8257-1024x768.jpeg 1024w, https:\/\/lesexplorateurscatalans.fr\/wp-content\/uploads\/2024\/04\/IMG_8257-300x225.jpeg 300w, https:\/\/lesexplorateurscatalans.fr\/wp-content\/uploads\/2024\/04\/IMG_8257-768x576.jpeg 768w, https:\/\/lesexplorateurscatalans.fr\/wp-content\/uploads\/2024\/04\/IMG_8257-1536x1152.jpeg 1536w, https:\/\/lesexplorateurscatalans.fr\/wp-content\/uploads\/2024\/04\/IMG_8257-560x420.jpeg 560w, https:\/\/lesexplorateurscatalans.fr\/wp-content\/uploads\/2024\/04\/IMG_8257-80x60.jpeg 80w, https:\/\/lesexplorateurscatalans.fr\/wp-content\/uploads\/2024\/04\/IMG_8257-696x522.jpeg 696w, https:\/\/lesexplorateurscatalans.fr\/wp-content\/uploads\/2024\/04\/IMG_8257-1068x801.jpeg 1068w, https:\/\/lesexplorateurscatalans.fr\/wp-content\/uploads\/2024\/04\/IMG_8257-1920x1440.jpeg 1920w, https:\/\/lesexplorateurscatalans.fr\/wp-content\/uploads\/2024\/04\/IMG_8257-265x198.jpeg 265w, https:\/\/lesexplorateurscatalans.fr\/wp-content\/uploads\/2024\/04\/IMG_8257.jpeg 2048w\" sizes=\"auto, (max-width: 1024px) 100vw, 1024px\" \/><\/figure>\n<\/figure>\n\n\n","protected":false},"excerpt":{"rendered":"<p>Le Pont Tib\u00e9tain de Canillo est une attraction incontournable en Andorre. Cette structure suspendue offre des vues imprenables sur les paysages montagneux des Pyr\u00e9n\u00e9es. Accessible par une randonn\u00e9e de 3 km, ce pont est une exp\u00e9rience unique pour les amateurs de nature et d&rsquo;aventure. Pour plus de d\u00e9tails sur l&rsquo;acc\u00e8s et les conseils de visite, consultez l&rsquo;article sur Les Explorateurs Catalans.<\/p>\n","protected":false},"author":1,"featured_media":358,"comment_status":"open","ping_status":"open","sticky":false,"template":"","format":"standard","meta":{"tdm_status":"","tdm_grid_status":"","footnotes":""},"categories":[16],"tags":[76,28,42,72,71,79,77,78,39,65],"class_list":{"0":"post-149","1":"post","2":"type-post","3":"status-publish","4":"format-standard","5":"has-post-thumbnail","7":"category-randonnees","8":"tag-andorre","9":"tag-aventure","10":"tag-les-explorateurs-catalans","11":"tag-nature","12":"tag-paysages-spectaculaires","13":"tag-pont-suspendu","14":"tag-pont-tibetain-de-canillo","15":"tag-pyrenees","16":"tag-randonnee","17":"tag-tourisme"},"yoast_head":"<!-- This site is optimized with the Yoast SEO plugin v26.5 - https:\/\/yoast.com\/wordpress\/plugins\/seo\/ -->\n<title>Le Pont Tib\u00e9tain de Canillo - Les Explorateurs Catalans<\/title>\n<meta name=\"description\" content=\"D\u00e9couvrez le Pont Tib\u00e9tain de Canillo en Andorre, une prouesse d\u2019ing\u00e9nierie offrant des vues spectaculaires sur les Pyr\u00e9n\u00e9es. Partez en randonn\u00e9e pour une aventure unique entre ciel et terre.\" \/>\n<meta name=\"robots\" content=\"index, follow, max-snippet:-1, max-image-preview:large, max-video-preview:-1\" \/>\n<link rel=\"canonical\" href=\"https:\/\/lesexplorateurscatalans.fr\/index.php\/2024\/04\/28\/le-pont-tibetain-de-canillo\/\" \/>\n<meta property=\"og:locale\" content=\"fr_FR\" \/>\n<meta property=\"og:type\" content=\"article\" \/>\n<meta property=\"og:title\" content=\"Le Pont Tib\u00e9tain de Canillo - Les Explorateurs Catalans\" \/>\n<meta property=\"og:description\" content=\"D\u00e9couvrez le Pont Tib\u00e9tain de Canillo en Andorre, une prouesse d\u2019ing\u00e9nierie offrant des vues spectaculaires sur les Pyr\u00e9n\u00e9es. Partez en randonn\u00e9e pour une aventure unique entre ciel et terre.\" \/>\n<meta property=\"og:url\" content=\"https:\/\/lesexplorateurscatalans.fr\/index.php\/2024\/04\/28\/le-pont-tibetain-de-canillo\/\" \/>\n<meta property=\"og:site_name\" content=\"Les Explorateurs Catalans\" \/>\n<meta property=\"article:publisher\" content=\"https:\/\/www.facebook.com\/lesexplorateurscatalans\" \/>\n<meta property=\"article:author\" content=\"https:\/\/www.facebook.com\/lesexplorateurscatalans\" \/>\n<meta property=\"article:published_time\" content=\"2024-04-28T16:44:45+00:00\" \/>\n<meta property=\"article:modified_time\" content=\"2025-06-21T08:12:55+00:00\" \/>\n<meta property=\"og:image\" content=\"https:\/\/lesexplorateurscatalans.fr\/wp-content\/uploads\/2024\/04\/IMG_8251.jpeg\" \/>\n\t<meta property=\"og:image:width\" content=\"2048\" \/>\n\t<meta property=\"og:image:height\" content=\"1536\" \/>\n\t<meta property=\"og:image:type\" content=\"image\/jpeg\" \/>\n<meta name=\"author\" content=\"Les Explorateurs Catalans\" \/>\n<meta name=\"twitter:card\" content=\"summary_large_image\" \/>\n<meta name=\"twitter:label1\" content=\"\u00c9crit par\" \/>\n\t<meta name=\"twitter:data1\" content=\"Les Explorateurs Catalans\" \/>\n\t<meta name=\"twitter:label2\" content=\"Dur\u00e9e de lecture estim\u00e9e\" \/>\n\t<meta name=\"twitter:data2\" content=\"5 minutes\" \/>\n<script type=\"application\/ld+json\" class=\"yoast-schema-graph\">{\"@context\":\"https:\/\/schema.org\",\"@graph\":[{\"@type\":\"Article\",\"@id\":\"https:\/\/lesexplorateurscatalans.fr\/index.php\/2024\/04\/28\/le-pont-tibetain-de-canillo\/#article\",\"isPartOf\":{\"@id\":\"https:\/\/lesexplorateurscatalans.fr\/index.php\/2024\/04\/28\/le-pont-tibetain-de-canillo\/\"},\"author\":{\"name\":\"Les Explorateurs Catalans\",\"@id\":\"https:\/\/lesexplorateurscatalans.fr\/#\/schema\/person\/0f91d5fd7188c18ca62f2ea37a0f7d02\"},\"headline\":\"Le Pont Tib\u00e9tain de Canillo\",\"datePublished\":\"2024-04-28T16:44:45+00:00\",\"dateModified\":\"2025-06-21T08:12:55+00:00\",\"mainEntityOfPage\":{\"@id\":\"https:\/\/lesexplorateurscatalans.fr\/index.php\/2024\/04\/28\/le-pont-tibetain-de-canillo\/\"},\"wordCount\":420,\"commentCount\":0,\"publisher\":{\"@id\":\"https:\/\/lesexplorateurscatalans.fr\/#organization\"},\"image\":{\"@id\":\"https:\/\/lesexplorateurscatalans.fr\/index.php\/2024\/04\/28\/le-pont-tibetain-de-canillo\/#primaryimage\"},\"thumbnailUrl\":\"https:\/\/lesexplorateurscatalans.fr\/wp-content\/uploads\/2024\/04\/IMG_8251.jpeg\",\"keywords\":[\"Andorre\",\"Aventure\",\"Les Explorateurs Catalans\",\"nature\",\"paysages spectaculaires\",\"pont suspendu\",\"Pont Tib\u00e9tain de Canillo\",\"Pyr\u00e9n\u00e9es\",\"randonn\u00e9e\",\"tourisme\"],\"articleSection\":[\"Randonn\u00e9es\"],\"inLanguage\":\"fr-FR\",\"potentialAction\":[{\"@type\":\"CommentAction\",\"name\":\"Comment\",\"target\":[\"https:\/\/lesexplorateurscatalans.fr\/index.php\/2024\/04\/28\/le-pont-tibetain-de-canillo\/#respond\"]}]},{\"@type\":\"WebPage\",\"@id\":\"https:\/\/lesexplorateurscatalans.fr\/index.php\/2024\/04\/28\/le-pont-tibetain-de-canillo\/\",\"url\":\"https:\/\/lesexplorateurscatalans.fr\/index.php\/2024\/04\/28\/le-pont-tibetain-de-canillo\/\",\"name\":\"Le Pont Tib\u00e9tain de Canillo - Les Explorateurs Catalans\",\"isPartOf\":{\"@id\":\"https:\/\/lesexplorateurscatalans.fr\/#website\"},\"primaryImageOfPage\":{\"@id\":\"https:\/\/lesexplorateurscatalans.fr\/index.php\/2024\/04\/28\/le-pont-tibetain-de-canillo\/#primaryimage\"},\"image\":{\"@id\":\"https:\/\/lesexplorateurscatalans.fr\/index.php\/2024\/04\/28\/le-pont-tibetain-de-canillo\/#primaryimage\"},\"thumbnailUrl\":\"https:\/\/lesexplorateurscatalans.fr\/wp-content\/uploads\/2024\/04\/IMG_8251.jpeg\",\"datePublished\":\"2024-04-28T16:44:45+00:00\",\"dateModified\":\"2025-06-21T08:12:55+00:00\",\"description\":\"D\u00e9couvrez le Pont Tib\u00e9tain de Canillo en Andorre, une prouesse d\u2019ing\u00e9nierie offrant des vues spectaculaires sur les Pyr\u00e9n\u00e9es. Partez en randonn\u00e9e pour une aventure unique entre ciel et terre.\",\"breadcrumb\":{\"@id\":\"https:\/\/lesexplorateurscatalans.fr\/index.php\/2024\/04\/28\/le-pont-tibetain-de-canillo\/#breadcrumb\"},\"inLanguage\":\"fr-FR\",\"potentialAction\":[{\"@type\":\"ReadAction\",\"target\":[\"https:\/\/lesexplorateurscatalans.fr\/index.php\/2024\/04\/28\/le-pont-tibetain-de-canillo\/\"]}]},{\"@type\":\"ImageObject\",\"inLanguage\":\"fr-FR\",\"@id\":\"https:\/\/lesexplorateurscatalans.fr\/index.php\/2024\/04\/28\/le-pont-tibetain-de-canillo\/#primaryimage\",\"url\":\"https:\/\/lesexplorateurscatalans.fr\/wp-content\/uploads\/2024\/04\/IMG_8251.jpeg\",\"contentUrl\":\"https:\/\/lesexplorateurscatalans.fr\/wp-content\/uploads\/2024\/04\/IMG_8251.jpeg\",\"width\":2048,\"height\":1536},{\"@type\":\"BreadcrumbList\",\"@id\":\"https:\/\/lesexplorateurscatalans.fr\/index.php\/2024\/04\/28\/le-pont-tibetain-de-canillo\/#breadcrumb\",\"itemListElement\":[{\"@type\":\"ListItem\",\"position\":1,\"name\":\"Accueil\",\"item\":\"https:\/\/lesexplorateurscatalans.fr\/\"},{\"@type\":\"ListItem\",\"position\":2,\"name\":\"Le Pont Tib\u00e9tain de Canillo\"}]},{\"@type\":\"WebSite\",\"@id\":\"https:\/\/lesexplorateurscatalans.fr\/#website\",\"url\":\"https:\/\/lesexplorateurscatalans.fr\/\",\"name\":\"Les Explorateurs Catalans\",\"description\":\"Les Explorateurs Catalans : Votre boussole pour l&#039;aventure.\",\"publisher\":{\"@id\":\"https:\/\/lesexplorateurscatalans.fr\/#organization\"},\"alternateName\":\"LEC\",\"potentialAction\":[{\"@type\":\"SearchAction\",\"target\":{\"@type\":\"EntryPoint\",\"urlTemplate\":\"https:\/\/lesexplorateurscatalans.fr\/?s={search_term_string}\"},\"query-input\":{\"@type\":\"PropertyValueSpecification\",\"valueRequired\":true,\"valueName\":\"search_term_string\"}}],\"inLanguage\":\"fr-FR\"},{\"@type\":\"Organization\",\"@id\":\"https:\/\/lesexplorateurscatalans.fr\/#organization\",\"name\":\"Les Explorateurs Catalans\",\"alternateName\":\"LEC\",\"url\":\"https:\/\/lesexplorateurscatalans.fr\/\",\"logo\":{\"@type\":\"ImageObject\",\"inLanguage\":\"fr-FR\",\"@id\":\"https:\/\/lesexplorateurscatalans.fr\/#\/schema\/logo\/image\/\",\"url\":\"https:\/\/lesexplorateurscatalans.fr\/wp-content\/uploads\/2024\/04\/DALL_E-2024-02-19-13.15-removebg-preview.png\",\"contentUrl\":\"https:\/\/lesexplorateurscatalans.fr\/wp-content\/uploads\/2024\/04\/DALL_E-2024-02-19-13.15-removebg-preview.png\",\"width\":500,\"height\":500,\"caption\":\"Les Explorateurs Catalans\"},\"image\":{\"@id\":\"https:\/\/lesexplorateurscatalans.fr\/#\/schema\/logo\/image\/\"},\"sameAs\":[\"https:\/\/www.facebook.com\/lesexplorateurscatalans\",\"https:\/\/www.relive.cc\/profile\/niko660\"]},{\"@type\":\"Person\",\"@id\":\"https:\/\/lesexplorateurscatalans.fr\/#\/schema\/person\/0f91d5fd7188c18ca62f2ea37a0f7d02\",\"name\":\"Les Explorateurs Catalans\",\"image\":{\"@type\":\"ImageObject\",\"inLanguage\":\"fr-FR\",\"@id\":\"https:\/\/lesexplorateurscatalans.fr\/#\/schema\/person\/image\/\",\"url\":\"https:\/\/secure.gravatar.com\/avatar\/c657c225e0e21288bc03d7987bc3f3fa29636fd30a0946eb26df26acf6876aa1?s=96&d=mm&r=g\",\"contentUrl\":\"https:\/\/secure.gravatar.com\/avatar\/c657c225e0e21288bc03d7987bc3f3fa29636fd30a0946eb26df26acf6876aa1?s=96&d=mm&r=g\",\"caption\":\"Les Explorateurs Catalans\"},\"sameAs\":[\"https:\/\/www.lesexplorateurscatalans.fr\/\",\"https:\/\/www.facebook.com\/lesexplorateurscatalans\"],\"url\":\"https:\/\/lesexplorateurscatalans.fr\/index.php\/author\/admin\/\"}]}<\/script>\n<!-- \/ Yoast SEO plugin. -->","yoast_head_json":{"title":"Le Pont Tib\u00e9tain de Canillo - Les Explorateurs Catalans","description":"D\u00e9couvrez le Pont Tib\u00e9tain de Canillo en Andorre, une prouesse d\u2019ing\u00e9nierie offrant des vues spectaculaires sur les Pyr\u00e9n\u00e9es. Partez en randonn\u00e9e pour une aventure unique entre ciel et terre.","robots":{"index":"index","follow":"follow","max-snippet":"max-snippet:-1","max-image-preview":"max-image-preview:large","max-video-preview":"max-video-preview:-1"},"canonical":"https:\/\/lesexplorateurscatalans.fr\/index.php\/2024\/04\/28\/le-pont-tibetain-de-canillo\/","og_locale":"fr_FR","og_type":"article","og_title":"Le Pont Tib\u00e9tain de Canillo - Les Explorateurs Catalans","og_description":"D\u00e9couvrez le Pont Tib\u00e9tain de Canillo en Andorre, une prouesse d\u2019ing\u00e9nierie offrant des vues spectaculaires sur les Pyr\u00e9n\u00e9es. Partez en randonn\u00e9e pour une aventure unique entre ciel et terre.","og_url":"https:\/\/lesexplorateurscatalans.fr\/index.php\/2024\/04\/28\/le-pont-tibetain-de-canillo\/","og_site_name":"Les Explorateurs Catalans","article_publisher":"https:\/\/www.facebook.com\/lesexplorateurscatalans","article_author":"https:\/\/www.facebook.com\/lesexplorateurscatalans","article_published_time":"2024-04-28T16:44:45+00:00","article_modified_time":"2025-06-21T08:12:55+00:00","og_image":[{"width":2048,"height":1536,"url":"https:\/\/lesexplorateurscatalans.fr\/wp-content\/uploads\/2024\/04\/IMG_8251.jpeg","type":"image\/jpeg"}],"author":"Les Explorateurs Catalans","twitter_card":"summary_large_image","twitter_misc":{"\u00c9crit par":"Les Explorateurs Catalans","Dur\u00e9e de lecture estim\u00e9e":"5 minutes"},"schema":{"@context":"https:\/\/schema.org","@graph":[{"@type":"Article","@id":"https:\/\/lesexplorateurscatalans.fr\/index.php\/2024\/04\/28\/le-pont-tibetain-de-canillo\/#article","isPartOf":{"@id":"https:\/\/lesexplorateurscatalans.fr\/index.php\/2024\/04\/28\/le-pont-tibetain-de-canillo\/"},"author":{"name":"Les Explorateurs Catalans","@id":"https:\/\/lesexplorateurscatalans.fr\/#\/schema\/person\/0f91d5fd7188c18ca62f2ea37a0f7d02"},"headline":"Le Pont Tib\u00e9tain de Canillo","datePublished":"2024-04-28T16:44:45+00:00","dateModified":"2025-06-21T08:12:55+00:00","mainEntityOfPage":{"@id":"https:\/\/lesexplorateurscatalans.fr\/index.php\/2024\/04\/28\/le-pont-tibetain-de-canillo\/"},"wordCount":420,"commentCount":0,"publisher":{"@id":"https:\/\/lesexplorateurscatalans.fr\/#organization"},"image":{"@id":"https:\/\/lesexplorateurscatalans.fr\/index.php\/2024\/04\/28\/le-pont-tibetain-de-canillo\/#primaryimage"},"thumbnailUrl":"https:\/\/lesexplorateurscatalans.fr\/wp-content\/uploads\/2024\/04\/IMG_8251.jpeg","keywords":["Andorre","Aventure","Les Explorateurs Catalans","nature","paysages spectaculaires","pont suspendu","Pont Tib\u00e9tain de Canillo","Pyr\u00e9n\u00e9es","randonn\u00e9e","tourisme"],"articleSection":["Randonn\u00e9es"],"inLanguage":"fr-FR","potentialAction":[{"@type":"CommentAction","name":"Comment","target":["https:\/\/lesexplorateurscatalans.fr\/index.php\/2024\/04\/28\/le-pont-tibetain-de-canillo\/#respond"]}]},{"@type":"WebPage","@id":"https:\/\/lesexplorateurscatalans.fr\/index.php\/2024\/04\/28\/le-pont-tibetain-de-canillo\/","url":"https:\/\/lesexplorateurscatalans.fr\/index.php\/2024\/04\/28\/le-pont-tibetain-de-canillo\/","name":"Le Pont Tib\u00e9tain de Canillo - Les Explorateurs Catalans","isPartOf":{"@id":"https:\/\/lesexplorateurscatalans.fr\/#website"},"primaryImageOfPage":{"@id":"https:\/\/lesexplorateurscatalans.fr\/index.php\/2024\/04\/28\/le-pont-tibetain-de-canillo\/#primaryimage"},"image":{"@id":"https:\/\/lesexplorateurscatalans.fr\/index.php\/2024\/04\/28\/le-pont-tibetain-de-canillo\/#primaryimage"},"thumbnailUrl":"https:\/\/lesexplorateurscatalans.fr\/wp-content\/uploads\/2024\/04\/IMG_8251.jpeg","datePublished":"2024-04-28T16:44:45+00:00","dateModified":"2025-06-21T08:12:55+00:00","description":"D\u00e9couvrez le Pont Tib\u00e9tain de Canillo en Andorre, une prouesse d\u2019ing\u00e9nierie offrant des vues spectaculaires sur les Pyr\u00e9n\u00e9es. Partez en randonn\u00e9e pour une aventure unique entre ciel et terre.","breadcrumb":{"@id":"https:\/\/lesexplorateurscatalans.fr\/index.php\/2024\/04\/28\/le-pont-tibetain-de-canillo\/#breadcrumb"},"inLanguage":"fr-FR","potentialAction":[{"@type":"ReadAction","target":["https:\/\/lesexplorateurscatalans.fr\/index.php\/2024\/04\/28\/le-pont-tibetain-de-canillo\/"]}]},{"@type":"ImageObject","inLanguage":"fr-FR","@id":"https:\/\/lesexplorateurscatalans.fr\/index.php\/2024\/04\/28\/le-pont-tibetain-de-canillo\/#primaryimage","url":"https:\/\/lesexplorateurscatalans.fr\/wp-content\/uploads\/2024\/04\/IMG_8251.jpeg","contentUrl":"https:\/\/lesexplorateurscatalans.fr\/wp-content\/uploads\/2024\/04\/IMG_8251.jpeg","width":2048,"height":1536},{"@type":"BreadcrumbList","@id":"https:\/\/lesexplorateurscatalans.fr\/index.php\/2024\/04\/28\/le-pont-tibetain-de-canillo\/#breadcrumb","itemListElement":[{"@type":"ListItem","position":1,"name":"Accueil","item":"https:\/\/lesexplorateurscatalans.fr\/"},{"@type":"ListItem","position":2,"name":"Le Pont Tib\u00e9tain de Canillo"}]},{"@type":"WebSite","@id":"https:\/\/lesexplorateurscatalans.fr\/#website","url":"https:\/\/lesexplorateurscatalans.fr\/","name":"Les Explorateurs Catalans","description":"Les Explorateurs Catalans : Votre boussole pour l&#039;aventure.","publisher":{"@id":"https:\/\/lesexplorateurscatalans.fr\/#organization"},"alternateName":"LEC","potentialAction":[{"@type":"SearchAction","target":{"@type":"EntryPoint","urlTemplate":"https:\/\/lesexplorateurscatalans.fr\/?s={search_term_string}"},"query-input":{"@type":"PropertyValueSpecification","valueRequired":true,"valueName":"search_term_string"}}],"inLanguage":"fr-FR"},{"@type":"Organization","@id":"https:\/\/lesexplorateurscatalans.fr\/#organization","name":"Les Explorateurs Catalans","alternateName":"LEC","url":"https:\/\/lesexplorateurscatalans.fr\/","logo":{"@type":"ImageObject","inLanguage":"fr-FR","@id":"https:\/\/lesexplorateurscatalans.fr\/#\/schema\/logo\/image\/","url":"https:\/\/lesexplorateurscatalans.fr\/wp-content\/uploads\/2024\/04\/DALL_E-2024-02-19-13.15-removebg-preview.png","contentUrl":"https:\/\/lesexplorateurscatalans.fr\/wp-content\/uploads\/2024\/04\/DALL_E-2024-02-19-13.15-removebg-preview.png","width":500,"height":500,"caption":"Les Explorateurs Catalans"},"image":{"@id":"https:\/\/lesexplorateurscatalans.fr\/#\/schema\/logo\/image\/"},"sameAs":["https:\/\/www.facebook.com\/lesexplorateurscatalans","https:\/\/www.relive.cc\/profile\/niko660"]},{"@type":"Person","@id":"https:\/\/lesexplorateurscatalans.fr\/#\/schema\/person\/0f91d5fd7188c18ca62f2ea37a0f7d02","name":"Les Explorateurs Catalans","image":{"@type":"ImageObject","inLanguage":"fr-FR","@id":"https:\/\/lesexplorateurscatalans.fr\/#\/schema\/person\/image\/","url":"https:\/\/secure.gravatar.com\/avatar\/c657c225e0e21288bc03d7987bc3f3fa29636fd30a0946eb26df26acf6876aa1?s=96&d=mm&r=g","contentUrl":"https:\/\/secure.gravatar.com\/avatar\/c657c225e0e21288bc03d7987bc3f3fa29636fd30a0946eb26df26acf6876aa1?s=96&d=mm&r=g","caption":"Les Explorateurs Catalans"},"sameAs":["https:\/\/www.lesexplorateurscatalans.fr\/","https:\/\/www.facebook.com\/lesexplorateurscatalans"],"url":"https:\/\/lesexplorateurscatalans.fr\/index.php\/author\/admin\/"}]}},"amp_enabled":true,"_links":{"self":[{"href":"https:\/\/lesexplorateurscatalans.fr\/index.php\/wp-json\/wp\/v2\/posts\/149","targetHints":{"allow":["GET"]}}],"collection":[{"href":"https:\/\/lesexplorateurscatalans.fr\/index.php\/wp-json\/wp\/v2\/posts"}],"about":[{"href":"https:\/\/lesexplorateurscatalans.fr\/index.php\/wp-json\/wp\/v2\/types\/post"}],"author":[{"embeddable":true,"href":"https:\/\/lesexplorateurscatalans.fr\/index.php\/wp-json\/wp\/v2\/users\/1"}],"replies":[{"embeddable":true,"href":"https:\/\/lesexplorateurscatalans.fr\/index.php\/wp-json\/wp\/v2\/comments?post=149"}],"version-history":[{"count":4,"href":"https:\/\/lesexplorateurscatalans.fr\/index.php\/wp-json\/wp\/v2\/posts\/149\/revisions"}],"predecessor-version":[{"id":867,"href":"https:\/\/lesexplorateurscatalans.fr\/index.php\/wp-json\/wp\/v2\/posts\/149\/revisions\/867"}],"wp:featuredmedia":[{"embeddable":true,"href":"https:\/\/lesexplorateurscatalans.fr\/index.php\/wp-json\/wp\/v2\/media\/358"}],"wp:attachment":[{"href":"https:\/\/lesexplorateurscatalans.fr\/index.php\/wp-json\/wp\/v2\/media?parent=149"}],"wp:term":[{"taxonomy":"category","embeddable":true,"href":"https:\/\/lesexplorateurscatalans.fr\/index.php\/wp-json\/wp\/v2\/categories?post=149"},{"taxonomy":"post_tag","embeddable":true,"href":"https:\/\/lesexplorateurscatalans.fr\/index.php\/wp-json\/wp\/v2\/tags?post=149"}],"curies":[{"name":"wp","href":"https:\/\/api.w.org\/{rel}","templated":true}]}}