{"id":973,"date":"2025-06-14T10:33:01","date_gmt":"2025-06-14T08:33:01","guid":{"rendered":"https:\/\/lesexplorateurscatalans.fr\/?p=973"},"modified":"2025-06-21T10:25:05","modified_gmt":"2025-06-21T08:25:05","slug":"escalade-debutant-massif-de-la-clape","status":"publish","type":"post","link":"https:\/\/lesexplorateurscatalans.fr\/index.php\/2025\/06\/14\/escalade-debutant-massif-de-la-clape\/","title":{"rendered":"Escalade d\u00e9butant massif de la Clape : une journ\u00e9e familiale en pleine nature"},"content":{"rendered":"\n<p>Ce dimanche, on a d\u00e9cid\u00e9 de vivre une aventure sans pression : une <strong>journ\u00e9e d\u2019escalade d\u00e9butant dans le massif de la Clape<\/strong>. <strong>En effet<\/strong>, en famille et entre amis, nous avons pris la direction de ce bijou calcaire tourn\u00e9 vers la M\u00e9diterran\u00e9e. Ici, l\u2019ambiance est d\u00e9tendue, le soleil brille, et les falaises accueillent les grimpeurs de tous niveaux. <strong>Ainsi<\/strong>, notre choix s\u2019est port\u00e9 sur les secteurs La Couleuvre et Etorki, parfaits pour une initiation conviviale.<\/p>\n\n\n\n<hr class=\"wp-block-separator has-alpha-channel-opacity\"\/>\n\n\n\n<h3 class=\"wp-block-heading\"><strong>Matin : initiation douce dans le massif de la Clape<\/strong><\/h3>\n\n\n\n<p><strong>Tout d\u2019abord<\/strong>, on d\u00e9bute par 15 minutes de marche tranquille \u00e0 travers la garrigue. <strong>Ensuite<\/strong>, arriv\u00e9s aux pieds des falaises, le d\u00e9cor impressionne : calcaire clair, pins d\u2019Alep, et une vue qui s&rsquo;\u00e9tend jusqu\u2019\u00e0 la mer.<br><strong>D\u00e8s les premi\u00e8res voies<\/strong>, nous nous lan\u00e7ons dans des itin\u00e9raires faciles : des 3b et 4a id\u00e9ales pour se rassurer et progresser en douceur. Les enfants observent, encouragent, puis, tout naturellement, participent eux aussi. <strong>En somme<\/strong>, l\u2019escalade pour d\u00e9butants dans le massif de la Clape commence tranquillement, sans esprit de performance.<\/p>\n\n\n\n<hr class=\"wp-block-separator has-alpha-channel-opacity\"\/>\n\n\n\n<h3 class=\"wp-block-heading\"><strong>Midi : pause pique-nique et partage<\/strong><\/h3>\n\n\n\n<p>Apr\u00e8s quelques voies, l\u2019heure est \u00e0 la d\u00e9tente. <strong>\u00c0 ce moment-l\u00e0<\/strong>, nous choisissons un coin d\u2019ombre sous les pins, avec vue sur les parois rocheuses, pour notre pique-nique.<br>On d\u00e9balle les sandwichs, on \u00e9change des blagues, et on savoure l\u2019instant. <strong>C\u2019est aussi \u00e7a<\/strong>, l\u2019escalade d\u00e9butant dans le massif de la Clape : des moments de lien humain, sans pression.<br><strong>Par ailleurs<\/strong>, les enfants profitent de cette pause pour explorer les alentours en toute s\u00e9curit\u00e9.<\/p>\n\n\n\n<hr class=\"wp-block-separator has-alpha-channel-opacity\"\/>\n\n\n\n<h3 class=\"wp-block-heading\"><strong>Apr\u00e8s-midi : progression et premi\u00e8res r\u00e9ussites<\/strong><\/h3>\n\n\n\n<p><strong>L\u2019apr\u00e8s-midi venu<\/strong>, on tente des voies un peu plus longues (jusqu\u2019\u00e0 27 m), mais toujours bien \u00e9quip\u00e9es. <strong>Ainsi<\/strong>, les enfants prennent confiance et commencent \u00e0 manipuler les cordes avec curiosit\u00e9 et autonomie.<br>Le passage en moulinette devient un v\u00e9ritable moment de fiert\u00e9. <strong>En cons\u00e9quence<\/strong>, chacun repart avec le sentiment d\u2019avoir appris quelque chose, \u00e0 son rythme.<br><strong>Autrement dit<\/strong>, le massif de la Clape est un cadre parfait pour progresser en toute s\u00e9curit\u00e9.<\/p>\n\n\n\n<hr class=\"wp-block-separator has-alpha-channel-opacity\"\/>\n\n\n\n<h3 class=\"wp-block-heading\">\u2764\ufe0f <strong>Ce qu\u2019on a aim\u00e9<\/strong><\/h3>\n\n\n\n<ul class=\"wp-block-list\">\n<li>Des voies accessibles et vari\u00e9es (3b \u00e0 6a) pour tous les \u00e2ges.<\/li>\n\n\n\n<li>Un site naturel magnifique : pins, lumi\u00e8re, calcaire chaud.<\/li>\n\n\n\n<li>L\u2019ambiance zen, sans pression, propice \u00e0 la d\u00e9couverte.<\/li>\n<\/ul>\n\n\n\n<hr class=\"wp-block-separator has-alpha-channel-opacity\"\/>\n\n\n\n<h3 class=\"wp-block-heading\"><strong>Infos pratiques pour une sortie escalade d\u00e9butant \u00e0 la Clape<\/strong><\/h3>\n\n\n\n<ul class=\"wp-block-list\">\n<li><strong>Approche<\/strong> : 15\u202fmin \u00e0 pied, mont\u00e9e douce<\/li>\n\n\n\n<li><strong>Niveau<\/strong> : parfait pour d\u00e9butants et jeunes grimpeurs<\/li>\n\n\n\n<li><strong>Orientation<\/strong> : sud-ouest, soleil l\u2019apr\u00e8s-midi<\/li>\n\n\n\n<li><strong>\u00c9quipement<\/strong> : relais et protections en place<\/li>\n\n\n\n<li><strong>Acc\u00e8s<\/strong> : gratuit, stationnement possible \u00e0 proximit\u00e9<\/li>\n<\/ul>\n\n\n\n<hr class=\"wp-block-separator has-alpha-channel-opacity\"\/>\n\n\n\n<h3 class=\"wp-block-heading\"><strong>En bref : escalade, nature et famille au massif de la Clape<\/strong><\/h3>\n\n\n\n<p><strong>En r\u00e9sum\u00e9<\/strong>, le massif de la Clape est l\u2019endroit parfait pour s\u2019initier \u00e0 l\u2019escalade. Des secteurs comme Couleuvre\/Etorki offrent une combinaison rare de s\u00e9curit\u00e9, de paysages inspirants et de convivialit\u00e9. <strong>Pour toutes ces raisons<\/strong>, c\u2019est une destination id\u00e9ale pour les grimpeurs d\u00e9butants.<br>Nous repartons avec des sourires, des souvenirs\u2026 et quelques cris de joie encore suspendus dans les airs.<\/p>\n\n\n\n<hr class=\"wp-block-separator has-alpha-channel-opacity\"\/>\n\n\n\n<h3 class=\"wp-block-heading\">\ud83d\udd17 <strong>Pour aller plus loin<\/strong><\/h3>\n\n\n\n<p>\ud83d\udc49 D\u00e9couvrez le site <a>ClimbingAway \u2013 La Clape<\/a> pour plus d\u2019infos sur les secteurs et niveaux.<\/p>\n\n\n\n<p><\/p>\n\n\n\n<p><\/p>\n\n\n\n<div data-wp-interactive=\"core\/file\" class=\"wp-block-file\"><object data-wp-bind--hidden=\"!state.hasPdfPreview\" hidden class=\"wp-block-file__embed\" data=\"https:\/\/lesexplorateurscatalans.fr\/wp-content\/uploads\/2025\/06\/Topo_LaClape.pdf\" type=\"application\/pdf\" style=\"width:100%;height:600px\" aria-label=\"Contenu embarqu\u00e9 Topo_LaClape.\"><\/object><a id=\"wp-block-file--media-fc5a1127-bea7-4574-a7f2-d34549fef1c1\" href=\"https:\/\/lesexplorateurscatalans.fr\/wp-content\/uploads\/2025\/06\/Topo_LaClape.pdf\">Topo_LaClape<\/a><a href=\"https:\/\/lesexplorateurscatalans.fr\/wp-content\/uploads\/2025\/06\/Topo_LaClape.pdf\" class=\"wp-block-file__button wp-element-button\" download aria-describedby=\"wp-block-file--media-fc5a1127-bea7-4574-a7f2-d34549fef1c1\">T\u00e9l\u00e9charger<\/a><\/div>\n\n\n\n<hr class=\"wp-block-separator has-alpha-channel-opacity\"\/>\n\n\n\n\n\n<hr class=\"wp-block-separator has-alpha-channel-opacity\"\/>\n\n\n\n<figure class=\"wp-block-gallery has-nested-images columns-default is-cropped wp-block-gallery-1 is-layout-flex wp-block-gallery-is-layout-flex\">\n<figure class=\"wp-block-image size-large\"><img loading=\"lazy\" decoding=\"async\" width=\"1024\" height=\"768\" data-id=\"975\" src=\"https:\/\/lesexplorateurscatalans.fr\/wp-content\/uploads\/2025\/06\/IMG_6070-1024x768.jpeg\" alt=\"\" class=\"wp-image-975\" srcset=\"https:\/\/lesexplorateurscatalans.fr\/wp-content\/uploads\/2025\/06\/IMG_6070-1024x768.jpeg 1024w, https:\/\/lesexplorateurscatalans.fr\/wp-content\/uploads\/2025\/06\/IMG_6070-300x225.jpeg 300w, https:\/\/lesexplorateurscatalans.fr\/wp-content\/uploads\/2025\/06\/IMG_6070-768x576.jpeg 768w, https:\/\/lesexplorateurscatalans.fr\/wp-content\/uploads\/2025\/06\/IMG_6070-1536x1152.jpeg 1536w, https:\/\/lesexplorateurscatalans.fr\/wp-content\/uploads\/2025\/06\/IMG_6070-560x420.jpeg 560w, https:\/\/lesexplorateurscatalans.fr\/wp-content\/uploads\/2025\/06\/IMG_6070-80x60.jpeg 80w, https:\/\/lesexplorateurscatalans.fr\/wp-content\/uploads\/2025\/06\/IMG_6070-696x522.jpeg 696w, https:\/\/lesexplorateurscatalans.fr\/wp-content\/uploads\/2025\/06\/IMG_6070-1068x801.jpeg 1068w, https:\/\/lesexplorateurscatalans.fr\/wp-content\/uploads\/2025\/06\/IMG_6070-1920x1440.jpeg 1920w, https:\/\/lesexplorateurscatalans.fr\/wp-content\/uploads\/2025\/06\/IMG_6070-265x198.jpeg 265w, https:\/\/lesexplorateurscatalans.fr\/wp-content\/uploads\/2025\/06\/IMG_6070.jpeg 2048w\" sizes=\"auto, (max-width: 1024px) 100vw, 1024px\" \/><\/figure>\n\n\n\n<figure class=\"wp-block-image size-large\"><img loading=\"lazy\" decoding=\"async\" width=\"1024\" height=\"768\" data-id=\"976\" src=\"https:\/\/lesexplorateurscatalans.fr\/wp-content\/uploads\/2025\/06\/IMG_6072-1024x768.jpeg\" alt=\"\" class=\"wp-image-976\" srcset=\"https:\/\/lesexplorateurscatalans.fr\/wp-content\/uploads\/2025\/06\/IMG_6072-1024x768.jpeg 1024w, https:\/\/lesexplorateurscatalans.fr\/wp-content\/uploads\/2025\/06\/IMG_6072-300x225.jpeg 300w, https:\/\/lesexplorateurscatalans.fr\/wp-content\/uploads\/2025\/06\/IMG_6072-768x576.jpeg 768w, https:\/\/lesexplorateurscatalans.fr\/wp-content\/uploads\/2025\/06\/IMG_6072-1536x1152.jpeg 1536w, https:\/\/lesexplorateurscatalans.fr\/wp-content\/uploads\/2025\/06\/IMG_6072-560x420.jpeg 560w, https:\/\/lesexplorateurscatalans.fr\/wp-content\/uploads\/2025\/06\/IMG_6072-80x60.jpeg 80w, https:\/\/lesexplorateurscatalans.fr\/wp-content\/uploads\/2025\/06\/IMG_6072-696x522.jpeg 696w, https:\/\/lesexplorateurscatalans.fr\/wp-content\/uploads\/2025\/06\/IMG_6072-1068x801.jpeg 1068w, https:\/\/lesexplorateurscatalans.fr\/wp-content\/uploads\/2025\/06\/IMG_6072-1920x1440.jpeg 1920w, https:\/\/lesexplorateurscatalans.fr\/wp-content\/uploads\/2025\/06\/IMG_6072-265x198.jpeg 265w, https:\/\/lesexplorateurscatalans.fr\/wp-content\/uploads\/2025\/06\/IMG_6072.jpeg 2048w\" sizes=\"auto, (max-width: 1024px) 100vw, 1024px\" \/><\/figure>\n\n\n\n<figure class=\"wp-block-image size-large\"><img loading=\"lazy\" decoding=\"async\" width=\"1024\" height=\"768\" data-id=\"977\" src=\"https:\/\/lesexplorateurscatalans.fr\/wp-content\/uploads\/2025\/06\/IMG_6074-1024x768.jpeg\" alt=\"\" class=\"wp-image-977\" srcset=\"https:\/\/lesexplorateurscatalans.fr\/wp-content\/uploads\/2025\/06\/IMG_6074-1024x768.jpeg 1024w, https:\/\/lesexplorateurscatalans.fr\/wp-content\/uploads\/2025\/06\/IMG_6074-300x225.jpeg 300w, https:\/\/lesexplorateurscatalans.fr\/wp-content\/uploads\/2025\/06\/IMG_6074-768x576.jpeg 768w, https:\/\/lesexplorateurscatalans.fr\/wp-content\/uploads\/2025\/06\/IMG_6074-1536x1152.jpeg 1536w, https:\/\/lesexplorateurscatalans.fr\/wp-content\/uploads\/2025\/06\/IMG_6074-560x420.jpeg 560w, https:\/\/lesexplorateurscatalans.fr\/wp-content\/uploads\/2025\/06\/IMG_6074-80x60.jpeg 80w, https:\/\/lesexplorateurscatalans.fr\/wp-content\/uploads\/2025\/06\/IMG_6074-696x522.jpeg 696w, https:\/\/lesexplorateurscatalans.fr\/wp-content\/uploads\/2025\/06\/IMG_6074-1068x801.jpeg 1068w, https:\/\/lesexplorateurscatalans.fr\/wp-content\/uploads\/2025\/06\/IMG_6074-1920x1440.jpeg 1920w, https:\/\/lesexplorateurscatalans.fr\/wp-content\/uploads\/2025\/06\/IMG_6074-265x198.jpeg 265w, https:\/\/lesexplorateurscatalans.fr\/wp-content\/uploads\/2025\/06\/IMG_6074.jpeg 2048w\" sizes=\"auto, (max-width: 1024px) 100vw, 1024px\" \/><\/figure>\n\n\n\n<figure class=\"wp-block-image size-large\"><img loading=\"lazy\" decoding=\"async\" width=\"768\" height=\"1024\" data-id=\"978\" src=\"https:\/\/lesexplorateurscatalans.fr\/wp-content\/uploads\/2025\/06\/IMG_6076-768x1024.jpeg\" alt=\"\" class=\"wp-image-978\" srcset=\"https:\/\/lesexplorateurscatalans.fr\/wp-content\/uploads\/2025\/06\/IMG_6076-768x1024.jpeg 768w, https:\/\/lesexplorateurscatalans.fr\/wp-content\/uploads\/2025\/06\/IMG_6076-225x300.jpeg 225w, https:\/\/lesexplorateurscatalans.fr\/wp-content\/uploads\/2025\/06\/IMG_6076-1152x1536.jpeg 1152w, https:\/\/lesexplorateurscatalans.fr\/wp-content\/uploads\/2025\/06\/IMG_6076-315x420.jpeg 315w, https:\/\/lesexplorateurscatalans.fr\/wp-content\/uploads\/2025\/06\/IMG_6076-696x928.jpeg 696w, https:\/\/lesexplorateurscatalans.fr\/wp-content\/uploads\/2025\/06\/IMG_6076-1068x1424.jpeg 1068w, https:\/\/lesexplorateurscatalans.fr\/wp-content\/uploads\/2025\/06\/IMG_6076.jpeg 1536w\" sizes=\"auto, (max-width: 768px) 100vw, 768px\" \/><\/figure>\n\n\n\n<figure class=\"wp-block-image size-large\"><img loading=\"lazy\" decoding=\"async\" width=\"1024\" height=\"768\" data-id=\"980\" src=\"https:\/\/lesexplorateurscatalans.fr\/wp-content\/uploads\/2025\/06\/IMG_6083-1024x768.jpeg\" alt=\"\" class=\"wp-image-980\" srcset=\"https:\/\/lesexplorateurscatalans.fr\/wp-content\/uploads\/2025\/06\/IMG_6083-1024x768.jpeg 1024w, https:\/\/lesexplorateurscatalans.fr\/wp-content\/uploads\/2025\/06\/IMG_6083-300x225.jpeg 300w, https:\/\/lesexplorateurscatalans.fr\/wp-content\/uploads\/2025\/06\/IMG_6083-768x576.jpeg 768w, https:\/\/lesexplorateurscatalans.fr\/wp-content\/uploads\/2025\/06\/IMG_6083-1536x1152.jpeg 1536w, https:\/\/lesexplorateurscatalans.fr\/wp-content\/uploads\/2025\/06\/IMG_6083-560x420.jpeg 560w, https:\/\/lesexplorateurscatalans.fr\/wp-content\/uploads\/2025\/06\/IMG_6083-80x60.jpeg 80w, https:\/\/lesexplorateurscatalans.fr\/wp-content\/uploads\/2025\/06\/IMG_6083-696x522.jpeg 696w, https:\/\/lesexplorateurscatalans.fr\/wp-content\/uploads\/2025\/06\/IMG_6083-1068x801.jpeg 1068w, https:\/\/lesexplorateurscatalans.fr\/wp-content\/uploads\/2025\/06\/IMG_6083-1920x1440.jpeg 1920w, https:\/\/lesexplorateurscatalans.fr\/wp-content\/uploads\/2025\/06\/IMG_6083-265x198.jpeg 265w, https:\/\/lesexplorateurscatalans.fr\/wp-content\/uploads\/2025\/06\/IMG_6083.jpeg 2048w\" sizes=\"auto, (max-width: 1024px) 100vw, 1024px\" \/><\/figure>\n\n\n\n<figure class=\"wp-block-image size-large\"><img loading=\"lazy\" decoding=\"async\" width=\"768\" height=\"1024\" data-id=\"979\" src=\"https:\/\/lesexplorateurscatalans.fr\/wp-content\/uploads\/2025\/06\/IMG_6084-768x1024.jpeg\" alt=\"\" class=\"wp-image-979\" srcset=\"https:\/\/lesexplorateurscatalans.fr\/wp-content\/uploads\/2025\/06\/IMG_6084-768x1024.jpeg 768w, https:\/\/lesexplorateurscatalans.fr\/wp-content\/uploads\/2025\/06\/IMG_6084-225x300.jpeg 225w, https:\/\/lesexplorateurscatalans.fr\/wp-content\/uploads\/2025\/06\/IMG_6084-1152x1536.jpeg 1152w, https:\/\/lesexplorateurscatalans.fr\/wp-content\/uploads\/2025\/06\/IMG_6084-315x420.jpeg 315w, https:\/\/lesexplorateurscatalans.fr\/wp-content\/uploads\/2025\/06\/IMG_6084-696x928.jpeg 696w, https:\/\/lesexplorateurscatalans.fr\/wp-content\/uploads\/2025\/06\/IMG_6084-1068x1424.jpeg 1068w, https:\/\/lesexplorateurscatalans.fr\/wp-content\/uploads\/2025\/06\/IMG_6084.jpeg 1536w\" sizes=\"auto, (max-width: 768px) 100vw, 768px\" \/><\/figure>\n\n\n\n<figure class=\"wp-block-image size-large\"><img loading=\"lazy\" decoding=\"async\" width=\"1024\" height=\"768\" data-id=\"981\" src=\"https:\/\/lesexplorateurscatalans.fr\/wp-content\/uploads\/2025\/06\/IMG_6085-1024x768.jpeg\" alt=\"\" class=\"wp-image-981\" srcset=\"https:\/\/lesexplorateurscatalans.fr\/wp-content\/uploads\/2025\/06\/IMG_6085-1024x768.jpeg 1024w, https:\/\/lesexplorateurscatalans.fr\/wp-content\/uploads\/2025\/06\/IMG_6085-300x225.jpeg 300w, https:\/\/lesexplorateurscatalans.fr\/wp-content\/uploads\/2025\/06\/IMG_6085-768x576.jpeg 768w, https:\/\/lesexplorateurscatalans.fr\/wp-content\/uploads\/2025\/06\/IMG_6085-1536x1152.jpeg 1536w, https:\/\/lesexplorateurscatalans.fr\/wp-content\/uploads\/2025\/06\/IMG_6085-560x420.jpeg 560w, https:\/\/lesexplorateurscatalans.fr\/wp-content\/uploads\/2025\/06\/IMG_6085-80x60.jpeg 80w, https:\/\/lesexplorateurscatalans.fr\/wp-content\/uploads\/2025\/06\/IMG_6085-696x522.jpeg 696w, https:\/\/lesexplorateurscatalans.fr\/wp-content\/uploads\/2025\/06\/IMG_6085-1068x801.jpeg 1068w, https:\/\/lesexplorateurscatalans.fr\/wp-content\/uploads\/2025\/06\/IMG_6085-1920x1440.jpeg 1920w, https:\/\/lesexplorateurscatalans.fr\/wp-content\/uploads\/2025\/06\/IMG_6085-265x198.jpeg 265w, https:\/\/lesexplorateurscatalans.fr\/wp-content\/uploads\/2025\/06\/IMG_6085.jpeg 2048w\" sizes=\"auto, (max-width: 1024px) 100vw, 1024px\" \/><\/figure>\n\n\n\n<figure class=\"wp-block-image size-large\"><img loading=\"lazy\" decoding=\"async\" width=\"768\" height=\"1024\" data-id=\"982\" src=\"https:\/\/lesexplorateurscatalans.fr\/wp-content\/uploads\/2025\/06\/IMG_6087-768x1024.jpeg\" alt=\"\" class=\"wp-image-982\" srcset=\"https:\/\/lesexplorateurscatalans.fr\/wp-content\/uploads\/2025\/06\/IMG_6087-768x1024.jpeg 768w, https:\/\/lesexplorateurscatalans.fr\/wp-content\/uploads\/2025\/06\/IMG_6087-225x300.jpeg 225w, https:\/\/lesexplorateurscatalans.fr\/wp-content\/uploads\/2025\/06\/IMG_6087-1152x1536.jpeg 1152w, https:\/\/lesexplorateurscatalans.fr\/wp-content\/uploads\/2025\/06\/IMG_6087-315x420.jpeg 315w, https:\/\/lesexplorateurscatalans.fr\/wp-content\/uploads\/2025\/06\/IMG_6087-696x928.jpeg 696w, https:\/\/lesexplorateurscatalans.fr\/wp-content\/uploads\/2025\/06\/IMG_6087-1068x1424.jpeg 1068w, https:\/\/lesexplorateurscatalans.fr\/wp-content\/uploads\/2025\/06\/IMG_6087.jpeg 1536w\" sizes=\"auto, (max-width: 768px) 100vw, 768px\" \/><\/figure>\n\n\n\n<figure class=\"wp-block-image size-large\"><img loading=\"lazy\" decoding=\"async\" width=\"1024\" height=\"768\" data-id=\"983\" src=\"https:\/\/lesexplorateurscatalans.fr\/wp-content\/uploads\/2025\/06\/IMG_6102-1024x768.jpeg\" alt=\"\" class=\"wp-image-983\" srcset=\"https:\/\/lesexplorateurscatalans.fr\/wp-content\/uploads\/2025\/06\/IMG_6102-1024x768.jpeg 1024w, https:\/\/lesexplorateurscatalans.fr\/wp-content\/uploads\/2025\/06\/IMG_6102-300x225.jpeg 300w, https:\/\/lesexplorateurscatalans.fr\/wp-content\/uploads\/2025\/06\/IMG_6102-768x576.jpeg 768w, https:\/\/lesexplorateurscatalans.fr\/wp-content\/uploads\/2025\/06\/IMG_6102-1536x1152.jpeg 1536w, https:\/\/lesexplorateurscatalans.fr\/wp-content\/uploads\/2025\/06\/IMG_6102-560x420.jpeg 560w, https:\/\/lesexplorateurscatalans.fr\/wp-content\/uploads\/2025\/06\/IMG_6102-80x60.jpeg 80w, https:\/\/lesexplorateurscatalans.fr\/wp-content\/uploads\/2025\/06\/IMG_6102-696x522.jpeg 696w, https:\/\/lesexplorateurscatalans.fr\/wp-content\/uploads\/2025\/06\/IMG_6102-1068x801.jpeg 1068w, https:\/\/lesexplorateurscatalans.fr\/wp-content\/uploads\/2025\/06\/IMG_6102-1920x1440.jpeg 1920w, https:\/\/lesexplorateurscatalans.fr\/wp-content\/uploads\/2025\/06\/IMG_6102-265x198.jpeg 265w, https:\/\/lesexplorateurscatalans.fr\/wp-content\/uploads\/2025\/06\/IMG_6102.jpeg 2048w\" sizes=\"auto, (max-width: 1024px) 100vw, 1024px\" \/><\/figure>\n\n\n\n<figure class=\"wp-block-image size-large\"><img loading=\"lazy\" decoding=\"async\" width=\"1024\" height=\"768\" data-id=\"984\" src=\"https:\/\/lesexplorateurscatalans.fr\/wp-content\/uploads\/2025\/06\/IMG_6088-1024x768.jpeg\" alt=\"\" class=\"wp-image-984\" srcset=\"https:\/\/lesexplorateurscatalans.fr\/wp-content\/uploads\/2025\/06\/IMG_6088-1024x768.jpeg 1024w, https:\/\/lesexplorateurscatalans.fr\/wp-content\/uploads\/2025\/06\/IMG_6088-300x225.jpeg 300w, https:\/\/lesexplorateurscatalans.fr\/wp-content\/uploads\/2025\/06\/IMG_6088-768x576.jpeg 768w, https:\/\/lesexplorateurscatalans.fr\/wp-content\/uploads\/2025\/06\/IMG_6088-1536x1152.jpeg 1536w, https:\/\/lesexplorateurscatalans.fr\/wp-content\/uploads\/2025\/06\/IMG_6088-560x420.jpeg 560w, https:\/\/lesexplorateurscatalans.fr\/wp-content\/uploads\/2025\/06\/IMG_6088-80x60.jpeg 80w, https:\/\/lesexplorateurscatalans.fr\/wp-content\/uploads\/2025\/06\/IMG_6088-696x522.jpeg 696w, https:\/\/lesexplorateurscatalans.fr\/wp-content\/uploads\/2025\/06\/IMG_6088-1068x801.jpeg 1068w, https:\/\/lesexplorateurscatalans.fr\/wp-content\/uploads\/2025\/06\/IMG_6088-1920x1440.jpeg 1920w, https:\/\/lesexplorateurscatalans.fr\/wp-content\/uploads\/2025\/06\/IMG_6088-265x198.jpeg 265w, https:\/\/lesexplorateurscatalans.fr\/wp-content\/uploads\/2025\/06\/IMG_6088.jpeg 2048w\" sizes=\"auto, (max-width: 1024px) 100vw, 1024px\" \/><\/figure>\n\n\n\n<figure class=\"wp-block-image size-large\"><img loading=\"lazy\" decoding=\"async\" width=\"768\" height=\"1024\" data-id=\"985\" src=\"https:\/\/lesexplorateurscatalans.fr\/wp-content\/uploads\/2025\/06\/IMG_6089-768x1024.jpeg\" alt=\"\" class=\"wp-image-985\" srcset=\"https:\/\/lesexplorateurscatalans.fr\/wp-content\/uploads\/2025\/06\/IMG_6089-768x1024.jpeg 768w, https:\/\/lesexplorateurscatalans.fr\/wp-content\/uploads\/2025\/06\/IMG_6089-225x300.jpeg 225w, https:\/\/lesexplorateurscatalans.fr\/wp-content\/uploads\/2025\/06\/IMG_6089-1152x1536.jpeg 1152w, https:\/\/lesexplorateurscatalans.fr\/wp-content\/uploads\/2025\/06\/IMG_6089-315x420.jpeg 315w, https:\/\/lesexplorateurscatalans.fr\/wp-content\/uploads\/2025\/06\/IMG_6089-696x928.jpeg 696w, https:\/\/lesexplorateurscatalans.fr\/wp-content\/uploads\/2025\/06\/IMG_6089-1068x1424.jpeg 1068w, https:\/\/lesexplorateurscatalans.fr\/wp-content\/uploads\/2025\/06\/IMG_6089.jpeg 1536w\" sizes=\"auto, (max-width: 768px) 100vw, 768px\" \/><\/figure>\n\n\n\n<figure class=\"wp-block-image size-large\"><img loading=\"lazy\" decoding=\"async\" width=\"768\" height=\"1024\" data-id=\"986\" src=\"https:\/\/lesexplorateurscatalans.fr\/wp-content\/uploads\/2025\/06\/IMG_6090-768x1024.jpeg\" alt=\"\" class=\"wp-image-986\" srcset=\"https:\/\/lesexplorateurscatalans.fr\/wp-content\/uploads\/2025\/06\/IMG_6090-768x1024.jpeg 768w, https:\/\/lesexplorateurscatalans.fr\/wp-content\/uploads\/2025\/06\/IMG_6090-225x300.jpeg 225w, https:\/\/lesexplorateurscatalans.fr\/wp-content\/uploads\/2025\/06\/IMG_6090-1152x1536.jpeg 1152w, https:\/\/lesexplorateurscatalans.fr\/wp-content\/uploads\/2025\/06\/IMG_6090-315x420.jpeg 315w, https:\/\/lesexplorateurscatalans.fr\/wp-content\/uploads\/2025\/06\/IMG_6090-696x928.jpeg 696w, https:\/\/lesexplorateurscatalans.fr\/wp-content\/uploads\/2025\/06\/IMG_6090-1068x1424.jpeg 1068w, https:\/\/lesexplorateurscatalans.fr\/wp-content\/uploads\/2025\/06\/IMG_6090.jpeg 1536w\" sizes=\"auto, (max-width: 768px) 100vw, 768px\" \/><\/figure>\n\n\n\n<figure class=\"wp-block-image size-large\"><img loading=\"lazy\" decoding=\"async\" width=\"1024\" height=\"768\" data-id=\"987\" src=\"https:\/\/lesexplorateurscatalans.fr\/wp-content\/uploads\/2025\/06\/IMG_6091-1024x768.jpeg\" alt=\"\" class=\"wp-image-987\" srcset=\"https:\/\/lesexplorateurscatalans.fr\/wp-content\/uploads\/2025\/06\/IMG_6091-1024x768.jpeg 1024w, https:\/\/lesexplorateurscatalans.fr\/wp-content\/uploads\/2025\/06\/IMG_6091-300x225.jpeg 300w, https:\/\/lesexplorateurscatalans.fr\/wp-content\/uploads\/2025\/06\/IMG_6091-768x576.jpeg 768w, https:\/\/lesexplorateurscatalans.fr\/wp-content\/uploads\/2025\/06\/IMG_6091-1536x1152.jpeg 1536w, https:\/\/lesexplorateurscatalans.fr\/wp-content\/uploads\/2025\/06\/IMG_6091-560x420.jpeg 560w, https:\/\/lesexplorateurscatalans.fr\/wp-content\/uploads\/2025\/06\/IMG_6091-80x60.jpeg 80w, https:\/\/lesexplorateurscatalans.fr\/wp-content\/uploads\/2025\/06\/IMG_6091-696x522.jpeg 696w, https:\/\/lesexplorateurscatalans.fr\/wp-content\/uploads\/2025\/06\/IMG_6091-1068x801.jpeg 1068w, https:\/\/lesexplorateurscatalans.fr\/wp-content\/uploads\/2025\/06\/IMG_6091-1920x1440.jpeg 1920w, https:\/\/lesexplorateurscatalans.fr\/wp-content\/uploads\/2025\/06\/IMG_6091-265x198.jpeg 265w, https:\/\/lesexplorateurscatalans.fr\/wp-content\/uploads\/2025\/06\/IMG_6091.jpeg 2048w\" sizes=\"auto, (max-width: 1024px) 100vw, 1024px\" \/><\/figure>\n\n\n\n<figure class=\"wp-block-image size-large\"><img loading=\"lazy\" decoding=\"async\" width=\"1024\" height=\"768\" data-id=\"988\" src=\"https:\/\/lesexplorateurscatalans.fr\/wp-content\/uploads\/2025\/06\/IMG_6096-1024x768.jpeg\" alt=\"\" class=\"wp-image-988\" srcset=\"https:\/\/lesexplorateurscatalans.fr\/wp-content\/uploads\/2025\/06\/IMG_6096-1024x768.jpeg 1024w, https:\/\/lesexplorateurscatalans.fr\/wp-content\/uploads\/2025\/06\/IMG_6096-300x225.jpeg 300w, https:\/\/lesexplorateurscatalans.fr\/wp-content\/uploads\/2025\/06\/IMG_6096-768x576.jpeg 768w, https:\/\/lesexplorateurscatalans.fr\/wp-content\/uploads\/2025\/06\/IMG_6096-1536x1152.jpeg 1536w, https:\/\/lesexplorateurscatalans.fr\/wp-content\/uploads\/2025\/06\/IMG_6096-560x420.jpeg 560w, https:\/\/lesexplorateurscatalans.fr\/wp-content\/uploads\/2025\/06\/IMG_6096-80x60.jpeg 80w, https:\/\/lesexplorateurscatalans.fr\/wp-content\/uploads\/2025\/06\/IMG_6096-696x522.jpeg 696w, https:\/\/lesexplorateurscatalans.fr\/wp-content\/uploads\/2025\/06\/IMG_6096-1068x801.jpeg 1068w, https:\/\/lesexplorateurscatalans.fr\/wp-content\/uploads\/2025\/06\/IMG_6096-1920x1440.jpeg 1920w, https:\/\/lesexplorateurscatalans.fr\/wp-content\/uploads\/2025\/06\/IMG_6096-265x198.jpeg 265w, https:\/\/lesexplorateurscatalans.fr\/wp-content\/uploads\/2025\/06\/IMG_6096.jpeg 2048w\" sizes=\"auto, (max-width: 1024px) 100vw, 1024px\" \/><\/figure>\n\n\n\n<figure class=\"wp-block-image size-large\"><img loading=\"lazy\" decoding=\"async\" width=\"1024\" height=\"768\" data-id=\"989\" src=\"https:\/\/lesexplorateurscatalans.fr\/wp-content\/uploads\/2025\/06\/IMG_6100-1024x768.jpeg\" alt=\"\" class=\"wp-image-989\" srcset=\"https:\/\/lesexplorateurscatalans.fr\/wp-content\/uploads\/2025\/06\/IMG_6100-1024x768.jpeg 1024w, https:\/\/lesexplorateurscatalans.fr\/wp-content\/uploads\/2025\/06\/IMG_6100-300x225.jpeg 300w, https:\/\/lesexplorateurscatalans.fr\/wp-content\/uploads\/2025\/06\/IMG_6100-768x576.jpeg 768w, https:\/\/lesexplorateurscatalans.fr\/wp-content\/uploads\/2025\/06\/IMG_6100-1536x1152.jpeg 1536w, https:\/\/lesexplorateurscatalans.fr\/wp-content\/uploads\/2025\/06\/IMG_6100-560x420.jpeg 560w, https:\/\/lesexplorateurscatalans.fr\/wp-content\/uploads\/2025\/06\/IMG_6100-80x60.jpeg 80w, https:\/\/lesexplorateurscatalans.fr\/wp-content\/uploads\/2025\/06\/IMG_6100-696x522.jpeg 696w, https:\/\/lesexplorateurscatalans.fr\/wp-content\/uploads\/2025\/06\/IMG_6100-1068x801.jpeg 1068w, https:\/\/lesexplorateurscatalans.fr\/wp-content\/uploads\/2025\/06\/IMG_6100-1920x1440.jpeg 1920w, https:\/\/lesexplorateurscatalans.fr\/wp-content\/uploads\/2025\/06\/IMG_6100-265x198.jpeg 265w, https:\/\/lesexplorateurscatalans.fr\/wp-content\/uploads\/2025\/06\/IMG_6100.jpeg 2048w\" sizes=\"auto, (max-width: 1024px) 100vw, 1024px\" \/><\/figure>\n<\/figure>\n","protected":false},"excerpt":{"rendered":"<p>Ce dimanche, on a d\u00e9cid\u00e9 de vivre une aventure sans pression : une journ\u00e9e d\u2019escalade d\u00e9butant dans le massif de la Clape. En effet, en famille et entre amis, nous avons pris la direction de ce bijou calcaire tourn\u00e9 vers la M\u00e9diterran\u00e9e. Ici, l\u2019ambiance est d\u00e9tendue, le soleil brille, et les falaises accueillent les grimpeurs [&hellip;]<\/p>\n","protected":false},"author":1,"featured_media":979,"comment_status":"open","ping_status":"open","sticky":false,"template":"","format":"standard","meta":{"tdm_status":"","tdm_grid_status":"","footnotes":""},"categories":[18],"tags":[200,192,199,198,196,193,197,42,190,70,195,191,194],"class_list":{"0":"post-973","1":"post","2":"type-post","3":"status-publish","4":"format-standard","5":"has-post-thumbnail","7":"category-escalade","8":"tag-decouverte-escalade","9":"tag-escalade-en-famille","10":"tag-escalade-loisir","11":"tag-falaise-occitanie","12":"tag-grimpe-enfants","13":"tag-grimpe-facile","14":"tag-journee-entre-amis","15":"tag-les-explorateurs-catalans","16":"tag-massif-de-la-clape","17":"tag-pyrenees-orientales","18":"tag-secteur-couleuvre","19":"tag-secteur-etorki","20":"tag-sortie-nature"},"yoast_head":"<!-- This site is optimized with the Yoast SEO plugin v26.5 - https:\/\/yoast.com\/wordpress\/plugins\/seo\/ -->\n<title>Escalade d\u00e9butant massif de la Clape : une journ\u00e9e familiale en pleine nature - Les Explorateurs Catalans<\/title>\n<meta name=\"description\" content=\"Escalade d\u00e9butant massif de la Clape : vivez une journ\u00e9e familiale entre falaises ensoleill\u00e9es, voies faciles et ambiance conviviale. Id\u00e9al pour d\u00e9buter.\" \/>\n<meta name=\"robots\" content=\"index, follow, max-snippet:-1, max-image-preview:large, max-video-preview:-1\" \/>\n<link rel=\"canonical\" href=\"https:\/\/lesexplorateurscatalans.fr\/index.php\/2025\/06\/14\/escalade-debutant-massif-de-la-clape\/\" \/>\n<meta property=\"og:locale\" content=\"fr_FR\" \/>\n<meta property=\"og:type\" content=\"article\" \/>\n<meta property=\"og:title\" content=\"Escalade d\u00e9butant massif de la Clape : une journ\u00e9e familiale en pleine nature - Les Explorateurs Catalans\" \/>\n<meta property=\"og:description\" content=\"Escalade d\u00e9butant massif de la Clape : vivez une journ\u00e9e familiale entre falaises ensoleill\u00e9es, voies faciles et ambiance conviviale. Id\u00e9al pour d\u00e9buter.\" \/>\n<meta property=\"og:url\" content=\"https:\/\/lesexplorateurscatalans.fr\/index.php\/2025\/06\/14\/escalade-debutant-massif-de-la-clape\/\" \/>\n<meta property=\"og:site_name\" content=\"Les Explorateurs Catalans\" \/>\n<meta property=\"article:publisher\" content=\"https:\/\/www.facebook.com\/lesexplorateurscatalans\" \/>\n<meta property=\"article:author\" content=\"https:\/\/www.facebook.com\/lesexplorateurscatalans\" \/>\n<meta property=\"article:published_time\" content=\"2025-06-14T08:33:01+00:00\" \/>\n<meta property=\"article:modified_time\" content=\"2025-06-21T08:25:05+00:00\" \/>\n<meta property=\"og:image\" content=\"https:\/\/lesexplorateurscatalans.fr\/wp-content\/uploads\/2025\/06\/IMG_6084.jpeg\" \/>\n\t<meta property=\"og:image:width\" content=\"1536\" \/>\n\t<meta property=\"og:image:height\" content=\"2048\" \/>\n\t<meta property=\"og:image:type\" content=\"image\/jpeg\" \/>\n<meta name=\"author\" content=\"Les Explorateurs Catalans\" \/>\n<meta name=\"twitter:card\" content=\"summary_large_image\" \/>\n<meta name=\"twitter:label1\" content=\"\u00c9crit par\" \/>\n\t<meta name=\"twitter:data1\" content=\"Les Explorateurs Catalans\" \/>\n\t<meta name=\"twitter:label2\" content=\"Dur\u00e9e de lecture estim\u00e9e\" \/>\n\t<meta name=\"twitter:data2\" content=\"6 minutes\" \/>\n<script type=\"application\/ld+json\" class=\"yoast-schema-graph\">{\"@context\":\"https:\/\/schema.org\",\"@graph\":[{\"@type\":\"Article\",\"@id\":\"https:\/\/lesexplorateurscatalans.fr\/index.php\/2025\/06\/14\/escalade-debutant-massif-de-la-clape\/#article\",\"isPartOf\":{\"@id\":\"https:\/\/lesexplorateurscatalans.fr\/index.php\/2025\/06\/14\/escalade-debutant-massif-de-la-clape\/\"},\"author\":{\"name\":\"Les Explorateurs Catalans\",\"@id\":\"https:\/\/lesexplorateurscatalans.fr\/#\/schema\/person\/0f91d5fd7188c18ca62f2ea37a0f7d02\"},\"headline\":\"Escalade d\u00e9butant massif de la Clape : une journ\u00e9e familiale en pleine nature\",\"datePublished\":\"2025-06-14T08:33:01+00:00\",\"dateModified\":\"2025-06-21T08:25:05+00:00\",\"mainEntityOfPage\":{\"@id\":\"https:\/\/lesexplorateurscatalans.fr\/index.php\/2025\/06\/14\/escalade-debutant-massif-de-la-clape\/\"},\"wordCount\":552,\"commentCount\":0,\"publisher\":{\"@id\":\"https:\/\/lesexplorateurscatalans.fr\/#organization\"},\"image\":{\"@id\":\"https:\/\/lesexplorateurscatalans.fr\/index.php\/2025\/06\/14\/escalade-debutant-massif-de-la-clape\/#primaryimage\"},\"thumbnailUrl\":\"https:\/\/lesexplorateurscatalans.fr\/wp-content\/uploads\/2025\/06\/IMG_6084.jpeg\",\"keywords\":[\"d\u00e9couverte escalade\",\"escalade en famille\",\"escalade loisir\",\"falaise Occitanie\",\"grimpe enfants\",\"grimpe facile\",\"journ\u00e9e entre amis\",\"Les Explorateurs Catalans\",\"massif de la Clape\",\"Pyr\u00e9n\u00e9es-Orientales\",\"secteur Couleuvre\",\"secteur Etorki\",\"sortie nature\"],\"articleSection\":[\"escalade\"],\"inLanguage\":\"fr-FR\",\"potentialAction\":[{\"@type\":\"CommentAction\",\"name\":\"Comment\",\"target\":[\"https:\/\/lesexplorateurscatalans.fr\/index.php\/2025\/06\/14\/escalade-debutant-massif-de-la-clape\/#respond\"]}]},{\"@type\":\"WebPage\",\"@id\":\"https:\/\/lesexplorateurscatalans.fr\/index.php\/2025\/06\/14\/escalade-debutant-massif-de-la-clape\/\",\"url\":\"https:\/\/lesexplorateurscatalans.fr\/index.php\/2025\/06\/14\/escalade-debutant-massif-de-la-clape\/\",\"name\":\"Escalade d\u00e9butant massif de la Clape : une journ\u00e9e familiale en pleine nature - Les Explorateurs Catalans\",\"isPartOf\":{\"@id\":\"https:\/\/lesexplorateurscatalans.fr\/#website\"},\"primaryImageOfPage\":{\"@id\":\"https:\/\/lesexplorateurscatalans.fr\/index.php\/2025\/06\/14\/escalade-debutant-massif-de-la-clape\/#primaryimage\"},\"image\":{\"@id\":\"https:\/\/lesexplorateurscatalans.fr\/index.php\/2025\/06\/14\/escalade-debutant-massif-de-la-clape\/#primaryimage\"},\"thumbnailUrl\":\"https:\/\/lesexplorateurscatalans.fr\/wp-content\/uploads\/2025\/06\/IMG_6084.jpeg\",\"datePublished\":\"2025-06-14T08:33:01+00:00\",\"dateModified\":\"2025-06-21T08:25:05+00:00\",\"description\":\"Escalade d\u00e9butant massif de la Clape : vivez une journ\u00e9e familiale entre falaises ensoleill\u00e9es, voies faciles et ambiance conviviale. Id\u00e9al pour d\u00e9buter.\",\"breadcrumb\":{\"@id\":\"https:\/\/lesexplorateurscatalans.fr\/index.php\/2025\/06\/14\/escalade-debutant-massif-de-la-clape\/#breadcrumb\"},\"inLanguage\":\"fr-FR\",\"potentialAction\":[{\"@type\":\"ReadAction\",\"target\":[\"https:\/\/lesexplorateurscatalans.fr\/index.php\/2025\/06\/14\/escalade-debutant-massif-de-la-clape\/\"]}]},{\"@type\":\"ImageObject\",\"inLanguage\":\"fr-FR\",\"@id\":\"https:\/\/lesexplorateurscatalans.fr\/index.php\/2025\/06\/14\/escalade-debutant-massif-de-la-clape\/#primaryimage\",\"url\":\"https:\/\/lesexplorateurscatalans.fr\/wp-content\/uploads\/2025\/06\/IMG_6084.jpeg\",\"contentUrl\":\"https:\/\/lesexplorateurscatalans.fr\/wp-content\/uploads\/2025\/06\/IMG_6084.jpeg\",\"width\":1536,\"height\":2048},{\"@type\":\"BreadcrumbList\",\"@id\":\"https:\/\/lesexplorateurscatalans.fr\/index.php\/2025\/06\/14\/escalade-debutant-massif-de-la-clape\/#breadcrumb\",\"itemListElement\":[{\"@type\":\"ListItem\",\"position\":1,\"name\":\"Accueil\",\"item\":\"https:\/\/lesexplorateurscatalans.fr\/\"},{\"@type\":\"ListItem\",\"position\":2,\"name\":\"Escalade d\u00e9butant massif de la Clape : une journ\u00e9e familiale en pleine nature\"}]},{\"@type\":\"WebSite\",\"@id\":\"https:\/\/lesexplorateurscatalans.fr\/#website\",\"url\":\"https:\/\/lesexplorateurscatalans.fr\/\",\"name\":\"Les Explorateurs Catalans\",\"description\":\"Les Explorateurs Catalans : Votre boussole pour l&#039;aventure.\",\"publisher\":{\"@id\":\"https:\/\/lesexplorateurscatalans.fr\/#organization\"},\"alternateName\":\"LEC\",\"potentialAction\":[{\"@type\":\"SearchAction\",\"target\":{\"@type\":\"EntryPoint\",\"urlTemplate\":\"https:\/\/lesexplorateurscatalans.fr\/?s={search_term_string}\"},\"query-input\":{\"@type\":\"PropertyValueSpecification\",\"valueRequired\":true,\"valueName\":\"search_term_string\"}}],\"inLanguage\":\"fr-FR\"},{\"@type\":\"Organization\",\"@id\":\"https:\/\/lesexplorateurscatalans.fr\/#organization\",\"name\":\"Les Explorateurs Catalans\",\"alternateName\":\"LEC\",\"url\":\"https:\/\/lesexplorateurscatalans.fr\/\",\"logo\":{\"@type\":\"ImageObject\",\"inLanguage\":\"fr-FR\",\"@id\":\"https:\/\/lesexplorateurscatalans.fr\/#\/schema\/logo\/image\/\",\"url\":\"https:\/\/lesexplorateurscatalans.fr\/wp-content\/uploads\/2024\/04\/DALL_E-2024-02-19-13.15-removebg-preview.png\",\"contentUrl\":\"https:\/\/lesexplorateurscatalans.fr\/wp-content\/uploads\/2024\/04\/DALL_E-2024-02-19-13.15-removebg-preview.png\",\"width\":500,\"height\":500,\"caption\":\"Les Explorateurs Catalans\"},\"image\":{\"@id\":\"https:\/\/lesexplorateurscatalans.fr\/#\/schema\/logo\/image\/\"},\"sameAs\":[\"https:\/\/www.facebook.com\/lesexplorateurscatalans\",\"https:\/\/www.relive.cc\/profile\/niko660\"]},{\"@type\":\"Person\",\"@id\":\"https:\/\/lesexplorateurscatalans.fr\/#\/schema\/person\/0f91d5fd7188c18ca62f2ea37a0f7d02\",\"name\":\"Les Explorateurs Catalans\",\"image\":{\"@type\":\"ImageObject\",\"inLanguage\":\"fr-FR\",\"@id\":\"https:\/\/lesexplorateurscatalans.fr\/#\/schema\/person\/image\/\",\"url\":\"https:\/\/secure.gravatar.com\/avatar\/c657c225e0e21288bc03d7987bc3f3fa29636fd30a0946eb26df26acf6876aa1?s=96&d=mm&r=g\",\"contentUrl\":\"https:\/\/secure.gravatar.com\/avatar\/c657c225e0e21288bc03d7987bc3f3fa29636fd30a0946eb26df26acf6876aa1?s=96&d=mm&r=g\",\"caption\":\"Les Explorateurs Catalans\"},\"sameAs\":[\"https:\/\/www.lesexplorateurscatalans.fr\/\",\"https:\/\/www.facebook.com\/lesexplorateurscatalans\"],\"url\":\"https:\/\/lesexplorateurscatalans.fr\/index.php\/author\/admin\/\"}]}<\/script>\n<!-- \/ Yoast SEO plugin. -->","yoast_head_json":{"title":"Escalade d\u00e9butant massif de la Clape : une journ\u00e9e familiale en pleine nature - Les Explorateurs Catalans","description":"Escalade d\u00e9butant massif de la Clape : vivez une journ\u00e9e familiale entre falaises ensoleill\u00e9es, voies faciles et ambiance conviviale. Id\u00e9al pour d\u00e9buter.","robots":{"index":"index","follow":"follow","max-snippet":"max-snippet:-1","max-image-preview":"max-image-preview:large","max-video-preview":"max-video-preview:-1"},"canonical":"https:\/\/lesexplorateurscatalans.fr\/index.php\/2025\/06\/14\/escalade-debutant-massif-de-la-clape\/","og_locale":"fr_FR","og_type":"article","og_title":"Escalade d\u00e9butant massif de la Clape : une journ\u00e9e familiale en pleine nature - Les Explorateurs Catalans","og_description":"Escalade d\u00e9butant massif de la Clape : vivez une journ\u00e9e familiale entre falaises ensoleill\u00e9es, voies faciles et ambiance conviviale. Id\u00e9al pour d\u00e9buter.","og_url":"https:\/\/lesexplorateurscatalans.fr\/index.php\/2025\/06\/14\/escalade-debutant-massif-de-la-clape\/","og_site_name":"Les Explorateurs Catalans","article_publisher":"https:\/\/www.facebook.com\/lesexplorateurscatalans","article_author":"https:\/\/www.facebook.com\/lesexplorateurscatalans","article_published_time":"2025-06-14T08:33:01+00:00","article_modified_time":"2025-06-21T08:25:05+00:00","og_image":[{"width":1536,"height":2048,"url":"https:\/\/lesexplorateurscatalans.fr\/wp-content\/uploads\/2025\/06\/IMG_6084.jpeg","type":"image\/jpeg"}],"author":"Les Explorateurs Catalans","twitter_card":"summary_large_image","twitter_misc":{"\u00c9crit par":"Les Explorateurs Catalans","Dur\u00e9e de lecture estim\u00e9e":"6 minutes"},"schema":{"@context":"https:\/\/schema.org","@graph":[{"@type":"Article","@id":"https:\/\/lesexplorateurscatalans.fr\/index.php\/2025\/06\/14\/escalade-debutant-massif-de-la-clape\/#article","isPartOf":{"@id":"https:\/\/lesexplorateurscatalans.fr\/index.php\/2025\/06\/14\/escalade-debutant-massif-de-la-clape\/"},"author":{"name":"Les Explorateurs Catalans","@id":"https:\/\/lesexplorateurscatalans.fr\/#\/schema\/person\/0f91d5fd7188c18ca62f2ea37a0f7d02"},"headline":"Escalade d\u00e9butant massif de la Clape : une journ\u00e9e familiale en pleine nature","datePublished":"2025-06-14T08:33:01+00:00","dateModified":"2025-06-21T08:25:05+00:00","mainEntityOfPage":{"@id":"https:\/\/lesexplorateurscatalans.fr\/index.php\/2025\/06\/14\/escalade-debutant-massif-de-la-clape\/"},"wordCount":552,"commentCount":0,"publisher":{"@id":"https:\/\/lesexplorateurscatalans.fr\/#organization"},"image":{"@id":"https:\/\/lesexplorateurscatalans.fr\/index.php\/2025\/06\/14\/escalade-debutant-massif-de-la-clape\/#primaryimage"},"thumbnailUrl":"https:\/\/lesexplorateurscatalans.fr\/wp-content\/uploads\/2025\/06\/IMG_6084.jpeg","keywords":["d\u00e9couverte escalade","escalade en famille","escalade loisir","falaise Occitanie","grimpe enfants","grimpe facile","journ\u00e9e entre amis","Les Explorateurs Catalans","massif de la Clape","Pyr\u00e9n\u00e9es-Orientales","secteur Couleuvre","secteur Etorki","sortie nature"],"articleSection":["escalade"],"inLanguage":"fr-FR","potentialAction":[{"@type":"CommentAction","name":"Comment","target":["https:\/\/lesexplorateurscatalans.fr\/index.php\/2025\/06\/14\/escalade-debutant-massif-de-la-clape\/#respond"]}]},{"@type":"WebPage","@id":"https:\/\/lesexplorateurscatalans.fr\/index.php\/2025\/06\/14\/escalade-debutant-massif-de-la-clape\/","url":"https:\/\/lesexplorateurscatalans.fr\/index.php\/2025\/06\/14\/escalade-debutant-massif-de-la-clape\/","name":"Escalade d\u00e9butant massif de la Clape : une journ\u00e9e familiale en pleine nature - Les Explorateurs Catalans","isPartOf":{"@id":"https:\/\/lesexplorateurscatalans.fr\/#website"},"primaryImageOfPage":{"@id":"https:\/\/lesexplorateurscatalans.fr\/index.php\/2025\/06\/14\/escalade-debutant-massif-de-la-clape\/#primaryimage"},"image":{"@id":"https:\/\/lesexplorateurscatalans.fr\/index.php\/2025\/06\/14\/escalade-debutant-massif-de-la-clape\/#primaryimage"},"thumbnailUrl":"https:\/\/lesexplorateurscatalans.fr\/wp-content\/uploads\/2025\/06\/IMG_6084.jpeg","datePublished":"2025-06-14T08:33:01+00:00","dateModified":"2025-06-21T08:25:05+00:00","description":"Escalade d\u00e9butant massif de la Clape : vivez une journ\u00e9e familiale entre falaises ensoleill\u00e9es, voies faciles et ambiance conviviale. Id\u00e9al pour d\u00e9buter.","breadcrumb":{"@id":"https:\/\/lesexplorateurscatalans.fr\/index.php\/2025\/06\/14\/escalade-debutant-massif-de-la-clape\/#breadcrumb"},"inLanguage":"fr-FR","potentialAction":[{"@type":"ReadAction","target":["https:\/\/lesexplorateurscatalans.fr\/index.php\/2025\/06\/14\/escalade-debutant-massif-de-la-clape\/"]}]},{"@type":"ImageObject","inLanguage":"fr-FR","@id":"https:\/\/lesexplorateurscatalans.fr\/index.php\/2025\/06\/14\/escalade-debutant-massif-de-la-clape\/#primaryimage","url":"https:\/\/lesexplorateurscatalans.fr\/wp-content\/uploads\/2025\/06\/IMG_6084.jpeg","contentUrl":"https:\/\/lesexplorateurscatalans.fr\/wp-content\/uploads\/2025\/06\/IMG_6084.jpeg","width":1536,"height":2048},{"@type":"BreadcrumbList","@id":"https:\/\/lesexplorateurscatalans.fr\/index.php\/2025\/06\/14\/escalade-debutant-massif-de-la-clape\/#breadcrumb","itemListElement":[{"@type":"ListItem","position":1,"name":"Accueil","item":"https:\/\/lesexplorateurscatalans.fr\/"},{"@type":"ListItem","position":2,"name":"Escalade d\u00e9butant massif de la Clape : une journ\u00e9e familiale en pleine nature"}]},{"@type":"WebSite","@id":"https:\/\/lesexplorateurscatalans.fr\/#website","url":"https:\/\/lesexplorateurscatalans.fr\/","name":"Les Explorateurs Catalans","description":"Les Explorateurs Catalans : Votre boussole pour l&#039;aventure.","publisher":{"@id":"https:\/\/lesexplorateurscatalans.fr\/#organization"},"alternateName":"LEC","potentialAction":[{"@type":"SearchAction","target":{"@type":"EntryPoint","urlTemplate":"https:\/\/lesexplorateurscatalans.fr\/?s={search_term_string}"},"query-input":{"@type":"PropertyValueSpecification","valueRequired":true,"valueName":"search_term_string"}}],"inLanguage":"fr-FR"},{"@type":"Organization","@id":"https:\/\/lesexplorateurscatalans.fr\/#organization","name":"Les Explorateurs Catalans","alternateName":"LEC","url":"https:\/\/lesexplorateurscatalans.fr\/","logo":{"@type":"ImageObject","inLanguage":"fr-FR","@id":"https:\/\/lesexplorateurscatalans.fr\/#\/schema\/logo\/image\/","url":"https:\/\/lesexplorateurscatalans.fr\/wp-content\/uploads\/2024\/04\/DALL_E-2024-02-19-13.15-removebg-preview.png","contentUrl":"https:\/\/lesexplorateurscatalans.fr\/wp-content\/uploads\/2024\/04\/DALL_E-2024-02-19-13.15-removebg-preview.png","width":500,"height":500,"caption":"Les Explorateurs Catalans"},"image":{"@id":"https:\/\/lesexplorateurscatalans.fr\/#\/schema\/logo\/image\/"},"sameAs":["https:\/\/www.facebook.com\/lesexplorateurscatalans","https:\/\/www.relive.cc\/profile\/niko660"]},{"@type":"Person","@id":"https:\/\/lesexplorateurscatalans.fr\/#\/schema\/person\/0f91d5fd7188c18ca62f2ea37a0f7d02","name":"Les Explorateurs Catalans","image":{"@type":"ImageObject","inLanguage":"fr-FR","@id":"https:\/\/lesexplorateurscatalans.fr\/#\/schema\/person\/image\/","url":"https:\/\/secure.gravatar.com\/avatar\/c657c225e0e21288bc03d7987bc3f3fa29636fd30a0946eb26df26acf6876aa1?s=96&d=mm&r=g","contentUrl":"https:\/\/secure.gravatar.com\/avatar\/c657c225e0e21288bc03d7987bc3f3fa29636fd30a0946eb26df26acf6876aa1?s=96&d=mm&r=g","caption":"Les Explorateurs Catalans"},"sameAs":["https:\/\/www.lesexplorateurscatalans.fr\/","https:\/\/www.facebook.com\/lesexplorateurscatalans"],"url":"https:\/\/lesexplorateurscatalans.fr\/index.php\/author\/admin\/"}]}},"amp_enabled":true,"_links":{"self":[{"href":"https:\/\/lesexplorateurscatalans.fr\/index.php\/wp-json\/wp\/v2\/posts\/973","targetHints":{"allow":["GET"]}}],"collection":[{"href":"https:\/\/lesexplorateurscatalans.fr\/index.php\/wp-json\/wp\/v2\/posts"}],"about":[{"href":"https:\/\/lesexplorateurscatalans.fr\/index.php\/wp-json\/wp\/v2\/types\/post"}],"author":[{"embeddable":true,"href":"https:\/\/lesexplorateurscatalans.fr\/index.php\/wp-json\/wp\/v2\/users\/1"}],"replies":[{"embeddable":true,"href":"https:\/\/lesexplorateurscatalans.fr\/index.php\/wp-json\/wp\/v2\/comments?post=973"}],"version-history":[{"count":3,"href":"https:\/\/lesexplorateurscatalans.fr\/index.php\/wp-json\/wp\/v2\/posts\/973\/revisions"}],"predecessor-version":[{"id":1012,"href":"https:\/\/lesexplorateurscatalans.fr\/index.php\/wp-json\/wp\/v2\/posts\/973\/revisions\/1012"}],"wp:featuredmedia":[{"embeddable":true,"href":"https:\/\/lesexplorateurscatalans.fr\/index.php\/wp-json\/wp\/v2\/media\/979"}],"wp:attachment":[{"href":"https:\/\/lesexplorateurscatalans.fr\/index.php\/wp-json\/wp\/v2\/media?parent=973"}],"wp:term":[{"taxonomy":"category","embeddable":true,"href":"https:\/\/lesexplorateurscatalans.fr\/index.php\/wp-json\/wp\/v2\/categories?post=973"},{"taxonomy":"post_tag","embeddable":true,"href":"https:\/\/lesexplorateurscatalans.fr\/index.php\/wp-json\/wp\/v2\/tags?post=973"}],"curies":[{"name":"wp","href":"https:\/\/api.w.org\/{rel}","templated":true}]}}